{"id":161786,"date":"2022-11-03T10:18:19","date_gmt":"2022-11-03T06:18:19","guid":{"rendered":""},"modified":"-0001-11-30T00:00:00","modified_gmt":"-0001-11-29T20:00:00","slug":"","status":"publish","type":"post","link":"https:\/\/ucnoqta.az\/?p=161786","title":{"rendered":"\u201c\u015eu\u015fa Z\u0259f\u0259r Layih\u0259si\u201d t\u0259qdim olundu &#8211;<font color=red><b> FOTO<\/b><\/font>"},"content":{"rendered":"<p><strong>Diasporla \u0130\u015f &uuml;zr\u0259 D&ouml;vl\u0259t Komit\u0259si 8 Noyabr &#8211; Z\u0259f\u0259r G&uuml;n&uuml; m&uuml;nasib\u0259til\u0259 &quot;\u015eu\u015fa Z\u0259f\u0259r Layih\u0259si&rdquo;ni t\u0259qdim edib.<\/strong><\/p>\n<p>Ucnoqta.az x\u0259b\u0259r verir ki, d&ouml;vl\u0259t v\u0259 h&ouml;kum\u0259t n&uuml;may\u0259nd\u0259l\u0259rinin, mill\u0259t v\u0259kill\u0259ri v\u0259 ziyal\u0131lar\u0131n qat\u0131ld\u0131\u011f\u0131 t\u0259dbirin i\u015ftirak&ccedil;\u0131lar\u0131 \u0259vv\u0259lc\u0259 torpaqlar\u0131m\u0131z\u0131n azadl\u0131\u011f\u0131 v\u0259 \u0259razi b&uuml;t&ouml;vl&uuml;y&uuml; u\u011frunda can\u0131ndan ke&ccedil;\u0259n \u015f\u0259hidl\u0259rin \u0259ziz xatir\u0259sini bir d\u0259qiq\u0259lik s&uuml;kutla yad edibl\u0259r.<\/p>\n<p>Daha sonra qonaqlara Az\u0259rbaycan Diasporuna D\u0259st\u0259k Fondu v\u0259 \u015eu\u015fa \u015e\u0259h\u0259ri D&ouml;vl\u0259t Qoru\u011fu \u0130dar\u0259sinin birg\u0259 d\u0259st\u0259yi il\u0259 \u0259rs\u0259y\u0259 g\u0259l\u0259n, m\u0259d\u0259niyy\u0259t paytaxt\u0131m\u0131z \u015eu\u015fada h\u0259yata ke&ccedil;iril\u0259n &ldquo;\u015eu\u015fa Z\u0259f\u0259r Layih\u0259si&rdquo; bar\u0259d\u0259 \u0259trafl\u0131 m\u0259lumat verilib. Fondun icra&ccedil;\u0131 direktoru \u018fkr\u0259m Abdullayev bildirib ki, layih\u0259 &ldquo;\u015eu\u015fa ili&rdquo; &ccedil;\u0259r&ccedil;iv\u0259sind\u0259 v\u0259 Z\u0259f\u0259r G&uuml;n&uuml; m&uuml;nasib\u0259til\u0259 h\u0259yata ke&ccedil;irilib, onun t\u0259\u015f\u0259bb&uuml;skar\u0131 is\u0259 San-Fransisko D&uuml;nya Musiqi Festival\u0131n\u0131n musiqi direktoru, AB\u015e-\u0131n tan\u0131nm\u0131\u015f universitetl\u0259rind\u0259 ustad d\u0259rsl\u0259ri ke&ccedil;\u0259n, Az\u0259rbaycan musiqisini v\u0259 kaman&ccedil;an\u0131 xaricd\u0259 t\u0259bli\u011f ed\u0259n \u0130mamyar H\u0259s\u0259novdur. Layih\u0259d\u0259 dahi b\u0259st\u0259kar\u0131m\u0131z &Uuml;zeyir Hac\u0131b\u0259ylinin, Vasif Ad\u0131g&ouml;z\u0259lovun \u0259s\u0259rl\u0259rin\u0259 v\u0259 bir s\u0131ra milli musiqi kompozisiyalar\u0131na m&uuml;raci\u0259t olunub, h\u0259min \u0259s\u0259rl\u0259r \u0130.H\u0259s\u0259novun m\u0259har\u0259tli ifas\u0131 il\u0259 t\u0259qdim olunub.<\/p>\n<p>\u0130mamyar H\u0259s\u0259nov &ccedil;\u0131x\u0131\u015f\u0131nda xaricd\u0259 ya\u015fayan az\u0259rbaycanl\u0131 musiqi&ccedil;i kimi Az\u0259rbaycan d&ouml;vl\u0259tinin d\u0259st\u0259yini h\u0259mi\u015f\u0259 &uuml;z\u0259rind\u0259 hiss etdiyini bildirib v\u0259 buna g&ouml;r\u0259 Prezident \u0130lham \u018fliyev\u0259 t\u0259\u015f\u0259kk&uuml;r edib. O, \u015eu\u015fan\u0131n Az\u0259rbaycan xalq\u0131 &uuml;&ccedil;&uuml;n m&uuml;st\u0259sna m\u0259n\u0259vi d\u0259y\u0259r\u0259 malik oldu\u011funu v\u0259 bel\u0259 bir layih\u0259nin onun yarad\u0131c\u0131l\u0131\u011f\u0131nda parlaq s\u0259hif\u0259y\u0259 &ccedil;evrildiyini qeyd edib.<br \/>\n\u015eu\u015fa \u015e\u0259h\u0259ri D&ouml;vl\u0259t Qoru\u011fu \u0130dar\u0259sinin n&uuml;may\u0259nd\u0259si Elmira F\u0259rz\u0259liyeva Diasporla \u0130\u015f &uuml;zr\u0259 D&ouml;vl\u0259t Komit\u0259sin\u0259 v\u0259 Az\u0259rbaycan Diasporuna D\u0259st\u0259k Fonduna s\u0259m\u0259r\u0259li \u0259m\u0259kda\u015fl\u0131q &uuml;&ccedil;&uuml;n minn\u0259tdarl\u0131q edib.<\/p>\n<p>Qonaqlar &quot;\u015eu\u015fa Z\u0259f\u0259r Layih\u0259si&rdquo; adl\u0131 musiqi albomunu izl\u0259dikd\u0259n sonra &ccedil;\u0131x\u0131\u015f ed\u0259n Diasporla \u0130\u015f &uuml;zr\u0259 D&ouml;vl\u0259t Komit\u0259sinin s\u0259dri Fuad Muradov &ldquo;\u015eu\u015fa ili&rdquo; &ccedil;\u0259r&ccedil;iv\u0259sind\u0259 v\u0259 Z\u0259f\u0259r G&uuml;n&uuml; m&uuml;nasib\u0259til\u0259 d&uuml;nya az\u0259rbaycanl\u0131lar\u0131n\u0131n h\u0259yata ke&ccedil;irdiyi layih\u0259l\u0259rin \u0259h\u0259miyy\u0259tind\u0259n dan\u0131\u015f\u0131b. Bildirib ki, d&uuml;nya az\u0259rbaycanl\u0131lar\u0131 h\u0259r zaman &ouml;lk\u0259mizin v\u0259 Ali Ba\u015f Komandan\u0131n yan\u0131ndad\u0131rlar, beyn\u0259lxalq m&uuml;st\u0259vil\u0259rd\u0259 haqq s\u0259simizin daha ucadan e\u015fidilm\u0259sin\u0259 t&ouml;hf\u0259l\u0259rini verirl\u0259r. &ldquo;Xaricd\u0259 ya\u015fayan az\u0259rbaycanl\u0131lar &uuml;&ccedil;&uuml;n \u0259sas prinsip Az\u0259rbaycan\u0131n m&uuml;st\u0259qilliyidir. M&uuml;st\u0259qilliyimizi is\u0259 n\u0259 sa\u011fdan, n\u0259 d\u0259 soldan kims\u0259 t\u0259hdid ed\u0259 bilm\u0259z&rdquo; &ndash; dey\u0259n Komit\u0259 s\u0259dri xaricd\u0259ki icmalar\u0131m\u0131z\u0131n u\u011furlu m\u0259d\u0259niyy\u0259t layih\u0259l\u0259ri bar\u0259d\u0259 m\u0259lumat verib, \u0130mamyar H\u0259s\u0259novun timsal\u0131nda onlar\u0131n Qaraba\u011fla ba\u011fl\u0131 f\u0259aliyy\u0259tl\u0259rini y&uuml;ks\u0259k qiym\u0259tl\u0259ndirib. Eyni zamanda komit\u0259nin layih\u0259l\u0259rin\u0259 h\u0259r zaman d\u0259st\u0259k g&ouml;st\u0259r\u0259n m&uuml;vafiq d&ouml;vl\u0259t qurumlar\u0131na v\u0259 Heyd\u0259r \u018fliyev Fonduna t\u0259\u015f\u0259kk&uuml;r edib.<\/p>\n<p>Milli M\u0259clisin s\u0259dr m&uuml;avini F\u0259zail \u0130brahimli 44 g&uuml;nl&uuml;k V\u0259t\u0259n m&uuml;harib\u0259si zaman\u0131 Az\u0259rbaycan Ordusunun &ldquo;B&ouml;y&uuml;k Erm\u0259nistan&rdquo; ideologiyas\u0131n\u0131 darmada\u011f\u0131n etdiyini deyib v\u0259 bunun \u0259h\u0259miyy\u0259tind\u0259n s&ouml;z a&ccedil;\u0131b.<\/p>\n<p>Milli M\u0259clisin deputat\u0131, b\u0259st\u0259kar Novruz Aslan &ldquo;\u015eu\u015fa Z\u0259f\u0259r Layih\u0259si&rdquo;nin d&uuml;nya ictimaiyy\u0259tinin Az\u0259rbaycan h\u0259qiq\u0259tl\u0259ri, el\u0259c\u0259 d\u0259 z\u0259ngin m\u0259d\u0259niyy\u0259timizl\u0259 ba\u011fl\u0131 m\u0259lumatland\u0131lr\u0131lmas\u0131 &uuml;&ccedil;&uuml;n \u0259v\u0259zsiz vasit\u0259 oldu\u011funu vur\u011fulay\u0131b.<\/p>\n<p>Az\u0259rbaycan\u0131n \u0259m\u0259kdar inc\u0259s\u0259n\u0259t xadimi, b\u0259st\u0259kar Cavan\u015fir Quliyev \u0130mamyar H\u0259s\u0259nova yarad\u0131c\u0131l\u0131q u\u011furlar\u0131 arzulay\u0131b.<br \/>\n\u015eu\u015fan\u0131n Az\u0259rbaycan tarixind\u0259ki rolundan b\u0259hs ed\u0259n \u0259m\u0259kdar elm xadimi, tarix elml\u0259ri doktoru, professor Solmaz Tohidi-R&uuml;st\u0259mova qeyd edib ki, Az\u0259rbaycan musiqisi &ouml;lk\u0259mizi d&uuml;nyada tan\u0131dan brendl\u0259rd\u0259n biridir.&nbsp;<\/p>\n<p>Az\u0259rbaycan\u0131n Milli Q\u0259hr\u0259man\u0131 \u015eirin Mirz\u0259yevin h\u0259yat yolda\u015f\u0131 Flora Qas\u0131mova V\u0259t\u0259n m&uuml;harib\u0259sind\u0259ki tarixi Z\u0259f\u0259rin Az\u0259rbaycan xalq\u0131n\u0131 birl\u0259\u015fdirdiyini v\u0259 Birinci Qaraba\u011f m&uuml;harib\u0259sind\u0259ki \u015f\u0259hidl\u0259rimizin qisas\u0131n\u0131n al\u0131nmas\u0131 il\u0259 n\u0259tic\u0259l\u0259ndiyini vur\u011fulay\u0131b.<\/p>\n<p>\u0130r\u0259van D&ouml;vl\u0259t Az\u0259rbaycan Dram Teatr\u0131n\u0131n direktoru \u0130ftixar Piriyev &ldquo;\u015eu\u015fa Z\u0259f\u0259r Layih\u0259si&rdquo;ni b&ouml;y&uuml;k m\u0259d\u0259niyy\u0259t hadis\u0259si adland\u0131r\u0131b.<\/p>\n","protected":false},"excerpt":{"rendered":"<p>Diasporla \u0130\u015f &uuml;zr\u0259 D&ouml;vl\u0259t Komit\u0259si 8 Noyabr &#8211; Z\u0259f\u0259r G&uuml;n&uuml; m&uuml;nasib\u0259til\u0259 &quot;\u015eu\u015fa Z\u0259f\u0259r Layih\u0259si&rdquo;ni t\u0259qdim edib. Ucnoqta.az x\u0259b\u0259r verir ki, d&ouml;vl\u0259t v\u0259 h&ouml;kum\u0259t n&uuml;may\u0259nd\u0259l\u0259rinin, mill\u0259t v\u0259kill\u0259ri v\u0259 ziyal\u0131lar\u0131n qat\u0131ld\u0131\u011f\u0131 t\u0259dbirin&hellip;<\/p>\n","protected":false},"author":1,"featured_media":251278,"comment_status":"open","ping_status":"open","sticky":false,"template":"","format":"standard","meta":{"_lmt_disableupdate":"","_lmt_disable":"","footnotes":""},"categories":[],"tags":[],"class_list":["post-161786","post","type-post","status-publish","format-standard","has-post-thumbnail","hentry"],"_links":{"self":[{"href":"https:\/\/ucnoqta.az\/index.php?rest_route=\/wp\/v2\/posts\/161786","targetHints":{"allow":["GET"]}}],"collection":[{"href":"https:\/\/ucnoqta.az\/index.php?rest_route=\/wp\/v2\/posts"}],"about":[{"href":"https:\/\/ucnoqta.az\/index.php?rest_route=\/wp\/v2\/types\/post"}],"author":[{"embeddable":true,"href":"https:\/\/ucnoqta.az\/index.php?rest_route=\/wp\/v2\/users\/1"}],"replies":[{"embeddable":true,"href":"https:\/\/ucnoqta.az\/index.php?rest_route=%2Fwp%2Fv2%2Fcomments&post=161786"}],"version-history":[{"count":0,"href":"https:\/\/ucnoqta.az\/index.php?rest_route=\/wp\/v2\/posts\/161786\/revisions"}],"wp:featuredmedia":[{"embeddable":true,"href":"https:\/\/ucnoqta.az\/index.php?rest_route=\/wp\/v2\/media\/251278"}],"wp:attachment":[{"href":"https:\/\/ucnoqta.az\/index.php?rest_route=%2Fwp%2Fv2%2Fmedia&parent=161786"}],"wp:term":[{"taxonomy":"category","embeddable":true,"href":"https:\/\/ucnoqta.az\/index.php?rest_route=%2Fwp%2Fv2%2Fcategories&post=161786"},{"taxonomy":"post_tag","embeddable":true,"href":"https:\/\/ucnoqta.az\/index.php?rest_route=%2Fwp%2Fv2%2Ftags&post=161786"}],"curies":[{"name":"wp","href":"https:\/\/api.w.org\/{rel}","templated":true}]}}