{"id":161785,"date":"2022-11-03T11:05:00","date_gmt":"2022-11-03T07:05:00","guid":{"rendered":""},"modified":"-0001-11-30T00:00:00","modified_gmt":"-0001-11-29T20:00:00","slug":"","status":"publish","type":"post","link":"https:\/\/ucnoqta.az\/?p=161785","title":{"rendered":"DTX-nin saxlad\u0131\u011f\u0131 nazir m\u00fcavini bu g\u00fcn i\u015f\u0259 \u00e7\u0131x\u0131b? &#8211; <font color=red><b>YEN\u0130L\u018fN\u0130B<\/b><\/font>"},"content":{"rendered":"<p><strong>X\u0259b\u0259r verdiyimiz kimi, noyabr\u0131n 1-d\u0259 D&ouml;vl\u0259t T\u0259hl&uuml;k\u0259sizliyi Xidm\u0259ti (DTX) M\u0259d\u0259niyy\u0259t Nazirliyind\u0259 x&uuml;susi&nbsp;\u0259m\u0259liyyat ke&ccedil;irib.<\/strong><\/p>\n<p>Bu bar\u0259d\u0259 r\u0259smi a&ccedil;\u0131qlama h\u0259l\u0259lik olmasa da, &ldquo;Qafqazinfo&rdquo;&nbsp;da daxil olmaqla, \u0259ks\u0259r media orqanlar\u0131nda yay\u0131lan x\u0259b\u0259rl\u0259rd\u0259 \u0259m\u0259liyyat n\u0259tic\u0259sind\u0259 bir ne&ccedil;\u0259 y&uuml;ks\u0259k v\u0259zif\u0259li m\u0259murun, o c&uuml;ml\u0259d\u0259n, nazirin birinci m&uuml;avini Elnur \u018fliyevin d\u0259 saxlan\u0131ld\u0131\u011f\u0131 bildirilirdi. H\u0259min \u0259m\u0259liyyatda saxlan\u0131lan T\u0259chizat v\u0259 \u0259mlak \u015f&ouml;b\u0259sinin m&uuml;diri&nbsp;\u0130lkin N\u0259sibov&nbsp;bar\u0259sind\u0259 &ouml;t\u0259n g&uuml;n&nbsp;art\u0131q h\u0259bs q\u0259timkan t\u0259dbiri se&ccedil;ilib.<\/p>\n<p>Bu g&uuml;n is\u0259 Oxu.az sayt\u0131nda nazirin birinci m&uuml;avini E. \u018fliyevin i\u015f ba\u015f\u0131nda olmas\u0131 haqda x\u0259b\u0259r yay\u0131mlan\u0131b.<\/p>\n<p>M\u0259lumat\u0131 d\u0259qiql\u0259\u015fdirm\u0259k &uuml;&ccedil;&uuml;n M\u0259d\u0259niyy\u0259t Nazirliyinin m\u0259tbuat katibi Nurid\u0259 Allahyarova il\u0259 \u0259laq\u0259 saxlad\u0131q. Nazirlik s&ouml;z&ccedil;&uuml;s&uuml;&nbsp;&ldquo;Qafqazinfo&rdquo;nun&nbsp;sor\u011fusuna cavab olaraq nazir m&uuml;avininin i\u015f ba\u015f\u0131nda oldu\u011funu n\u0259 t\u0259sdiq, n\u0259 t\u0259kzib ed\u0259 bilib:&nbsp;&ldquo;Nazir m&uuml;avini niy\u0259 i\u015fd\u0259 olmamal\u0131d\u0131r ki?! Bir d&ouml;vl\u0259t qurumunun dig\u0259r d&ouml;vl\u0259t qurumunda qanunvericilik v\u0259 s\u0259lahiyy\u0259tl\u0259ri &ccedil;\u0259r&ccedil;iv\u0259sind\u0259 \u0259m\u0259liyyat aparma\u011fa h&uuml;quqi ixtiyar\u0131 var. Burada qeyri-adi he&ccedil; n\u0259 yoxdur. Bununla ba\u011fl\u0131 he&ccedil; bir r\u0259smi a&ccedil;\u0131qlama verilm\u0259yibs\u0259, nazir m&uuml;avininin i\u015fd\u0259 olmamas\u0131na da bir s\u0259b\u0259b g&ouml;rm&uuml;r\u0259m. \u0130\u015finin ba\u015f\u0131nda olmal\u0131 h\u0259r k\u0259s i\u015finin ba\u015f\u0131ndad\u0131r&rdquo;.<\/p>\n<p>Faktla ba\u011fl\u0131 istintaq davam etdirilir.<\/p>\n<p>Xat\u0131rladaq ki, 1979-cu il t\u0259v\u0259ll&uuml;dl&uuml; E.\u018fliyev 2021-ci ild\u0259 m\u0259d\u0259niyy\u0259t nazirinin birinci m&uuml;avini v\u0259zif\u0259sin\u0259 t\u0259yin edilib. O, eyni zamanda Nizami G\u0259nc\u0259vi Beyn\u0259lxalq M\u0259rk\u0259zinin Himay\u0259&ccedil;il\u0259r \u015euras\u0131n\u0131n s\u0259dri v\u0259zif\u0259sini icra edib.<\/p>\n<p>Saxlan\u0131lma x\u0259b\u0259rl\u0259ri il\u0259 yana\u015f\u0131, nazir m&uuml;avininin \u015f\u0259xsi h\u0259yat\u0131 il\u0259 ba\u011fl\u0131 da yerli mediada b\u0259zi qalmaqall\u0131 m\u0259lumatlar yay\u0131l\u0131b.<\/p>\n<p><strong>09:45<\/strong><\/p>\n<p>Noyabr\u0131n 1-d\u0259 D&ouml;vl\u0259t T\u0259hl&uuml;k\u0259sizliyi Xidm\u0259tinin (DTX) M\u0259d\u0259niyy\u0259t Nazirliyind\u0259 x&uuml;susi&nbsp;\u0259m\u0259liyyatla saxlad\u0131\u011f\u0131 bildiril\u0259n nazirin birinci m&uuml;avini Elnur \u018fli o\u011flu \u018fliyev i\u015finin ba\u015f\u0131ndad\u0131r.<\/p>\n<p>\nOxu.Az-\u0131n \u0259ld\u0259 etdiyi m\u0259lumata g&ouml;r\u0259, nazir m&uuml;avini haz\u0131rda&nbsp;v\u0259zif\u0259sini icra edir.<\/p>\n<p>Nazirliyin el\u0259 h\u0259min g&uuml;n saxlan\u0131lan T\u0259chizat v\u0259 \u0259mlak \u015f&ouml;b\u0259sinin m&uuml;diri \u0130lkin N\u0259sibov bar\u0259sind\u0259 is\u0259 h\u0259bs q\u0259timkan t\u0259dbiri se&ccedil;ilib. \u0130stintaq davam etdirilir.&nbsp;<\/p>\n","protected":false},"excerpt":{"rendered":"<p>X\u0259b\u0259r verdiyimiz kimi, noyabr\u0131n 1-d\u0259 D&ouml;vl\u0259t T\u0259hl&uuml;k\u0259sizliyi Xidm\u0259ti (DTX) M\u0259d\u0259niyy\u0259t Nazirliyind\u0259 x&uuml;susi&nbsp;\u0259m\u0259liyyat ke&ccedil;irib. Bu bar\u0259d\u0259 r\u0259smi a&ccedil;\u0131qlama h\u0259l\u0259lik olmasa da, &ldquo;Qafqazinfo&rdquo;&nbsp;da daxil olmaqla, \u0259ks\u0259r media orqanlar\u0131nda yay\u0131lan x\u0259b\u0259rl\u0259rd\u0259 \u0259m\u0259liyyat n\u0259tic\u0259sind\u0259&hellip;<\/p>\n","protected":false},"author":1,"featured_media":251278,"comment_status":"open","ping_status":"open","sticky":false,"template":"","format":"standard","meta":{"_lmt_disableupdate":"","_lmt_disable":"","footnotes":""},"categories":[101],"tags":[],"class_list":["post-161785","post","type-post","status-publish","format-standard","has-post-thumbnail","hentry","category-cemiyyet"],"_links":{"self":[{"href":"https:\/\/ucnoqta.az\/index.php?rest_route=\/wp\/v2\/posts\/161785","targetHints":{"allow":["GET"]}}],"collection":[{"href":"https:\/\/ucnoqta.az\/index.php?rest_route=\/wp\/v2\/posts"}],"about":[{"href":"https:\/\/ucnoqta.az\/index.php?rest_route=\/wp\/v2\/types\/post"}],"author":[{"embeddable":true,"href":"https:\/\/ucnoqta.az\/index.php?rest_route=\/wp\/v2\/users\/1"}],"replies":[{"embeddable":true,"href":"https:\/\/ucnoqta.az\/index.php?rest_route=%2Fwp%2Fv2%2Fcomments&post=161785"}],"version-history":[{"count":0,"href":"https:\/\/ucnoqta.az\/index.php?rest_route=\/wp\/v2\/posts\/161785\/revisions"}],"wp:featuredmedia":[{"embeddable":true,"href":"https:\/\/ucnoqta.az\/index.php?rest_route=\/wp\/v2\/media\/251278"}],"wp:attachment":[{"href":"https:\/\/ucnoqta.az\/index.php?rest_route=%2Fwp%2Fv2%2Fmedia&parent=161785"}],"wp:term":[{"taxonomy":"category","embeddable":true,"href":"https:\/\/ucnoqta.az\/index.php?rest_route=%2Fwp%2Fv2%2Fcategories&post=161785"},{"taxonomy":"post_tag","embeddable":true,"href":"https:\/\/ucnoqta.az\/index.php?rest_route=%2Fwp%2Fv2%2Ftags&post=161785"}],"curies":[{"name":"wp","href":"https:\/\/api.w.org\/{rel}","templated":true}]}}