{"id":161769,"date":"2022-11-02T23:02:21","date_gmt":"2022-11-02T19:02:21","guid":{"rendered":""},"modified":"-0001-11-30T00:00:00","modified_gmt":"-0001-11-29T20:00:00","slug":"","status":"publish","type":"post","link":"https:\/\/ucnoqta.az\/?p=161769","title":{"rendered":"\u018frdo\u011fan Zelenski il\u0259 dan\u0131\u015fd\u0131"},"content":{"rendered":"<p><strong>T&uuml;rkiy\u0259 Prezidenti R\u0259c\u0259b Tayyib \u018frdo\u011fan Ukrayna Prezidenti Volodimir Zelenski il\u0259 telefon dan\u0131\u015f\u0131\u011f\u0131 apar\u0131b.<\/strong><\/p>\n<p>Ankaradak\u0131 Prezidenti Administrasiyas\u0131ndan &nbsp;veril\u0259n a&ccedil;\u0131qlamaya g&ouml;r\u0259, g&ouml;r&uuml;\u015fd\u0259 Rusiya-Ukrayna m&uuml;harib\u0259sind\u0259ki son hadis\u0259l\u0259r m&uuml;zakir\u0259 edilib.<\/p>\n<p>Prezident \u018frdo\u011fan tax\u0131l da\u015f\u0131nmas\u0131nda yaranan problemi birg\u0259 \u0259m\u0259kda\u015fl\u0131qla h\u0259ll etdikl\u0259rind\u0259n m\u0259mnunlu\u011funu ifad\u0259 edib. H\u0259m Ukraynan\u0131n, h\u0259m d\u0259 Rusiyan\u0131n tax\u0131l m\u0259hsullar\u0131n\u0131n b&uuml;t&uuml;n d&uuml;nya &uuml;&ccedil;&uuml;n kritik \u0259h\u0259miyy\u0259t da\u015f\u0131d\u0131\u011f\u0131n\u0131 vur\u011fulayan d&ouml;vl\u0259t ba\u015f&ccedil;\u0131s\u0131 tax\u0131l da\u015f\u0131nmas\u0131 m&uuml;qavil\u0259sinin davam etdirilm\u0259sinin vacibliyini vur\u011fulay\u0131b.<\/p>\n<p>\u018frdo\u011fan Ukraynan\u0131n \u0259razi b&uuml;t&ouml;vl&uuml;y&uuml; v\u0259 suverenliyinin tam b\u0259rpas\u0131na g\u0259tirib &ccedil;\u0131xaracaq anla\u015fma \u0259sas\u0131nda m&uuml;harib\u0259nin \u0259dal\u0259tli h\u0259ll yolu il\u0259 sona &ccedil;atmas\u0131 &uuml;&ccedil;&uuml;n diplomatik s\u0259yl\u0259rin art\u0131r\u0131lmas\u0131 laz\u0131m oldu\u011funu bildirib.<\/p>\n","protected":false},"excerpt":{"rendered":"<p>T&uuml;rkiy\u0259 Prezidenti R\u0259c\u0259b Tayyib \u018frdo\u011fan Ukrayna Prezidenti Volodimir Zelenski il\u0259 telefon dan\u0131\u015f\u0131\u011f\u0131 apar\u0131b. Ankaradak\u0131 Prezidenti Administrasiyas\u0131ndan &nbsp;veril\u0259n a&ccedil;\u0131qlamaya g&ouml;r\u0259, g&ouml;r&uuml;\u015fd\u0259 Rusiya-Ukrayna m&uuml;harib\u0259sind\u0259ki son hadis\u0259l\u0259r m&uuml;zakir\u0259 edilib. Prezident \u018frdo\u011fan tax\u0131l da\u015f\u0131nmas\u0131nda&hellip;<\/p>\n","protected":false},"author":1,"featured_media":251278,"comment_status":"open","ping_status":"open","sticky":false,"template":"","format":"standard","meta":{"_lmt_disableupdate":"","_lmt_disable":"","footnotes":""},"categories":[89],"tags":[],"class_list":["post-161769","post","type-post","status-publish","format-standard","has-post-thumbnail","hentry","category-dunya-butun-xeberler"],"_links":{"self":[{"href":"https:\/\/ucnoqta.az\/index.php?rest_route=\/wp\/v2\/posts\/161769","targetHints":{"allow":["GET"]}}],"collection":[{"href":"https:\/\/ucnoqta.az\/index.php?rest_route=\/wp\/v2\/posts"}],"about":[{"href":"https:\/\/ucnoqta.az\/index.php?rest_route=\/wp\/v2\/types\/post"}],"author":[{"embeddable":true,"href":"https:\/\/ucnoqta.az\/index.php?rest_route=\/wp\/v2\/users\/1"}],"replies":[{"embeddable":true,"href":"https:\/\/ucnoqta.az\/index.php?rest_route=%2Fwp%2Fv2%2Fcomments&post=161769"}],"version-history":[{"count":0,"href":"https:\/\/ucnoqta.az\/index.php?rest_route=\/wp\/v2\/posts\/161769\/revisions"}],"wp:featuredmedia":[{"embeddable":true,"href":"https:\/\/ucnoqta.az\/index.php?rest_route=\/wp\/v2\/media\/251278"}],"wp:attachment":[{"href":"https:\/\/ucnoqta.az\/index.php?rest_route=%2Fwp%2Fv2%2Fmedia&parent=161769"}],"wp:term":[{"taxonomy":"category","embeddable":true,"href":"https:\/\/ucnoqta.az\/index.php?rest_route=%2Fwp%2Fv2%2Fcategories&post=161769"},{"taxonomy":"post_tag","embeddable":true,"href":"https:\/\/ucnoqta.az\/index.php?rest_route=%2Fwp%2Fv2%2Ftags&post=161769"}],"curies":[{"name":"wp","href":"https:\/\/api.w.org\/{rel}","templated":true}]}}