{"id":161764,"date":"2022-11-02T21:34:40","date_gmt":"2022-11-02T17:34:40","guid":{"rendered":""},"modified":"-0001-11-30T00:00:00","modified_gmt":"-0001-11-29T20:00:00","slug":"","status":"publish","type":"post","link":"https:\/\/ucnoqta.az\/?p=161764","title":{"rendered":"Direktor olmaq ist\u0259y\u0259nl\u0259rin <font color=red><b>N\u018fZ\u018fR\u0130N\u018f:<\/b><\/font> Vakant yerl\u0259r var &#8211; <font color=red><b>S\u0130YAHI<\/b><\/font>"},"content":{"rendered":"<p><strong>\u015e\u0259ki-Zaqatala Regional T\u0259hsil \u0130dar\u0259si, \u015fagird say\u0131 500-d\u0259k olan &uuml;mumi t\u0259hsil m&uuml;\u0259ssis\u0259l\u0259rind\u0259 vakant direktor v\u0259zif\u0259sin\u0259 m&uuml;sabiq\u0259 elan edir.<\/strong><\/p>\n<p>Ucnoqta.az x\u0259b\u0259r verir ki, \u015e\u0259ki-Zaqatala Regional T\u0259hsil \u0130dar\u0259sinin tabeliyind\u0259 f\u0259aliyy\u0259t g&ouml;st\u0259r\u0259n, \u015fagird say\u0131 500-d\u0259k olan &uuml;mumi t\u0259hsil m&uuml;\u0259ssis\u0259l\u0259rind\u0259 vakant direktor v\u0259zif\u0259sin\u0259 i\u015f\u0259 q\u0259bulu il\u0259 ba\u011fl\u0131 s\u0259n\u0259d q\u0259buluna ba\u015flan\u0131l\u0131r.<\/p>\n<p>Namiz\u0259dl\u0259r 10-14 noyabr 2022-ci il tarixl\u0259rind\u0259 (i\u015f g&uuml;nl\u0259ri \u0259rzind\u0259) saat 09:30-dan 18:00-d\u0259k t\u0259l\u0259b olunan m&uuml;vafiq s\u0259n\u0259dl\u0259ri (\u015f\u0259xsiyy\u0259t v\u0259siq\u0259sinin sur\u0259ti, kadrlar u&ccedil;otunun \u015f\u0259xsi v\u0259r\u0259q\u0259si, \u0259m\u0259k kitab&ccedil;as\u0131n\u0131n sur\u0259ti, ali t\u0259hsil haqq\u0131nda s\u0259n\u0259din v\u0259 \u0259lav\u0259nin sur\u0259ti) \u015e\u0259ki-Zaqatala Regional T\u0259hsil \u0130dar\u0259sind\u0259 t\u0259yin edilmi\u015f m\u0259sul \u015f\u0259xs\u0259 t\u0259qdim etm\u0259kl\u0259 qeydiyyatdan ke&ccedil;\u0259 bil\u0259rl\u0259r.<\/p>\n<p>Namiz\u0259dl\u0259r minimum t\u0259l\u0259bl\u0259r\u0259 uy\u011funlu\u011fu yoxlan\u0131ld\u0131qdan sonra test imtahan\u0131n\u0131n v\u0259 ya m&uuml;sahib\u0259nin ke&ccedil;irilm\u0259si tarixind\u0259n 5 (be\u015f) g&uuml;n \u0259vv\u0259l m\u0259lumatland\u0131r\u0131lacaqlar.<br \/>\n\u015eagird say\u0131 150-d\u0259k olan m\u0259kt\u0259bl\u0259r &uuml;zr\u0259 m&uuml;raci\u0259t ed\u0259n namiz\u0259dl\u0259r m&uuml;sabiq\u0259nin m&uuml;sahib\u0259 m\u0259rh\u0259l\u0259sin\u0259 birba\u015fa d\u0259v\u0259t olunacaq.<\/p>\n<p>\u015eagird say\u0131 151-500 aras\u0131 olan m\u0259kt\u0259bl\u0259r\u0259 m&uuml;raci\u0259t ed\u0259n namiz\u0259dl\u0259r is\u0259 \u0259vv\u0259lc\u0259 test imtahan\u0131nda i\u015ftirak ed\u0259c\u0259k, test imtahan\u0131nda u\u011fur qazanan namiz\u0259d, m&uuml;sabiq\u0259nin m&uuml;sahib\u0259 m\u0259rh\u0259l\u0259sin\u0259 d\u0259v\u0259t olunacaq.<br \/>\n2022-ci ild\u0259 ke&ccedil;irilmi\u015f direktor v\u0259zif\u0259sin\u0259 i\u015f\u0259 q\u0259bul (Nazirlik v\u0259 RT\u0130-l\u0259r t\u0259r\u0259find\u0259n t\u0259\u015fkil edil\u0259n) &uuml;zr\u0259 m&uuml;sabiq\u0259nin test imtahan\u0131 m\u0259rh\u0259l\u0259sind\u0259 u\u011fur qazanm\u0131\u015f namiz\u0259dl\u0259r cari m&uuml;sabiq\u0259d\u0259 test imtahan\u0131ndan azad olunur, h\u0259min namiz\u0259dl\u0259r birba\u015fa m&uuml;sahib\u0259 m\u0259rh\u0259l\u0259sin\u0259 d\u0259v\u0259t olunacaqlar.<\/p>\n<p>Direktor olmaq ist\u0259y\u0259n namiz\u0259dl\u0259r &uuml;&ccedil;&uuml;n t\u0259l\u0259bl\u0259r:<br \/>\n-pedaqoji ixtisas &uuml;zr\u0259 ali t\u0259hsil;<br \/>\n-5 ild\u0259n az olmayaraq pedaqoji staj;<br \/>\n-haz\u0131rda &uuml;mumi t\u0259hsil m&uuml;\u0259ssis\u0259sind\u0259 pedaqoji f\u0259aliyy\u0259t g&ouml;st\u0259rm\u0259.<br \/>\n&Uuml;st&uuml;nl&uuml;k veril\u0259c\u0259k namiz\u0259dl\u0259r:<br \/>\nM&uuml;\u0259lliml\u0259rin i\u015f\u0259 q\u0259bulu, diaqnostik qiym\u0259tl\u0259ndirilm\u0259 v\u0259 ya sertifikatla\u015fd\u0131rma imtahan\u0131nda y&uuml;ks\u0259k n\u0259tic\u0259 \u0259ld\u0259 etmi\u015f \u015f\u0259xsl\u0259r;<br \/>\n2022-ci il &uuml;zr\u0259 ke&ccedil;iril\u0259n direktorlar\u0131n i\u015f\u0259 q\u0259bulu (Nazirlik v\u0259 RT\u0130-l\u0259r t\u0259r\u0259find\u0259n t\u0259\u015fkil edil\u0259n) &uuml;zr\u0259 m&uuml;sabiq\u0259nin test imtahan\u0131 m\u0259rh\u0259l\u0259sind\u0259 m&uuml;vafiq ke&ccedil;id bal\u0131 toplam\u0131\u015f namiz\u0259dl\u0259r<br \/>\nM&uuml;sahib\u0259 zaman\u0131 yoxlan\u0131lacaq meyarlar:<br \/>\n-v\u0259zif\u0259 &uuml;zr\u0259 n\u0259z\u0259ri bilikl\u0259r;<br \/>\n-idar\u0259etm\u0259 bacar\u0131qlar\u0131;<br \/>\n-\u015f\u0259xsi keyfiyy\u0259tl\u0259r.<br \/>\nM&uuml;sahib\u0259 zaman\u0131 h\u0259r meyar 5 ball\u0131q \u015fkala \u0259sas\u0131nda qiym\u0259tl\u0259ndirilir v\u0259 ke&ccedil;id bal\u0131 3 bald\u0131r.<\/p>\n<p>Bu <a href=\"https:\/\/drive.google.com\/file\/d\/1dOjG5GINIClAuzLXe892MrECEN-WmNrd\/view\">ke&ccedil;idd\u0259n<\/a> istifad\u0259 ed\u0259r\u0259k Regional T\u0259hsil \u0130dar\u0259sinin tabeliyind\u0259 olan m\u0259kt\u0259bl\u0259r &uuml;zr\u0259 vakansiyalarla tan\u0131\u015f ola bil\u0259rsiniz.<br \/>\n&nbsp;<\/p>\n","protected":false},"excerpt":{"rendered":"<p>\u015e\u0259ki-Zaqatala Regional T\u0259hsil \u0130dar\u0259si, \u015fagird say\u0131 500-d\u0259k olan &uuml;mumi t\u0259hsil m&uuml;\u0259ssis\u0259l\u0259rind\u0259 vakant direktor v\u0259zif\u0259sin\u0259 m&uuml;sabiq\u0259 elan edir. Ucnoqta.az x\u0259b\u0259r verir ki, \u015e\u0259ki-Zaqatala Regional T\u0259hsil \u0130dar\u0259sinin tabeliyind\u0259 f\u0259aliyy\u0259t g&ouml;st\u0259r\u0259n, \u015fagird say\u0131&hellip;<\/p>\n","protected":false},"author":1,"featured_media":251278,"comment_status":"open","ping_status":"open","sticky":false,"template":"","format":"standard","meta":{"_lmt_disableupdate":"","_lmt_disable":"","footnotes":""},"categories":[91],"tags":[],"class_list":["post-161764","post","type-post","status-publish","format-standard","has-post-thumbnail","hentry","category-olkeici"],"_links":{"self":[{"href":"https:\/\/ucnoqta.az\/index.php?rest_route=\/wp\/v2\/posts\/161764","targetHints":{"allow":["GET"]}}],"collection":[{"href":"https:\/\/ucnoqta.az\/index.php?rest_route=\/wp\/v2\/posts"}],"about":[{"href":"https:\/\/ucnoqta.az\/index.php?rest_route=\/wp\/v2\/types\/post"}],"author":[{"embeddable":true,"href":"https:\/\/ucnoqta.az\/index.php?rest_route=\/wp\/v2\/users\/1"}],"replies":[{"embeddable":true,"href":"https:\/\/ucnoqta.az\/index.php?rest_route=%2Fwp%2Fv2%2Fcomments&post=161764"}],"version-history":[{"count":0,"href":"https:\/\/ucnoqta.az\/index.php?rest_route=\/wp\/v2\/posts\/161764\/revisions"}],"wp:featuredmedia":[{"embeddable":true,"href":"https:\/\/ucnoqta.az\/index.php?rest_route=\/wp\/v2\/media\/251278"}],"wp:attachment":[{"href":"https:\/\/ucnoqta.az\/index.php?rest_route=%2Fwp%2Fv2%2Fmedia&parent=161764"}],"wp:term":[{"taxonomy":"category","embeddable":true,"href":"https:\/\/ucnoqta.az\/index.php?rest_route=%2Fwp%2Fv2%2Fcategories&post=161764"},{"taxonomy":"post_tag","embeddable":true,"href":"https:\/\/ucnoqta.az\/index.php?rest_route=%2Fwp%2Fv2%2Ftags&post=161764"}],"curies":[{"name":"wp","href":"https:\/\/api.w.org\/{rel}","templated":true}]}}