{"id":161762,"date":"2022-11-02T21:00:54","date_gmt":"2022-11-02T17:00:54","guid":{"rendered":""},"modified":"-0001-11-30T00:00:00","modified_gmt":"-0001-11-29T20:00:00","slug":"","status":"publish","type":"post","link":"https:\/\/ucnoqta.az\/?p=161762","title":{"rendered":"\u201cNahaq el\u0259 deyib, g\u0259r\u0259k el\u0259 dem\u0259y\u0259rdi\u201d &#8211;<font color=red><b> Anar<\/b><\/font>"},"content":{"rendered":"<p><strong>&quot;\u018flb\u0259tt\u0259, he&ccedil; bir jurnalisti, &uuml;mumiyy\u0259tl\u0259, he&ccedil; kim he&ccedil; kimi t\u0259hqir etm\u0259li deyil v\u0259 el\u0259 s&ouml;zl\u0259r dem\u0259m\u0259lidir&quot;.<\/strong><\/p>\n<p>Ucnoqta.az x\u0259b\u0259r verir ki, bu s&ouml;zl\u0259ri xalq yaz\u0131&ccedil;\u0131s\u0131, AYB s\u0259dri Anar &ldquo;teleqraf.com&rdquo; m&uuml;sahib\u0259sind\u0259 ali y\u0131\u011f\u0131ncaqa ayr\u0131lm\u0131\u015f pulla ba\u011fl\u0131 K\u0130V-d\u0259 yaranm\u0131\u015f qalmaqal\u0131 \u015f\u0259rh ed\u0259rk\u0259n deyib. &quot;Amma bizd\u0259 q\u0259rib\u0259 bir hal var ki, jurnalist yaz\u0131&ccedil;\u0131lar\u0131, a\u011fsaqqallar\u0131 t\u0259hqir ed\u0259 bil\u0259r, onlar haqq\u0131nda yalan, b&ouml;htan yaza, haqq\u0131nda \u0259n pis s&ouml;zl\u0259ri i\u015fl\u0259d\u0259 bil\u0259r, amma o adam g&ouml;z&uuml;n &uuml;st\u0259 qa\u015f\u0131n var deyirs\u0259, dem\u0259li, jurnalistl\u0259r\u0259 t\u0259hqirdir. Niy\u0259?! Niy\u0259 jurnalist Fikr\u0259t Qoca sa\u011f ola-ola yaza bil\u0259r ki, &quot;H\u0259l\u0259 Fikr\u0259t Qoca &ouml;lm\u0259yib?&quot; v\u0259 he&ccedil; k\u0259s buna etiraz etmir.<\/p>\n<p>H\u0259min \u015f\u0259xsin jurnalist deyil, yaz\u0131&ccedil;\u0131d\u0131 sual\u0131na is\u0259 lap yaz\u0131&ccedil;\u0131 olsun cavab\u0131n\u0131 verib:&nbsp;<br \/>\n&quot;Fikr\u0259t Qoca b&ouml;y&uuml;k \u015fair idi, &uuml;r\u0259k \u0259m\u0259liyyat\u0131 ke&ccedil;irmi\u015fdi, o\u011flunu, qarda\u015f\u0131n\u0131 itirmi\u015fdi. Bel\u0259 bir vaxtda ya\u015fl\u0131 adama &ldquo;Fikr\u0259t Qoca h\u0259l\u0259 &ouml;lm\u0259yib&rdquo; dem\u0259k etikad\u0131r?! Jurnalistikad\u0131r? Xeyr. Biz bunu dey\u0259nd\u0259 deyirl\u0259r ki, niy\u0259 bizi t\u0259hqir edirsiniz?!<\/p>\n<p>M\u0259nim haqq\u0131mda n\u0259l\u0259r yazmay\u0131blar. El\u0259 deyirsiniz, &Ccedil;ingiz filan s&ouml;z&uuml; deyib. D&uuml;z&uuml;, m\u0259n d\u0259qiq bilmir\u0259m, hans\u0131 ifad\u0259ni i\u015fl\u0259dib.<\/p>\n<p>AYB s\u0259dri &Ccedil;ingiz Abdullayevin &ldquo;Utanm\u0131rsan, &ouml;lm&uuml;rs\u0259n, bu sual\u0131 m\u0259n\u0259 verirs\u0259n&rdquo; cavab\u0131na is\u0259 t\u0259\u0259ss&uuml;fl\u0259ndiyini bildirib:<\/p>\n<p>&quot;Nahaq el\u0259 deyib, g\u0259r\u0259k el\u0259 dem\u0259y\u0259rdi. M\u0259nim haqq\u0131mda da yaz\u0131rlar ki, &ldquo;Anar n\u0259 vaxt &ouml;l\u0259c\u0259k?&rdquo; Onlara n\u0259 deyim? Deyim ki, yax\u015f\u0131 edirsiniz? G\u0259r\u0259k jurnalistin d\u0259 m\u0259rif\u0259ti, t\u0259rbiy\u0259si olsun. Jurnalist olanda n\u0259 olar?! H\u0259s\u0259n b\u0259y Z\u0259rdabi, C\u0259lil M\u0259mm\u0259dquluzad\u0259 d\u0259 jurnalist olub. Jurnalistikam\u0131z\u0131n b&ouml;y&uuml;k \u0259n\u0259n\u0259l\u0259ri var. N\u0259c\u0259f N\u0259c\u0259fov kimi namuslu jurnalistimizi yada salaq.<\/p>\n<p>Jurnalistl\u0259r aras\u0131nda &ccedil;oxlu dostlar\u0131m var, amma bu o dem\u0259k deyil ki, jurnalist oldu\u011funa g&ouml;r\u0259 &quot;babam m\u0259n\u0259 kor deyib, g\u0259lib ged\u0259ni vur&quot; deyib prinsipiyl\u0259 h\u0259r\u0259k\u0259t etm\u0259lis\u0259n.<\/p>\n<p>Qurultaya ayr\u0131lm\u0131\u015f 203 min manat\u0131n nec\u0259 x\u0259rcl\u0259ndiyi suala is\u0259 bel\u0259 cavab verib:<\/p>\n<p>&quot;M\u0259n maliyy\u0259 m\u0259s\u0259l\u0259l\u0259rin\u0259 qar\u0131\u015fm\u0131ram, onunla \u0259sas\u0259n &Ccedil;ingiz Abdullayev m\u0259\u015f\u011ful olur. &Ccedil;ingizl\u0259 34 ildir i\u015fl\u0259yirik, ona inan\u0131ram, bir q\u0259piy\u0259 d\u0259 s&ouml;z ola bilm\u0259z. &Ccedil;ingizin n\u0259 ehtiyac\u0131 var?! O, ham\u0131dan da d&ouml;vl\u0259tli yaz\u0131&ccedil;\u0131d\u0131r. Suala bax\u0131n, deyir ki, 203 min hara x\u0259rcl\u0259nib? Qurultaya maliyy\u0259ni Prezident Administrasiyas\u0131 ay\u0131r\u0131b, biz d\u0259 onun q\u0259piyin\u0259 q\u0259d\u0259r hesabat\u0131n\u0131 ver\u0259c\u0259yik.<\/p>\n<p>&Ouml;lk\u0259miz\u0259 xarici qonaqlar g\u0259ldi, be\u015f-alt\u0131 &ouml;lk\u0259d\u0259n g\u0259l\u0259n qonaqlar\u0131n biletl\u0259rini, otel x\u0259rcl\u0259rini hesablay\u0131n. Rayonlar\u0131m\u0131zdan g\u0259l\u0259n yaz\u0131&ccedil;\u0131lar\u0131n yol pullar\u0131 verildi. Sual ver\u0259n deyir ki, x\u0259rcl\u0259n\u0259n pulun n\u0259tic\u0259si zalda g&ouml;r&uuml;nm&uuml;r. Zalda nec\u0259 g&ouml;r&uuml;n\u0259 bil\u0259r? Zalda q\u0259lyanalt\u0131, q\u0259hv\u0259 v\u0259 &ccedil;ay t\u0259qdim edildi. \u015eampan, \u015f\u0259rab da qoyard\u0131q, qara k&uuml;r&uuml; d\u0259 ver\u0259rdik?.. O zaman g&ouml;r&uuml;n\u0259c\u0259kdi ki, pulu hara x\u0259rcl\u0259mi\u015fik?!<\/p>\n<p>Ona g&ouml;r\u0259 m\u0259ntiqsiz suallar adam\u0131 &ccedil;il\u0259d\u0259n &ccedil;\u0131xar\u0131r, \u0259s\u0259bl\u0259\u015fdirir. \u018fs\u0259bl\u0259\u015f\u0259nd\u0259 d\u0259 &Ccedil;ingiz kimi bir az k&ouml;nt&ouml;y cavab verirs\u0259n&quot;.<\/p>\n","protected":false},"excerpt":{"rendered":"<p>&quot;\u018flb\u0259tt\u0259, he&ccedil; bir jurnalisti, &uuml;mumiyy\u0259tl\u0259, he&ccedil; kim he&ccedil; kimi t\u0259hqir etm\u0259li deyil v\u0259 el\u0259 s&ouml;zl\u0259r dem\u0259m\u0259lidir&quot;. Ucnoqta.az x\u0259b\u0259r verir ki, bu s&ouml;zl\u0259ri xalq yaz\u0131&ccedil;\u0131s\u0131, AYB s\u0259dri Anar &ldquo;teleqraf.com&rdquo; m&uuml;sahib\u0259sind\u0259 ali&hellip;<\/p>\n","protected":false},"author":1,"featured_media":251278,"comment_status":"open","ping_status":"open","sticky":false,"template":"","format":"standard","meta":{"_lmt_disableupdate":"","_lmt_disable":"","footnotes":""},"categories":[94],"tags":[],"class_list":["post-161762","post","type-post","status-publish","format-standard","has-post-thumbnail","hentry","category-musahibe"],"_links":{"self":[{"href":"https:\/\/ucnoqta.az\/index.php?rest_route=\/wp\/v2\/posts\/161762","targetHints":{"allow":["GET"]}}],"collection":[{"href":"https:\/\/ucnoqta.az\/index.php?rest_route=\/wp\/v2\/posts"}],"about":[{"href":"https:\/\/ucnoqta.az\/index.php?rest_route=\/wp\/v2\/types\/post"}],"author":[{"embeddable":true,"href":"https:\/\/ucnoqta.az\/index.php?rest_route=\/wp\/v2\/users\/1"}],"replies":[{"embeddable":true,"href":"https:\/\/ucnoqta.az\/index.php?rest_route=%2Fwp%2Fv2%2Fcomments&post=161762"}],"version-history":[{"count":0,"href":"https:\/\/ucnoqta.az\/index.php?rest_route=\/wp\/v2\/posts\/161762\/revisions"}],"wp:featuredmedia":[{"embeddable":true,"href":"https:\/\/ucnoqta.az\/index.php?rest_route=\/wp\/v2\/media\/251278"}],"wp:attachment":[{"href":"https:\/\/ucnoqta.az\/index.php?rest_route=%2Fwp%2Fv2%2Fmedia&parent=161762"}],"wp:term":[{"taxonomy":"category","embeddable":true,"href":"https:\/\/ucnoqta.az\/index.php?rest_route=%2Fwp%2Fv2%2Fcategories&post=161762"},{"taxonomy":"post_tag","embeddable":true,"href":"https:\/\/ucnoqta.az\/index.php?rest_route=%2Fwp%2Fv2%2Ftags&post=161762"}],"curies":[{"name":"wp","href":"https:\/\/api.w.org\/{rel}","templated":true}]}}