{"id":161733,"date":"2022-11-02T15:52:00","date_gmt":"2022-11-02T11:52:00","guid":{"rendered":""},"modified":"-0001-11-30T00:00:00","modified_gmt":"-0001-11-29T20:00:00","slug":"","status":"publish","type":"post","link":"https:\/\/ucnoqta.az\/?p=161733","title":{"rendered":"T\u00fcrkiy\u0259li deputatdan \u0130rana <font color=red><b>X\u018fB\u018fRDARLIQ<\/b><\/font>"},"content":{"rendered":"<p><strong>&quot;Q\u0131rx d&ouml;rd g&uuml;n davam ed\u0259n \u015f\u0259r\u0259fli v\u0259 q\u0259hr\u0259mancas\u0131na m&uuml;bariz\u0259 n\u0259tic\u0259sind\u0259 Az\u0259rbaycanla yana\u015f\u0131, b&uuml;t&uuml;n t&uuml;rk d&uuml;nyas\u0131n\u0131n sin\u0259sind\u0259 olan Qaraba\u011f da xilas edildi&quot;.<\/strong><\/p>\n<p>Ucnoqta.az x\u0259b\u0259r verir ki, bu s&ouml;zl\u0259ri MHP s\u0259drinin m&uuml;avini, Kayseri mill\u0259t v\u0259kili&nbsp;\u0130smail &Ouml;zdemir&nbsp;t&uuml;rk medias\u0131na m&uuml;sahib\u0259sind\u0259 bildirib. TBMM Xarici \u018flaq\u0259l\u0259r Komit\u0259sinin &uuml;zv&uuml; &quot;status-kvo Az\u0259rbaycan\u0131n&nbsp;g&uuml;c&uuml; il\u0259 da\u011f\u0131d\u0131l\u0131b, m\u0259zlumlar\u0131n h&uuml;quqlar\u0131 bir daha m\u0259zlumun \u0259lin\u0259 ke&ccedil;ib. Allah\u0131n k&ouml;m\u0259kliyi il\u0259 z&uuml;lm\u0259 son qoyuldu, haqq\u0131 sahibi &ouml;z&uuml; ald\u0131&quot;.<\/p>\n<p>Onun s&ouml;zl\u0259rin\u0259 g&ouml;r\u0259, q\u0131sa m&uuml;dd\u0259td\u0259 \u0259ld\u0259 edil\u0259n q\u0259l\u0259b\u0259d\u0259 \u0259n m&uuml;h&uuml;m n\u0259tic\u0259 \u015eu\u015fan\u0131n al\u0131nmas\u0131 olub: &quot;Co\u011frafi bax\u0131mdan qartal yuvas\u0131na ox\u015fayan v\u0259 al\u0131nmas\u0131 qeyri-m&uuml;mk&uuml;n hesab edil\u0259n \u015eu\u015fan\u0131n Az\u0259rbaycan q&uuml;vv\u0259l\u0259ri t\u0259r\u0259find\u0259n i\u015f\u011faldan azad edilm\u0259sind\u0259n sonra erm\u0259ni t\u0259r\u0259fi d\u0259smal atmal\u0131 oldu. T&uuml;rk mill\u0259ti &uuml;&ccedil;&uuml;n haql\u0131 oldu\u011fu halda m&uuml;mk&uuml;n olmayan he&ccedil; n\u0259yin olmad\u0131\u011f\u0131 \u015eu\u015fada g&ouml;st\u0259rdiyi q\u0259hr\u0259manl\u0131qla bunu bir daha s&uuml;but etdi&quot;.<\/p>\n<p>&Ouml;zdemir qeyd edib ki, Mehmet&ccedil;ikin Qafqaz regionunda aktiv i\u015ftirak\u0131n\u0131n&nbsp;T&uuml;rkiy\u0259nin&nbsp;maraqlar\u0131na xidm\u0259t etdiyi ayd\u0131nd\u0131r:&nbsp;<\/p>\n<p>&quot;Biz bilirik ki, Az\u0259rbaycan\u0131n Qaraba\u011f m&uuml;harib\u0259sind\u0259 v\u0259t\u0259n sava\u015f\u0131nda q\u0259l\u0259b\u0259si regional v\u0259 qlobal tarazl\u0131qlar bax\u0131m\u0131ndan yeni \u015f\u0259rait yarad\u0131b, x&uuml;sus\u0259n d\u0259 indiki d&ouml;vrd\u0259 t&uuml;rk d&uuml;nyas\u0131 reall\u0131\u011f\u0131n\u0131 h\u0259r k\u0259s\u0259 &ccedil;atd\u0131r\u0131b. Daxili probleml\u0259ri il\u0259 &ccedil;ox &ccedil;\u0259tin g&uuml;nl\u0259r ke&ccedil;ir\u0259n \u0130ran Qaraba\u011f\u0131n Az\u0259rbaycan \u0259razisi oldu\u011funu q\u0259bul etm\u0259li v\u0259 m&uuml;vafiq raz\u0131la\u015fmalara uy\u011fun olaraq Z\u0259ng\u0259zur B&ouml;lg\u0259sind\u0259ki q\u0259na\u0259tl\u0259rin Az\u0259rbaycanda oldu\u011funu anlamal\u0131 v\u0259 h&ouml;rm\u0259t etm\u0259lidir. Z\u0259ng\u0259zur d\u0259hlizinin yarad\u0131lmas\u0131 t\u0259kc\u0259 Az\u0259rbaycan &uuml;&ccedil;&uuml;n deyil, h\u0259m d\u0259 &ouml;lk\u0259miz &uuml;&ccedil;&uuml;n milli t\u0259hl&uuml;k\u0259sizlik v\u0259 ya\u015famaq &uuml;&ccedil;&uuml;n h\u0259yati vacib m\u0259s\u0259l\u0259dir. Az\u0259rbaycan\u0131n sevinci bizim sevincimizdir, m\u0259qs\u0259di bizim m\u0259qs\u0259dimizdir v\u0259 h\u0259r c&uuml;r h&uuml;quq v\u0259 m\u0259nafel\u0259ri qorumaq ist\u0259yi \u0259lb\u0259tt\u0259 ki, bizim prioritetimizdir&quot;.\/\/\/milli.az<\/p>\n","protected":false},"excerpt":{"rendered":"<p>&quot;Q\u0131rx d&ouml;rd g&uuml;n davam ed\u0259n \u015f\u0259r\u0259fli v\u0259 q\u0259hr\u0259mancas\u0131na m&uuml;bariz\u0259 n\u0259tic\u0259sind\u0259 Az\u0259rbaycanla yana\u015f\u0131, b&uuml;t&uuml;n t&uuml;rk d&uuml;nyas\u0131n\u0131n sin\u0259sind\u0259 olan Qaraba\u011f da xilas edildi&quot;. Ucnoqta.az x\u0259b\u0259r verir ki, bu s&ouml;zl\u0259ri MHP s\u0259drinin m&uuml;avini,&hellip;<\/p>\n","protected":false},"author":1,"featured_media":251278,"comment_status":"open","ping_status":"open","sticky":false,"template":"","format":"standard","meta":{"_lmt_disableupdate":"","_lmt_disable":"","footnotes":""},"categories":[86],"tags":[],"class_list":["post-161733","post","type-post","status-publish","format-standard","has-post-thumbnail","hentry","category-siyaset"],"_links":{"self":[{"href":"https:\/\/ucnoqta.az\/index.php?rest_route=\/wp\/v2\/posts\/161733","targetHints":{"allow":["GET"]}}],"collection":[{"href":"https:\/\/ucnoqta.az\/index.php?rest_route=\/wp\/v2\/posts"}],"about":[{"href":"https:\/\/ucnoqta.az\/index.php?rest_route=\/wp\/v2\/types\/post"}],"author":[{"embeddable":true,"href":"https:\/\/ucnoqta.az\/index.php?rest_route=\/wp\/v2\/users\/1"}],"replies":[{"embeddable":true,"href":"https:\/\/ucnoqta.az\/index.php?rest_route=%2Fwp%2Fv2%2Fcomments&post=161733"}],"version-history":[{"count":0,"href":"https:\/\/ucnoqta.az\/index.php?rest_route=\/wp\/v2\/posts\/161733\/revisions"}],"wp:featuredmedia":[{"embeddable":true,"href":"https:\/\/ucnoqta.az\/index.php?rest_route=\/wp\/v2\/media\/251278"}],"wp:attachment":[{"href":"https:\/\/ucnoqta.az\/index.php?rest_route=%2Fwp%2Fv2%2Fmedia&parent=161733"}],"wp:term":[{"taxonomy":"category","embeddable":true,"href":"https:\/\/ucnoqta.az\/index.php?rest_route=%2Fwp%2Fv2%2Fcategories&post=161733"},{"taxonomy":"post_tag","embeddable":true,"href":"https:\/\/ucnoqta.az\/index.php?rest_route=%2Fwp%2Fv2%2Ftags&post=161733"}],"curies":[{"name":"wp","href":"https:\/\/api.w.org\/{rel}","templated":true}]}}