{"id":161728,"date":"2022-11-02T15:17:41","date_gmt":"2022-11-02T11:17:41","guid":{"rendered":""},"modified":"-0001-11-30T00:00:00","modified_gmt":"-0001-11-29T20:00:00","slug":"","status":"publish","type":"post","link":"https:\/\/ucnoqta.az\/?p=161728","title":{"rendered":"V\u0259t\u0259n m\u00fcharib\u0259si \u0259lill\u0259rin\u0259 20 avtomobil t\u0259qdim edilib"},"content":{"rendered":"<p><strong>Bu g&uuml;n \u018fm\u0259k v\u0259 \u018fhalinin Sosial M&uuml;dafi\u0259si Nazirliyi t\u0259r\u0259find\u0259n V\u0259t\u0259n m&uuml;harib\u0259si il\u0259 \u0259laq\u0259dar \u0259lilliyi olan daha 20 v\u0259t\u0259nda\u015fa minik avtomobill\u0259ri t\u0259qdim edilib.<\/strong><\/p>\n<p>Ucnoqta.az x\u0259b\u0259r verir ki, t\u0259dbird\u0259 \u0259m\u0259k v\u0259 \u0259halinin sosial m&uuml;dafi\u0259si nazirinin m&uuml;avini Anar \u018fliyev Prezident \u0130lham \u018fliyevin g&ouml;st\u0259ri\u015fi il\u0259 V\u0259t\u0259n m&uuml;harib\u0259sind\u0259n sonra icra olunan geni\u015f miqyasl\u0131 sosial d\u0259st\u0259k paketinin \u015f\u0259hid ail\u0259l\u0259ri, m&uuml;harib\u0259 i\u015ftirak&ccedil;\u0131lar\u0131ndan ibar\u0259t art\u0131q 119 min \u015f\u0259xsi \u0259hat\u0259 etdiyini, onlara sosial d\u0259st\u0259k y&ouml;n&uuml;ml&uuml; 243 min xidm\u0259t g&ouml;st\u0259rildiyini bildirib.<\/p>\n<p>Qeyd olunub ki, bu sosial d\u0259st\u0259k paketinin bir istiqam\u0259ti kimi, postm&uuml;harib\u0259 d&ouml;vr&uuml;nd\u0259 \u015f\u0259hid ail\u0259l\u0259ri v\u0259 m&uuml;harib\u0259 il\u0259 \u0259laq\u0259dar \u0259lilliyi olan \u015f\u0259xsl\u0259r\u0259 4 min, &uuml;mumilikd\u0259 &ouml;t\u0259n d&ouml;vrd\u0259 13 min\u0259d\u0259k m\u0259nzil v\u0259 f\u0259rdi ev t\u0259qdim edilib.<\/p>\n<p>Bu kateqoriyalardan olan v\u0259t\u0259nda\u015flara 2022-ci il &uuml;zr\u0259 1500 m\u0259nzil v\u0259 f\u0259rdi ev verilm\u0259si n\u0259z\u0259rd\u0259 tutulub ki, art\u0131q 1000-i t\u0259qdim edilib.<\/p>\n<p>44 g&uuml;nl&uuml;k V\u0259t\u0259n m&uuml;harib\u0259si \u015f\u0259hidl\u0259rinin ail\u0259l\u0259rinin, h\u0259min m&uuml;harib\u0259 il\u0259 \u0259laq\u0259dar \u0259lilliyi olan \u015f\u0259xsl\u0259rin d\u0259 2021-ci ilin \u0259vv\u0259lind\u0259n m\u0259nzill\u0259 t\u0259minat\u0131 h\u0259yata ke&ccedil;irilir.<\/p>\n<p>M&uuml;h&uuml;m sosial proqramlardan biri d\u0259 m&uuml;harib\u0259 il\u0259 \u0259laq\u0259dar \u0259lilliyi olan \u015f\u0259xsl\u0259rin avtomobill\u0259 t\u0259minat\u0131d\u0131r. 44 g&uuml;nl&uuml;k V\u0259t\u0259n m&uuml;harib\u0259sind\u0259 yaralanaraq \u0259lilliyi m&uuml;\u0259yy\u0259n olunmu\u015f h\u0259rb&ccedil;il\u0259rimiz d\u0259 bu proqramla \u0259hat\u0259 olunaraq avtomobill\u0259 t\u0259min edilirl\u0259r.<\/p>\n<p>Haz\u0131rda t\u0259qdim edil\u0259n 20 avtomobil d\u0259 daxil olmaqla postm&uuml;harib\u0259 d&ouml;vr&uuml;nd\u0259 300-d\u0259n &ccedil;ox, &uuml;mum\u0259n &ouml;t\u0259n d&ouml;vrd\u0259 7500-d\u0259n &ccedil;ox avtomobil m&uuml;harib\u0259 il\u0259 \u0259laq\u0259dar \u0259lilliyi olan \u015f\u0259xsl\u0259r\u0259 verilib.<\/p>\n<p>M&uuml;harib\u0259 il\u0259 \u0259laq\u0259dar \u0259lilliyi olan \u015f\u0259xsl\u0259r onlara g&ouml;st\u0259ril\u0259n h\u0259rt\u0259r\u0259fli qay\u011f\u0131ya, bu g&uuml;n is\u0259 avtomobill\u0259 t\u0259min olunduqlar\u0131na g&ouml;r\u0259 Prezident \u0130lham \u018fliyev\u0259 minn\u0259tdarl\u0131qlar\u0131n\u0131 bildiribl\u0259r.<\/p>\n","protected":false},"excerpt":{"rendered":"<p>Bu g&uuml;n \u018fm\u0259k v\u0259 \u018fhalinin Sosial M&uuml;dafi\u0259si Nazirliyi t\u0259r\u0259find\u0259n V\u0259t\u0259n m&uuml;harib\u0259si il\u0259 \u0259laq\u0259dar \u0259lilliyi olan daha 20 v\u0259t\u0259nda\u015fa minik avtomobill\u0259ri t\u0259qdim edilib. Ucnoqta.az x\u0259b\u0259r verir ki, t\u0259dbird\u0259 \u0259m\u0259k v\u0259 \u0259halinin&hellip;<\/p>\n","protected":false},"author":1,"featured_media":251278,"comment_status":"open","ping_status":"open","sticky":false,"template":"","format":"standard","meta":{"_lmt_disableupdate":"","_lmt_disable":"","footnotes":""},"categories":[101],"tags":[],"class_list":["post-161728","post","type-post","status-publish","format-standard","has-post-thumbnail","hentry","category-cemiyyet"],"_links":{"self":[{"href":"https:\/\/ucnoqta.az\/index.php?rest_route=\/wp\/v2\/posts\/161728","targetHints":{"allow":["GET"]}}],"collection":[{"href":"https:\/\/ucnoqta.az\/index.php?rest_route=\/wp\/v2\/posts"}],"about":[{"href":"https:\/\/ucnoqta.az\/index.php?rest_route=\/wp\/v2\/types\/post"}],"author":[{"embeddable":true,"href":"https:\/\/ucnoqta.az\/index.php?rest_route=\/wp\/v2\/users\/1"}],"replies":[{"embeddable":true,"href":"https:\/\/ucnoqta.az\/index.php?rest_route=%2Fwp%2Fv2%2Fcomments&post=161728"}],"version-history":[{"count":0,"href":"https:\/\/ucnoqta.az\/index.php?rest_route=\/wp\/v2\/posts\/161728\/revisions"}],"wp:featuredmedia":[{"embeddable":true,"href":"https:\/\/ucnoqta.az\/index.php?rest_route=\/wp\/v2\/media\/251278"}],"wp:attachment":[{"href":"https:\/\/ucnoqta.az\/index.php?rest_route=%2Fwp%2Fv2%2Fmedia&parent=161728"}],"wp:term":[{"taxonomy":"category","embeddable":true,"href":"https:\/\/ucnoqta.az\/index.php?rest_route=%2Fwp%2Fv2%2Fcategories&post=161728"},{"taxonomy":"post_tag","embeddable":true,"href":"https:\/\/ucnoqta.az\/index.php?rest_route=%2Fwp%2Fv2%2Ftags&post=161728"}],"curies":[{"name":"wp","href":"https:\/\/api.w.org\/{rel}","templated":true}]}}