{"id":159979,"date":"2022-10-10T12:40:08","date_gmt":"2022-10-10T08:40:08","guid":{"rendered":""},"modified":"-0001-11-30T00:00:00","modified_gmt":"-0001-11-29T20:00:00","slug":"","status":"publish","type":"post","link":"https:\/\/ucnoqta.az\/?p=159979","title":{"rendered":"Qaraba\u011fdak\u0131 erm\u0259nil\u0259r\u0259 <font color=red><b>X\u018fB\u018fRDARLIQ<\/b><\/font>"},"content":{"rendered":"<p><strong>&ldquo;Az\u0259rbaycan Ordusu Erm\u0259nistan\u0131n, h\u0259r hans\u0131 d&ouml;vl\u0259tin suverenliyimiz\u0259, \u0259razi b&uuml;t&ouml;vl&uuml;y&uuml;m&uuml;z\u0259 qar\u015f\u0131 h\u0259r hans\u0131 t\u0259hdidin\u0259 q\u0259tiyy\u0259tl\u0259 cavab verm\u0259y\u0259 h\u0259r an haz\u0131rd\u0131r&rdquo;.<\/strong><\/p>\n<p>Ucnoqta.az&nbsp;x\u0259b\u0259r verir ki,&nbsp;bunu M&uuml;dafi\u0259 Nazirliyinin h\u0259rbi hiss\u0259 komandirinin ideoloji i\u015f v\u0259 m\u0259n\u0259vi-psixoloji t\u0259minat &uuml;zr\u0259 m&uuml;avini, polkovnik El\u015fad \u018fbilov Sosial T\u0259dqiqatlar M\u0259rk\u0259zinin (STM) t\u0259\u015fkilat&ccedil;\u0131l\u0131\u011f\u0131 il\u0259 &ldquo;Erm\u0259nistan\u0131n Az\u0259rbaycana qar\u015f\u0131 m&uuml;harib\u0259 cinay\u0259tl\u0259ri son 30 ild\u0259&rdquo; m&ouml;vzusunda ke&ccedil;iril\u0259n konfransda deyib.<\/p>\n<p>&ldquo;H\u0259r k\u0259s bilsin ki, &ldquo;D\u0259mir yumruq&rdquo; yerind\u0259dir. \u018frazil\u0259rimizd\u0259 ya\u015fayan erm\u0259nil\u0259r d\u0259 \u0259g\u0259r Az\u0259rbaycan d&ouml;vl\u0259tinin v\u0259t\u0259nda\u015fl\u0131\u011f\u0131n\u0131 q\u0259bul edib, ya\u015famaq ist\u0259yirl\u0259rs\u0259, bundan sonra h\u0259r hans\u0131 t\u0259xribat t&ouml;r\u0259tm\u0259sinl\u0259r, bizi \u0259s\u0259bl\u0259\u015fdirm\u0259sinl\u0259r. \u018fg\u0259r bel\u0259 hal olacaqsa, Az\u0259rbaycan Ordusunun q\u0259tiyy\u0259tli reaksiyas\u0131n\u0131 g&ouml;r\u0259c\u0259kl\u0259r&rdquo;, &#8211; polkovnik vur\u011fulay\u0131b.<\/p>\n","protected":false},"excerpt":{"rendered":"<p>&ldquo;Az\u0259rbaycan Ordusu Erm\u0259nistan\u0131n, h\u0259r hans\u0131 d&ouml;vl\u0259tin suverenliyimiz\u0259, \u0259razi b&uuml;t&ouml;vl&uuml;y&uuml;m&uuml;z\u0259 qar\u015f\u0131 h\u0259r hans\u0131 t\u0259hdidin\u0259 q\u0259tiyy\u0259tl\u0259 cavab verm\u0259y\u0259 h\u0259r an haz\u0131rd\u0131r&rdquo;. Ucnoqta.az&nbsp;x\u0259b\u0259r verir ki,&nbsp;bunu M&uuml;dafi\u0259 Nazirliyinin h\u0259rbi hiss\u0259 komandirinin ideoloji i\u015f v\u0259&hellip;<\/p>\n","protected":false},"author":1,"featured_media":251278,"comment_status":"open","ping_status":"open","sticky":false,"template":"","format":"standard","meta":{"_lmt_disableupdate":"","_lmt_disable":"","footnotes":""},"categories":[],"tags":[],"class_list":["post-159979","post","type-post","status-publish","format-standard","has-post-thumbnail","hentry"],"_links":{"self":[{"href":"https:\/\/ucnoqta.az\/index.php?rest_route=\/wp\/v2\/posts\/159979","targetHints":{"allow":["GET"]}}],"collection":[{"href":"https:\/\/ucnoqta.az\/index.php?rest_route=\/wp\/v2\/posts"}],"about":[{"href":"https:\/\/ucnoqta.az\/index.php?rest_route=\/wp\/v2\/types\/post"}],"author":[{"embeddable":true,"href":"https:\/\/ucnoqta.az\/index.php?rest_route=\/wp\/v2\/users\/1"}],"replies":[{"embeddable":true,"href":"https:\/\/ucnoqta.az\/index.php?rest_route=%2Fwp%2Fv2%2Fcomments&post=159979"}],"version-history":[{"count":0,"href":"https:\/\/ucnoqta.az\/index.php?rest_route=\/wp\/v2\/posts\/159979\/revisions"}],"wp:featuredmedia":[{"embeddable":true,"href":"https:\/\/ucnoqta.az\/index.php?rest_route=\/wp\/v2\/media\/251278"}],"wp:attachment":[{"href":"https:\/\/ucnoqta.az\/index.php?rest_route=%2Fwp%2Fv2%2Fmedia&parent=159979"}],"wp:term":[{"taxonomy":"category","embeddable":true,"href":"https:\/\/ucnoqta.az\/index.php?rest_route=%2Fwp%2Fv2%2Fcategories&post=159979"},{"taxonomy":"post_tag","embeddable":true,"href":"https:\/\/ucnoqta.az\/index.php?rest_route=%2Fwp%2Fv2%2Ftags&post=159979"}],"curies":[{"name":"wp","href":"https:\/\/api.w.org\/{rel}","templated":true}]}}