{"id":159973,"date":"2022-10-10T11:36:40","date_gmt":"2022-10-10T07:36:40","guid":{"rendered":""},"modified":"-0001-11-30T00:00:00","modified_gmt":"-0001-11-29T20:00:00","slug":"","status":"publish","type":"post","link":"https:\/\/ucnoqta.az\/?p=159973","title":{"rendered":"44 g\u00fcnl\u00fck V\u0259t\u0259n m\u00fcharib\u0259si q\u0259l\u0259b\u0259si yeniyetm\u0259l\u0259r aras\u0131nda t\u0259bli\u011f olunur"},"content":{"rendered":"<p><strong>&ldquo;T\u0259hsil\u0259 D\u0259st\u0259k M\u0259rk\u0259zi&rdquo; \u0130ctimai Birliyi 44 g&uuml;nl&uuml;k V\u0259t\u0259n m&uuml;harib\u0259si q\u0259l\u0259b\u0259sinin yeniyetm\u0259l\u0259r aras\u0131nda t\u0259bli\u011fini h\u0259yata ke&ccedil;irir.&nbsp;<\/strong><\/p>\n<p>&ldquo;Yeniyetm\u0259 v\u0259 g\u0259ncl\u0259r aras\u0131nda V\u0259t\u0259n&nbsp; m&uuml;harib\u0259si q\u0259l\u0259b\u0259sinin t\u0259bli\u011fi&rdquo; layih\u0259si &ccedil;\u0259r&ccedil;iv\u0259sind\u0259 ilk t\u0259dbir\u0259 Yevlax rayonunda ke&ccedil;mi\u015f m\u0259cburi k&ouml;&ccedil;k&uuml;nl\u0259rin ya\u015fad\u0131\u011f\u0131 q\u0259s\u0259b\u0259d\u0259 f\u0259aliyy\u0259t g&ouml;st\u0259r\u0259n m\u0259kt\u0259bl\u0259rin \u015fagirdl\u0259ri c\u0259lb edilib. T\u0259dbir\u0259 K\u0259lb\u0259c\u0259r rayon 30 sayl\u0131 v\u0259 A\u011fdam rayonu 23 sayl\u0131 tam orta m\u0259kt\u0259bl\u0259rd\u0259 t\u0259hsil alan&nbsp; 54 n\u0259f\u0259r \u015fagird qat\u0131l\u0131b.&nbsp;<\/p>\n<p>T\u0259dbird\u0259 &ccedil;\u0131x\u0131\u015f ed\u0259n &ldquo;T\u0259hsil\u0259 D\u0259st\u0259k M\u0259rk\u0259zi&rdquo; \u0130ctimai Birliyinin s\u0259dri G&uuml;lsar\u0259 H\u0259s\u0259nova bildirib ki, layih\u0259 Az\u0259rbaycan Respublikas\u0131n\u0131n Qeyri-H&ouml;kum\u0259t T\u0259\u015fkilatlar\u0131na D&ouml;vl\u0259t D\u0259st\u0259yi Agentliyinin maliyy\u0259 d\u0259st\u0259yi il\u0259 icra olunur: &ldquo;Layih\u0259nin \u0259sas m\u0259qs\u0259di V\u0259t\u0259n m&uuml;harib\u0259si q\u0259hr\u0259manlar\u0131 il\u0259 orta m\u0259kt\u0259b \u015fagirdl\u0259rinin g&ouml;r&uuml;\u015f&uuml;n&uuml; t\u0259\u015fkil etm\u0259k, z\u0259f\u0259r tariximizi orta &uuml;mumt\u0259hsil m&uuml;\u0259ssis\u0259l\u0259rind\u0259 t\u0259bli\u011f etm\u0259k, yeniyetm\u0259l\u0259rin h\u0259rbi xidm\u0259t\u0259 mara\u011f\u0131n\u0131 art\u0131rmaqla V\u0259t\u0259n m&uuml;harib\u0259si q\u0259l\u0259b\u0259si haqq\u0131nda g\u0259l\u0259c\u0259yimiz olan yeniyetm\u0259l\u0259ri bilgil\u0259ndirm\u0259kdir. \u0130lk t\u0259dbirimizi bu g&uuml;n Yevlax rayonunda t\u0259\u015fkil etmi\u015fik.<\/p>\n<p>Qar\u015f\u0131dak\u0131 g&uuml;nl\u0259rd\u0259 Ming\u0259&ccedil;evir v\u0259 Ab\u015feron rayonu \u0259razisind\u0259 m\u0259cburi k&ouml;&ccedil;k&uuml;nl\u0259rin t\u0259hsil ald\u0131\u011f\u0131 m\u0259kt\u0259bl\u0259rin VII-XI&nbsp; sinif \u015fagirdl\u0259rinin i\u015ftirak\u0131 il\u0259 m\u0259lumatland\u0131rma sessiyas\u0131 ke&ccedil;irilm\u0259si n\u0259z\u0259rd\u0259 tutulur. Bu g&uuml;n V\u0259t\u0259n M&uuml;harib\u0259si qazisi, X&uuml;susi T\u0259yinatl\u0131 Q&uuml;vv\u0259l\u0259rin t\u0259rkibind\u0259 F&uuml;zulid\u0259n \u015eu\u015fayad\u0259k d&ouml;y&uuml;\u015f yolu ke&ccedil;\u0259n Cavid H\u0259s\u0259nov sizl\u0259r\u0259 Az\u0259rbaycan Ordusunun torpaqlar\u0131m\u0131z\u0131n i\u015f\u011faldan azad edilm\u0259si u\u011frunda apard\u0131\u011f\u0131 \u0259m\u0259liyyatlarda g&ouml;st\u0259rdikl\u0259ri q\u0259hr\u0259manl\u0131qlardan dan\u0131\u015facaq. Ke&ccedil;diyi d&ouml;y&uuml;\u015f yolu il\u0259 ba\u011fl\u0131 q\u0259hr\u0259manl\u0131q dastan\u0131n\u0131 qazimizin &ouml;z dilind\u0259n e\u015fid\u0259c\u0259ksiniz. H\u0259m&ccedil;inin, sonda sizi maraqland\u0131ran suallara qazimizd\u0259n cavab ala bil\u0259c\u0259ksiniz&rdquo;.<\/p>\n<p>Daha sonra &ccedil;\u0131x\u0131\u015f ed\u0259n V\u0259t\u0259n M&uuml;harib\u0259si qazisi Cavid H\u0259s\u0259nov V\u0259t\u0259n m&uuml;harib\u0259sind\u0259 q\u0259hr\u0259manl\u0131q g&ouml;st\u0259r\u0259n igidl\u0259rimizin \u015f&uuml;ca\u0259ti, ke&ccedil;dikl\u0259ri d&ouml;y&uuml;\u015f yolu il\u0259 ba\u011fl\u0131 m\u0259kt\u0259blil\u0259r\u0259 m\u0259lumat verib. Az\u0259rbaycan\u0131n 30 il\u0259 yax\u0131n i\u015f\u011fal alt\u0131nda qalan \u0259razil\u0259rinin c\u0259mi 44 g&uuml;n\u0259 nec\u0259 azad edilm\u0259si bar\u0259d\u0259 dan\u0131\u015fan Cavid H\u0259s\u0259nov q\u0259hr\u0259manlar\u0131m\u0131z\u0131n h\u0259yat yolunun h\u0259r k\u0259s &uuml;&ccedil;&uuml;n &ouml;rn\u0259k oldu\u011funu qeyd edib.<\/p>\n<p>Cavid H\u0259s\u0259nov \u015fagirdl\u0259ri respublikam\u0131zdak\u0131 h\u0259rbi m\u0259kt\u0259bl\u0259r, h\u0259rb s\u0259n\u0259tinin &uuml;st&uuml;nl&uuml;kl\u0259ri, h\u0259rbi m\u0259kt\u0259bl\u0259r\u0259 q\u0259bul qaydalar\u0131 bar\u0259d\u0259 bilgil\u0259ndirib.<\/p>\n<p>Daha sonra V\u0259t\u0259n M&uuml;harib\u0259si qazisi Cavid H\u0259s\u0259nov m\u0259kt\u0259blil\u0259rin suallar\u0131n\u0131 cavabland\u0131r\u0131b.<\/p>\n<p>Qeyd ed\u0259k ki, layih\u0259nin ikinci m\u0259rh\u0259l\u0259sind\u0259 \u015fagirdl\u0259r aras\u0131nda V\u0259t\u0259n m&uuml;harib\u0259si q\u0259hr\u0259manlar\u0131n\u0131n g&ouml;st\u0259rdikl\u0259ri \u015f&uuml;ca\u0259t \u0259ks olunan &ldquo;Z\u0259f\u0259r\u0259 aparan yol&rdquo; adl\u0131 hekay\u0259 m&uuml;sabiq\u0259si t\u0259\u015fkil olunacaq.<\/p>\n","protected":false},"excerpt":{"rendered":"<p>&ldquo;T\u0259hsil\u0259 D\u0259st\u0259k M\u0259rk\u0259zi&rdquo; \u0130ctimai Birliyi 44 g&uuml;nl&uuml;k V\u0259t\u0259n m&uuml;harib\u0259si q\u0259l\u0259b\u0259sinin yeniyetm\u0259l\u0259r aras\u0131nda t\u0259bli\u011fini h\u0259yata ke&ccedil;irir.&nbsp; &ldquo;Yeniyetm\u0259 v\u0259 g\u0259ncl\u0259r aras\u0131nda V\u0259t\u0259n&nbsp; m&uuml;harib\u0259si q\u0259l\u0259b\u0259sinin t\u0259bli\u011fi&rdquo; layih\u0259si &ccedil;\u0259r&ccedil;iv\u0259sind\u0259 ilk t\u0259dbir\u0259 Yevlax rayonunda ke&ccedil;mi\u015f&hellip;<\/p>\n","protected":false},"author":1,"featured_media":251278,"comment_status":"open","ping_status":"open","sticky":false,"template":"","format":"standard","meta":{"_lmt_disableupdate":"","_lmt_disable":"","footnotes":""},"categories":[101],"tags":[],"class_list":["post-159973","post","type-post","status-publish","format-standard","has-post-thumbnail","hentry","category-cemiyyet"],"_links":{"self":[{"href":"https:\/\/ucnoqta.az\/index.php?rest_route=\/wp\/v2\/posts\/159973","targetHints":{"allow":["GET"]}}],"collection":[{"href":"https:\/\/ucnoqta.az\/index.php?rest_route=\/wp\/v2\/posts"}],"about":[{"href":"https:\/\/ucnoqta.az\/index.php?rest_route=\/wp\/v2\/types\/post"}],"author":[{"embeddable":true,"href":"https:\/\/ucnoqta.az\/index.php?rest_route=\/wp\/v2\/users\/1"}],"replies":[{"embeddable":true,"href":"https:\/\/ucnoqta.az\/index.php?rest_route=%2Fwp%2Fv2%2Fcomments&post=159973"}],"version-history":[{"count":0,"href":"https:\/\/ucnoqta.az\/index.php?rest_route=\/wp\/v2\/posts\/159973\/revisions"}],"wp:featuredmedia":[{"embeddable":true,"href":"https:\/\/ucnoqta.az\/index.php?rest_route=\/wp\/v2\/media\/251278"}],"wp:attachment":[{"href":"https:\/\/ucnoqta.az\/index.php?rest_route=%2Fwp%2Fv2%2Fmedia&parent=159973"}],"wp:term":[{"taxonomy":"category","embeddable":true,"href":"https:\/\/ucnoqta.az\/index.php?rest_route=%2Fwp%2Fv2%2Fcategories&post=159973"},{"taxonomy":"post_tag","embeddable":true,"href":"https:\/\/ucnoqta.az\/index.php?rest_route=%2Fwp%2Fv2%2Ftags&post=159973"}],"curies":[{"name":"wp","href":"https:\/\/api.w.org\/{rel}","templated":true}]}}