{"id":159966,"date":"2022-10-10T13:02:24","date_gmt":"2022-10-10T09:02:24","guid":{"rendered":""},"modified":"-0001-11-30T00:00:00","modified_gmt":"-0001-11-29T20:00:00","slug":"","status":"publish","type":"post","link":"https:\/\/ucnoqta.az\/?p=159966","title":{"rendered":"Prezident Britaniya s\u0259firini q\u0259bul etdi &#8211; <font color=red><b>FOTO (YEN\u0130L\u018fN\u0130B)<\/b><\/font>"},"content":{"rendered":"<p><strong>Oktyabr\u0131n 10-da Az\u0259rbaycan Respublikas\u0131n\u0131n Prezidenti \u0130lham \u018fliyev B&ouml;y&uuml;k Britaniya v\u0259 \u015eimali \u0130rlandiya Birl\u0259\u015fmi\u015f Krall\u0131\u011f\u0131n\u0131n &ouml;lk\u0259mizd\u0259 yeni t\u0259yin olunmu\u015f f&ouml;vq\u0259lad\u0259 v\u0259 s\u0259lahiyy\u0259tli s\u0259firi Fergus Auldun etimadnam\u0259sini q\u0259bul edib.<\/strong><\/p>\n<p>Ucnoqta.az x\u0259b\u0259r verir ki, etimadnam\u0259sini d&ouml;vl\u0259t&nbsp;ba\u015f&ccedil;\u0131s\u0131na t\u0259qdim ed\u0259n s\u0259fir&nbsp;Fergus Auld&nbsp;Az\u0259rbaycan dilind\u0259 deyib:<\/p>\n<p>&#8211; H&ouml;rm\u0259tli c\u0259nab Prezident, sabah\u0131n\u0131z xeyir, etimadnam\u0259mi Siz\u0259 t\u0259qdim etm\u0259kd\u0259n &ccedil;ox m\u0259mnunam.<\/p>\n<p>Prezident&nbsp;\u0130lham \u018fliyev: T\u0259\u015f\u0259kk&uuml;r edir\u0259m.<\/p>\n<p>Sonra d&ouml;vl\u0259timizin ba\u015f&ccedil;\u0131s\u0131 s\u0259firl\u0259 s&ouml;hb\u0259t etdi.<\/p>\n<p>Az\u0259rbaycan Prezidenti&nbsp;\u0130lham \u018fliyev&nbsp;deyib:<\/p>\n<p>&#8211; C\u0259nab s\u0259fir, sabah\u0131n\u0131z xeyir. \u018fvv\u0259lc\u0259, Az\u0259rbaycan dilini &ouml;yr\u0259ndiyiniz\u0259 g&ouml;r\u0259 siz\u0259 t\u0259\u015f\u0259kk&uuml;r edir\u0259m. Bizim art\u0131q g&ouml;r&uuml;\u015fm\u0259k imkan\u0131m\u0131z olub v\u0259 m\u0259n g&ouml;rd&uuml;m ki, siz, dem\u0259k olar, Az\u0259rbaycan dilind\u0259 s\u0259lis dan\u0131\u015f\u0131rs\u0131n\u0131z. Bu, olduqca g&ouml;zl\u0259nilm\u0259z oldu, ancaq, eyni zamanda, bu, sizin bizim m\u0259d\u0259niyy\u0259timiz\u0259 v\u0259 dilimiz\u0259 ehtiram\u0131n\u0131z\u0131 n&uuml;mayi\u015f etdirir. Bilir\u0259m ki, s\u0259fir t\u0259yin edilm\u0259mi\u015fd\u0259n \u0259vv\u0259l siz bir ne&ccedil;\u0259 h\u0259ft\u0259 Az\u0259rbaycan\u0131n b&ouml;lg\u0259l\u0259rind\u0259n birind\u0259 ya\u015fam\u0131s\u0131n\u0131z. Bu, sizin yeni v\u0259zif\u0259y\u0259 t\u0259yin edilm\u0259yinizl\u0259 \u0259laq\u0259dar n&uuml;mayi\u015f etdirdiyiniz y&uuml;ks\u0259k m\u0259suliyy\u0259tin daha bir g&ouml;st\u0259ricisidir.<\/p>\n<p>\u018fmin\u0259m ki, &ouml;lk\u0259mizd\u0259 oldu\u011funuz m&uuml;dd\u0259td\u0259 siz Az\u0259rbaycan\u0131 daha yax\u0131ndan tan\u0131maq imkan\u0131 \u0259ld\u0259 ed\u0259c\u0259ksiniz v\u0259 \u0259m\u0259kda\u015fl\u0131\u011f\u0131m\u0131z\u0131n g\u0259l\u0259c\u0259k inki\u015faf\u0131na \u0259h\u0259miyy\u0259tli t&ouml;hf\u0259 ver\u0259c\u0259ksiniz, o c&uuml;ml\u0259d\u0259n bizim \u0259n\u0259n\u0259vi \u0259m\u0259kda\u015fl\u0131q sah\u0259l\u0259rin\u0259 daxil olmayan, potensial t\u0259r\u0259fda\u015fl\u0131\u011f\u0131n yeni sah\u0259l\u0259rind\u0259.<\/p>\n<p>&Ccedil;&uuml;nki \u0259m\u0259kda\u015fl\u0131\u011f\u0131m\u0131z\u0131n \u0259sas v\u0259 \u0259n\u0259n\u0259vi sah\u0259l\u0259rind\u0259 art\u0131q ciddi ir\u0259lil\u0259yi\u015f v\u0259 b&ouml;y&uuml;k nailiyy\u0259tl\u0259r var. M\u0259n t\u0259kc\u0259 Az\u0259rbaycan &uuml;&ccedil;&uuml;n deyil, daha geni\u015f region &uuml;&ccedil;&uuml;n bu g&uuml;n he&ccedil; zaman olmad\u0131\u011f\u0131 q\u0259d\u0259r m&uuml;h&uuml;m olan enerji sah\u0259sini n\u0259z\u0259rd\u0259 tuturam.<\/p>\n<p>Hesab edir\u0259m ki, biz art\u0131q enerjid\u0259n ba\u015fqa sah\u0259l\u0259r\u0259 n\u0259z\u0259r salmal\u0131y\u0131q &#8211; ticar\u0259t, qar\u015f\u0131l\u0131ql\u0131 ticar\u0259tin art\u0131r\u0131lmas\u0131, turizm v\u0259 insanlar aras\u0131nda t\u0259maslar. D&uuml;\u015f&uuml;n&uuml;r\u0259m ki, t\u0259hsil sah\u0259sind\u0259 \u0259m\u0259kda\u015fl\u0131\u011f\u0131n yax\u015f\u0131 n\u0259tic\u0259l\u0259ri var. Bildiyiniz kimi, bir &ccedil;ox az\u0259rbaycanl\u0131 B&ouml;y&uuml;k Britaniyada t\u0259hsil al\u0131b v\u0259 almaqda davam edir. Lakin, bu \u0259m\u0259kda\u015fl\u0131\u011f\u0131n dinamikaya v\u0259 m&uuml;\u0259yy\u0259n &ccedil;\u0259r&ccedil;iv\u0259y\u0259 ehtiyac\u0131 var. &Uuml;mumilikd\u0259, biz t\u0259r\u0259fda\u015fl\u0131\u011f\u0131m\u0131z\u0131n s\u0259viyy\u0259sind\u0259n olduqca m\u0259mnunuq. Uzun ill\u0259r \u0259rzind\u0259 Az\u0259rbaycan v\u0259 B&ouml;y&uuml;k Britaniya aras\u0131nda y&uuml;ks\u0259k s\u0259viyy\u0259li siyasi dialoq, qar\u015f\u0131l\u0131ql\u0131 maraqlara h&ouml;rm\u0259t v\u0259 bir s\u0131ra sah\u0259l\u0259rd\u0259 s\u0131x \u0259m\u0259kda\u015fl\u0131q m&ouml;vcuddur.<\/p>\n<p>B&ouml;y&uuml;k Britaniya Az\u0259rbaycana \u0259n &ccedil;ox s\u0259rmay\u0259 qoymu\u015f &ouml;lk\u0259 v\u0259 strateji t\u0259r\u0259fda\u015fd\u0131r. Buraya \u0259n\u0259n\u0259vi sah\u0259l\u0259r daxildir, ancaq \u0259min\u0259m ki, art\u0131q yenil\u0259n\u0259n enerji n&ouml;vl\u0259rin\u0259 d\u0259 s\u0259rmay\u0259 qoyulacaq. Siz bilirsiniz ki, biz bu vacib istiqam\u0259td\u0259 add\u0131m atma\u011fa yax\u0131n\u0131q. Siz Az\u0259rbaycanda f\u0259aliyy\u0259tiniz\u0259 tamamil\u0259 f\u0259rqli m&uuml;hitd\u0259 ba\u015flay\u0131rs\u0131n\u0131z. &Ccedil;&uuml;nki Qaraba\u011f m&uuml;naqi\u015f\u0259si ba\u015fa &ccedil;atd\u0131qdan sonra regionda v\u0259ziyy\u0259t tamamil\u0259 d\u0259yi\u015fib. Biz hesab edirik ki, bu, m&uuml;sb\u0259t dinamikadan b\u0259hr\u0259l\u0259nm\u0259k v\u0259 regionumuzda davaml\u0131 s&uuml;lh&uuml;n b\u0259rq\u0259rar edilm\u0259si &uuml;&ccedil;&uuml;n f&uuml;rs\u0259tdir.<\/p>\n<p>Bizim m&ouml;vqeyimiz &ccedil;ox ayd\u0131nd\u0131r. Biz bunu vur\u011fulam\u0131\u015f\u0131q v\u0259 ictimai \u015f\u0259kild\u0259 bir ne&ccedil;\u0259 vacib t\u0259klifl\u0259r ir\u0259li s&uuml;rm&uuml;\u015f&uuml;k ki, onlar davaml\u0131 s&uuml;lh, sabitlik, t\u0259hl&uuml;k\u0259sizlik v\u0259 normal qon\u015fuluq m&uuml;nasib\u0259tl\u0259rin\u0259 g\u0259tirib &ccedil;\u0131xara bil\u0259r. Biz bu istiqam\u0259td\u0259 B&ouml;y&uuml;k Britaniya H&ouml;kum\u0259tinin d\u0259st\u0259yin\u0259 &uuml;mid edirik. Biz\u0259 m\u0259lumdur ki, &ouml;lk\u0259nizin d\u0259 regionla ba\u011fl\u0131 g&uuml;nd\u0259liyi eynidir &ndash; s&uuml;lh, sabitlik, t\u0259hl&uuml;k\u0259sizlik v\u0259 \u0259m\u0259kda\u015fl\u0131q. \u018fmin\u0259m ki, qar\u015f\u0131dan g\u0259l\u0259n ill\u0259rd\u0259 biz sizinl\u0259, buradak\u0131 hey\u0259tinizl\u0259 v\u0259 h&ouml;kum\u0259t r\u0259smil\u0259rinizl\u0259 Erm\u0259nistan v\u0259 Az\u0259rbaycan aras\u0131nda m&uuml;nasib\u0259tl\u0259rin normalla\u015fd\u0131r\u0131lmas\u0131 prosesinin s&uuml;r\u0259tl\u0259ndirilm\u0259si istiqam\u0259tind\u0259 \u0259m\u0259kda\u015fl\u0131q ed\u0259c\u0259yik. Y\u0259ni, g&uuml;nd\u0259liyimiz olduqca geni\u015fdir.<\/p>\n<p>M\u0259d\u0259niyy\u0259timiz\u0259 b&ouml;y&uuml;k ehtiram\u0131n n&uuml;mun\u0259sin\u0259 g&ouml;r\u0259 bir daha t\u0259\u015f\u0259kk&uuml;r edir\u0259m. Siz\u0259 f\u0259aliyy\u0259tinizd\u0259 u\u011furlar dil\u0259yir\u0259m. C\u0259nab s\u0259fir, xo\u015f g\u0259lmisiniz.<\/p>\n<p><strong>X X X<\/strong><\/p>\n<p>G&ouml;r&uuml;\u015fd\u0259 Az\u0259rbaycan dilind\u0259 &ccedil;\u0131x\u0131\u015f ed\u0259n s\u0259fir&nbsp;Fergus Auld&nbsp;dedi:<\/p>\n<p>&#8211; H&ouml;rm\u0259tli c\u0259nab Prezident.<\/p>\n<p>\u018flah\u0259zr\u0259t Krali&ccedil;a II Elizabetin v\u0259fat\u0131ndan sonra Az\u0259rbaycan xalq\u0131 ad\u0131ndan ba\u015fsa\u011fl\u0131\u011f\u0131 verm\u0259k &uuml;&ccedil;&uuml;n s\u0259firliyimizi ziyar\u0259t etdiyiniz\u0259 g&ouml;r\u0259 B&ouml;y&uuml;k Britaniya ad\u0131ndan bir daha Siz\u0259 minn\u0259tdarl\u0131\u011f\u0131m\u0131z\u0131 bildirm\u0259k ist\u0259rdim.<\/p>\n<p>Bu g&uuml;n G\u0259nc\u0259 \u015f\u0259h\u0259rinin m\u0259ruz qald\u0131\u011f\u0131 d\u0259h\u015f\u0259tli raket h&uuml;cumunun ikinci ild&ouml;n&uuml;m&uuml;d&uuml;r. H\u0259min faci\u0259li g&uuml;nd\u0259 h\u0259lak olanlar\u0131n ail\u0259l\u0259rin\u0259 ba\u015fsa\u011fl\u0131\u011f\u0131 verm\u0259k ist\u0259rdim. H\u0259m&ccedil;inin iki il \u0259vv\u0259lki m&uuml;harib\u0259d\u0259 v\u0259 d&ouml;y&uuml;\u015fl\u0259r ba\u015fa &ccedil;atd\u0131qdan sonra toqqu\u015fmalarda v\u0259 mina partlay\u0131\u015flar\u0131 n\u0259tic\u0259sind\u0259 h\u0259yat\u0131n\u0131 itir\u0259nl\u0259rin d\u0259 yax\u0131nlar\u0131na ba\u015fsa\u011fl\u0131\u011f\u0131m\u0131 &ccedil;atd\u0131rmaq ist\u0259rdim. B&ouml;y&uuml;k Britaniya regionda s&uuml;lh&uuml;n m&uuml;mk&uuml;n q\u0259d\u0259r tez \u0259ld\u0259 olunmas\u0131n\u0131 arzulay\u0131r.<\/p>\n<p>H&ouml;rm\u0259tli c\u0259nab Prezident, Britaniya s\u0259firliyind\u0259 g&ouml;r&uuml;\u015f\u0259rk\u0259n Siz\u0259 dediyim kimi, m\u0259n ilk d\u0259f\u0259 Az\u0259rbaycana Az\u0259rbaycan dili t\u0259l\u0259b\u0259si kimi g\u0259lmi\u015f\u0259m. Alt\u0131 h\u0259ft\u0259 \u0259rzind\u0259 G\u0259nc\u0259 \u015f\u0259h\u0259rind\u0259 yerli bir ail\u0259 il\u0259 ya\u015fad\u0131m, onlar\u0131n yem\u0259kl\u0259rini yedim v\u0259 h\u0259yatlar\u0131n\u0131 payla\u015fd\u0131m. Sizin m\u0259n\u0259 s&ouml;yl\u0259diyiniz kimi, bu &ouml;yr\u0259nm\u0259 Sizin m\u0259d\u0259niyy\u0259tiniz\u0259 d\u0259rin h&ouml;rm\u0259timi v\u0259 b&ouml;y&uuml;k &ouml;lk\u0259nizi anlamaq ist\u0259yimi g&ouml;st\u0259rdi. Xo\u015f qar\u015f\u0131lanma\u011f\u0131m v\u0259 xalq\u0131n\u0131z\u0131n qonaqp\u0259rv\u0259rliyi m\u0259ni valeh etdi. &Ccedil;ox \u015fadam ki, Az\u0259rbaycana s\u0259fir v\u0259 dost kimi qay\u0131d\u0131ram. M\u0259n &uuml;mid edir\u0259m ki, t\u0259z\u0259 barda\u011f\u0131n suyu s\u0259rin olar.<\/p>\n<p>Prezident&nbsp;\u0130lham \u018fliyev: T\u0259\u015f\u0259kk&uuml;r edir\u0259m. Siz dan\u0131\u015fd\u0131qca &ouml;z-&ouml;z&uuml;m\u0259 d&uuml;\u015f&uuml;nd&uuml;m, g&ouml;r&uuml;n n\u0259 q\u0259d\u0259r yol q\u0259t etmi\u015fik ki, Britaniya s\u0259firi az\u0259rbaycanca dan\u0131\u015f\u0131r, Az\u0259rbaycan Prezidenti is\u0259 ingilisc\u0259 dan\u0131\u015f\u0131r v\u0259 bir-birimizi anlay\u0131r\u0131q.<\/p>\n<p>\n<strong>11:13<\/strong><\/p>\n<p>Oktyabr\u0131n 10-da Az\u0259rbaycan Prezidenti \u0130lham \u018fliyev B&ouml;y&uuml;k Britaniya v\u0259 \u015eimali \u0130rlandiya Birl\u0259\u015fmi\u015f Krall\u0131\u011f\u0131n\u0131n &ouml;lk\u0259mizd\u0259 yeni t\u0259yin olunmu\u015f f&ouml;vq\u0259lad\u0259 v\u0259 s\u0259lahiyy\u0259tli s\u0259firi Fergus Auldun etimadnam\u0259sini q\u0259bul edib.<\/p>\n<p>Ucnoqta.az x\u0259b\u0259r verir ki, bu bar\u0259d\u0259 Prezidentin M\u0259tbuat xidm\u0259ti m\u0259lumat yay\u0131b.<\/p>\n","protected":false},"excerpt":{"rendered":"<p>Oktyabr\u0131n 10-da Az\u0259rbaycan Respublikas\u0131n\u0131n Prezidenti \u0130lham \u018fliyev B&ouml;y&uuml;k Britaniya v\u0259 \u015eimali \u0130rlandiya Birl\u0259\u015fmi\u015f Krall\u0131\u011f\u0131n\u0131n &ouml;lk\u0259mizd\u0259 yeni t\u0259yin olunmu\u015f f&ouml;vq\u0259lad\u0259 v\u0259 s\u0259lahiyy\u0259tli s\u0259firi Fergus Auldun etimadnam\u0259sini q\u0259bul edib. Ucnoqta.az x\u0259b\u0259r verir&hellip;<\/p>\n","protected":false},"author":1,"featured_media":251278,"comment_status":"open","ping_status":"open","sticky":false,"template":"","format":"standard","meta":{"_lmt_disableupdate":"","_lmt_disable":"","footnotes":""},"categories":[],"tags":[],"class_list":["post-159966","post","type-post","status-publish","format-standard","has-post-thumbnail","hentry"],"_links":{"self":[{"href":"https:\/\/ucnoqta.az\/index.php?rest_route=\/wp\/v2\/posts\/159966","targetHints":{"allow":["GET"]}}],"collection":[{"href":"https:\/\/ucnoqta.az\/index.php?rest_route=\/wp\/v2\/posts"}],"about":[{"href":"https:\/\/ucnoqta.az\/index.php?rest_route=\/wp\/v2\/types\/post"}],"author":[{"embeddable":true,"href":"https:\/\/ucnoqta.az\/index.php?rest_route=\/wp\/v2\/users\/1"}],"replies":[{"embeddable":true,"href":"https:\/\/ucnoqta.az\/index.php?rest_route=%2Fwp%2Fv2%2Fcomments&post=159966"}],"version-history":[{"count":0,"href":"https:\/\/ucnoqta.az\/index.php?rest_route=\/wp\/v2\/posts\/159966\/revisions"}],"wp:featuredmedia":[{"embeddable":true,"href":"https:\/\/ucnoqta.az\/index.php?rest_route=\/wp\/v2\/media\/251278"}],"wp:attachment":[{"href":"https:\/\/ucnoqta.az\/index.php?rest_route=%2Fwp%2Fv2%2Fmedia&parent=159966"}],"wp:term":[{"taxonomy":"category","embeddable":true,"href":"https:\/\/ucnoqta.az\/index.php?rest_route=%2Fwp%2Fv2%2Fcategories&post=159966"},{"taxonomy":"post_tag","embeddable":true,"href":"https:\/\/ucnoqta.az\/index.php?rest_route=%2Fwp%2Fv2%2Ftags&post=159966"}],"curies":[{"name":"wp","href":"https:\/\/api.w.org\/{rel}","templated":true}]}}