{"id":159961,"date":"2022-10-10T10:25:10","date_gmt":"2022-10-10T06:25:10","guid":{"rendered":""},"modified":"-0001-11-30T00:00:00","modified_gmt":"-0001-11-29T20:00:00","slug":"","status":"publish","type":"post","link":"https:\/\/ucnoqta.az\/?p=159961","title":{"rendered":"S\u0259f\u0259r Mehdiyevin daha bir adam\u0131 i\u015fd\u0259n \u00e7\u0131xar\u0131ld\u0131 &#8211; <font color=red><b>FOTO<\/b><\/font>"},"content":{"rendered":"<p><strong>D&ouml;vl\u0259t G&ouml;mr&uuml;k Komit\u0259sinin (DGK) sabiq s\u0259dri, general-polkovnik S\u0259f\u0259r Mehdiyev\u0259 yax\u0131nl\u0131\u011f\u0131 il\u0259 tan\u0131nan daha bir y&uuml;ks\u0259k v\u0259zif\u0259li \u015f\u0259xs i\u015fd\u0259n &ccedil;\u0131xar\u0131l\u0131b.<\/strong><\/p>\n<p>&ldquo;Qaynarinfo&rdquo;nun m\u0259lumat\u0131na g&ouml;r\u0259, D&ouml;vl\u0259t G&ouml;mr&uuml;k Komit\u0259si s\u0259drinin birinci m&uuml;avini, s\u0259dr v\u0259zif\u0259sini m&uuml;v\u0259qq\u0259ti icra ed\u0259n \u015eahin Ba\u011f\u0131rovun \u0259mri il\u0259 g&ouml;mr&uuml;k xidm\u0259ti polkovniki \u018fjd\u0259r Abdullayev Komit\u0259nin N&ouml;vb\u0259t&ccedil;i Hiss\u0259l\u0259ri \u0130dar\u0259etm\u0259si Xidm\u0259tinin r\u0259isi v\u0259zif\u0259sind\u0259n azad edil\u0259r\u0259k, t\u0259qa&uuml;d\u0259 g&ouml;nd\u0259rilib.&nbsp;<\/p>\n<p>Qeyd ed\u0259k ki, Abdullayev \u018fjd\u0259r Al\u0131 o\u011flu 1998-ci ild\u0259n indiy\u0259d\u0259k&nbsp;G&ouml;mr&uuml;k Komit\u0259sind\u0259 inspektor, N&ouml;vb\u0259t&ccedil;i Hiss\u0259nin r\u0259isi i\u015fl\u0259yib.<\/p>\n<p>Xat\u0131rladaq ki, avqustun 4-d\u0259 D&ouml;vl\u0259t G&ouml;mr&uuml;k Komit\u0259sinin (DGK) s\u0259dri v\u0259zif\u0259sini icra ed\u0259n g&ouml;mr&uuml;k xidm\u0259ti general-leytenant\u0131 \u015eahin Ba\u011f\u0131rovun \u0259mri il\u0259&nbsp; &ldquo;Az\u0259rterminalkompleks&rdquo; \u0130stehsalat Birliyinin r\u0259is m&uuml;avini Zeynal Tarquluyev v\u0259 Enerji Resurslar\u0131 v\u0259 D\u0259niz N\u0259qliyyat\u0131nda Ba\u015f G&ouml;mr&uuml;k idar\u0259sinin \u015f&ouml;b\u0259 r\u0259isi R\u0259fail Nift\u0259liyev v\u0259zif\u0259sind\u0259n azad edilib.<\/p>\n<p>Zeynal Tarquluyev S\u0259f\u0259r Mehdiyevin qayn\u0131, R\u0259fail Nift\u0259liyev is\u0259 bald\u0131z\u0131 o\u011fludur.&nbsp;<\/p>\n<p>Eyni zamanda, S.Mehdiyevin kadrlar\u0131ndan olan D&ouml;vl\u0259t G&ouml;mr&uuml;k Komit\u0259sinin Texnoloji \u0130nnovasiyalar v\u0259 Statistika Ba\u015f \u0130dar\u0259sinin r\u0259isi, g&ouml;mr&uuml;k xidm\u0259ti general-mayoru T\u0259mkin X\u0259lilov da avqustun 5-d\u0259 t\u0259qa&uuml;d\u0259 g&ouml;nd\u0259rilib.<\/p>\n<p>D&ouml;vl\u0259t G&ouml;mr&uuml;k Komit\u0259si Katibliyinin r\u0259isi \u015e&uuml;k&uuml;rov Muxtar Fazil o\u011flu da i\u015fd\u0259n &ccedil;\u0131xar\u0131lanlar siyah\u0131s\u0131ndad\u0131r. O, avqustun 16-da v\u0259zif\u0259sind\u0259n azad edil\u0259r\u0259k, t\u0259qa&uuml;d\u0259 g&ouml;nd\u0259rilib.<\/p>\n<p>Sentyabr\u0131n 6-da Komit\u0259nin G&ouml;mr&uuml;k N\u0259zar\u0259tinin T\u0259\u015fkili v\u0259 Ticar\u0259tin Asanla\u015fd\u0131r\u0131lmas\u0131 Ba\u015f \u0130dar\u0259sinin r\u0259isi, general-mayor K\u0259nan M\u0259mm\u0259dov bu s\u0259b\u0259bd\u0259n tutdu\u011fu v\u0259zif\u0259d\u0259n azad olunub.<\/p>\n<p>Bundan ba\u015fqa, sentyabr\u0131n 16-da D&ouml;vl\u0259t G&ouml;mr&uuml;k Komit\u0259sinin \u0130nsan Resurslar\u0131 \u0130dar\u0259sinin r\u0259isi F\u0259rhad F\u0259rrux o\u011flu Babayev &ouml;z xahi\u015fi il\u0259 v\u0259zif\u0259sind\u0259n azad olunub. F\u0259rhad Babayev DGK-n\u0131n sabiq s\u0259dri S\u0259f\u0259r Mehdiyevin t\u0259l\u0259b\u0259 yolda\u015f\u0131 olub.&nbsp;<\/p>\n<p>&nbsp;<\/p>\n","protected":false},"excerpt":{"rendered":"<p>D&ouml;vl\u0259t G&ouml;mr&uuml;k Komit\u0259sinin (DGK) sabiq s\u0259dri, general-polkovnik S\u0259f\u0259r Mehdiyev\u0259 yax\u0131nl\u0131\u011f\u0131 il\u0259 tan\u0131nan daha bir y&uuml;ks\u0259k v\u0259zif\u0259li \u015f\u0259xs i\u015fd\u0259n &ccedil;\u0131xar\u0131l\u0131b. &ldquo;Qaynarinfo&rdquo;nun m\u0259lumat\u0131na g&ouml;r\u0259, D&ouml;vl\u0259t G&ouml;mr&uuml;k Komit\u0259si s\u0259drinin birinci m&uuml;avini, s\u0259dr v\u0259zif\u0259sini&hellip;<\/p>\n","protected":false},"author":1,"featured_media":251278,"comment_status":"open","ping_status":"open","sticky":false,"template":"","format":"standard","meta":{"_lmt_disableupdate":"","_lmt_disable":"","footnotes":""},"categories":[],"tags":[],"class_list":["post-159961","post","type-post","status-publish","format-standard","has-post-thumbnail","hentry"],"_links":{"self":[{"href":"https:\/\/ucnoqta.az\/index.php?rest_route=\/wp\/v2\/posts\/159961","targetHints":{"allow":["GET"]}}],"collection":[{"href":"https:\/\/ucnoqta.az\/index.php?rest_route=\/wp\/v2\/posts"}],"about":[{"href":"https:\/\/ucnoqta.az\/index.php?rest_route=\/wp\/v2\/types\/post"}],"author":[{"embeddable":true,"href":"https:\/\/ucnoqta.az\/index.php?rest_route=\/wp\/v2\/users\/1"}],"replies":[{"embeddable":true,"href":"https:\/\/ucnoqta.az\/index.php?rest_route=%2Fwp%2Fv2%2Fcomments&post=159961"}],"version-history":[{"count":0,"href":"https:\/\/ucnoqta.az\/index.php?rest_route=\/wp\/v2\/posts\/159961\/revisions"}],"wp:featuredmedia":[{"embeddable":true,"href":"https:\/\/ucnoqta.az\/index.php?rest_route=\/wp\/v2\/media\/251278"}],"wp:attachment":[{"href":"https:\/\/ucnoqta.az\/index.php?rest_route=%2Fwp%2Fv2%2Fmedia&parent=159961"}],"wp:term":[{"taxonomy":"category","embeddable":true,"href":"https:\/\/ucnoqta.az\/index.php?rest_route=%2Fwp%2Fv2%2Fcategories&post=159961"},{"taxonomy":"post_tag","embeddable":true,"href":"https:\/\/ucnoqta.az\/index.php?rest_route=%2Fwp%2Fv2%2Ftags&post=159961"}],"curies":[{"name":"wp","href":"https:\/\/api.w.org\/{rel}","templated":true}]}}