{"id":159946,"date":"2022-10-10T08:31:53","date_gmt":"2022-10-10T04:31:53","guid":{"rendered":""},"modified":"-0001-11-30T00:00:00","modified_gmt":"-0001-11-29T20:00:00","slug":"","status":"publish","type":"post","link":"https:\/\/ucnoqta.az\/?p=159946","title":{"rendered":"&#8220;N\u00fcv\u0259 m\u00fcharib\u0259si ehtimal\u0131 s\u00fcr\u0259tl\u0259 art\u0131r&#8221; &#8211; <font color=red><b>\u0130lon Mask<\/b><\/font>"},"content":{"rendered":"<p><strong>Amerikal\u0131 i\u015f adam\u0131 \u0130lon Mask n&uuml;v\u0259 m&uuml;naqi\u015f\u0259si riskl\u0259rinin artd\u0131\u011f\u0131n\u0131 bildirib.<\/strong><\/p>\n<p>Bu bar\u0259d\u0259 o, &ldquo;Twitter&rdquo;d\u0259 yaz\u0131b.<\/p>\n<p>&ldquo;N&uuml;v\u0259 m&uuml;harib\u0259si ehtimal\u0131 s&uuml;r\u0259tl\u0259 art\u0131r&rdquo;, &#8211; yazan Mask, qa&ccedil;\u0131lmaz qlobal n&uuml;v\u0259 m&uuml;harib\u0259si \u015fanslar\u0131 haqq\u0131nda fikir y&uuml;r&uuml;d\u0259n sosial media istifad\u0259&ccedil;isin\u0259 cavab verib.<br \/>\nQeyd ed\u0259k ki, bundan \u0259vv\u0259l A\u011f Evin Milli T\u0259hl&uuml;k\u0259sizlik \u015euras\u0131n\u0131n strateji kommunikasiyalar &uuml;zr\u0259 koordinatoru Con Kirbi bildirib ki, AB\u015e Rusiya Federasiyas\u0131n\u0131n n&uuml;v\u0259 silah\u0131ndan istifad\u0259 etm\u0259y\u0259 haz\u0131r oldu\u011funa dair he&ccedil; bir i\u015far\u0259 g&ouml;rm&uuml;r.<\/p>\n","protected":false},"excerpt":{"rendered":"<p>Amerikal\u0131 i\u015f adam\u0131 \u0130lon Mask n&uuml;v\u0259 m&uuml;naqi\u015f\u0259si riskl\u0259rinin artd\u0131\u011f\u0131n\u0131 bildirib. Bu bar\u0259d\u0259 o, &ldquo;Twitter&rdquo;d\u0259 yaz\u0131b. &ldquo;N&uuml;v\u0259 m&uuml;harib\u0259si ehtimal\u0131 s&uuml;r\u0259tl\u0259 art\u0131r&rdquo;, &#8211; yazan Mask, qa&ccedil;\u0131lmaz qlobal n&uuml;v\u0259 m&uuml;harib\u0259si \u015fanslar\u0131 haqq\u0131nda fikir&hellip;<\/p>\n","protected":false},"author":1,"featured_media":251278,"comment_status":"open","ping_status":"open","sticky":false,"template":"","format":"standard","meta":{"_lmt_disableupdate":"","_lmt_disable":"","footnotes":""},"categories":[89],"tags":[],"class_list":["post-159946","post","type-post","status-publish","format-standard","has-post-thumbnail","hentry","category-dunya-butun-xeberler"],"_links":{"self":[{"href":"https:\/\/ucnoqta.az\/index.php?rest_route=\/wp\/v2\/posts\/159946","targetHints":{"allow":["GET"]}}],"collection":[{"href":"https:\/\/ucnoqta.az\/index.php?rest_route=\/wp\/v2\/posts"}],"about":[{"href":"https:\/\/ucnoqta.az\/index.php?rest_route=\/wp\/v2\/types\/post"}],"author":[{"embeddable":true,"href":"https:\/\/ucnoqta.az\/index.php?rest_route=\/wp\/v2\/users\/1"}],"replies":[{"embeddable":true,"href":"https:\/\/ucnoqta.az\/index.php?rest_route=%2Fwp%2Fv2%2Fcomments&post=159946"}],"version-history":[{"count":0,"href":"https:\/\/ucnoqta.az\/index.php?rest_route=\/wp\/v2\/posts\/159946\/revisions"}],"wp:featuredmedia":[{"embeddable":true,"href":"https:\/\/ucnoqta.az\/index.php?rest_route=\/wp\/v2\/media\/251278"}],"wp:attachment":[{"href":"https:\/\/ucnoqta.az\/index.php?rest_route=%2Fwp%2Fv2%2Fmedia&parent=159946"}],"wp:term":[{"taxonomy":"category","embeddable":true,"href":"https:\/\/ucnoqta.az\/index.php?rest_route=%2Fwp%2Fv2%2Fcategories&post=159946"},{"taxonomy":"post_tag","embeddable":true,"href":"https:\/\/ucnoqta.az\/index.php?rest_route=%2Fwp%2Fv2%2Ftags&post=159946"}],"curies":[{"name":"wp","href":"https:\/\/api.w.org\/{rel}","templated":true}]}}