{"id":159936,"date":"2022-10-09T18:44:05","date_gmt":"2022-10-09T14:44:05","guid":{"rendered":""},"modified":"-0001-11-30T00:00:00","modified_gmt":"-0001-11-29T20:00:00","slug":"","status":"publish","type":"post","link":"https:\/\/ucnoqta.az\/?p=159936","title":{"rendered":"Byazi AVRO-2024-\u00fcn p\u00fc\u015fkatmas\u0131n\u0131 d\u0259y\u0259rl\u0259ndirdi: <font color=red><b>\u201cF\u0259dakarl\u0131q etm\u0259liyik\u201d<\/b><\/font>"},"content":{"rendered":"<p><strong>&ldquo;P&uuml;\u015fk&uuml;n m\u0259hz bel\u0259 n\u0259tic\u0259l\u0259nm\u0259sini ist\u0259diyimizi des\u0259k, do\u011fru olmazd\u0131&rdquo;.<\/strong><\/p>\n<p>Ucnoqta.az x\u0259b\u0259r verir ki, bunu Az\u0259rbaycan millisinin ba\u015f m\u0259\u015fq&ccedil;isi Canni de Byazi AVRO-2024-&uuml;n se&ccedil;m\u0259 qrup m\u0259rh\u0259l\u0259sinin p&uuml;\u015fkatmas\u0131n\u0131 d\u0259y\u0259rl\u0259ndir\u0259rk\u0259n deyib.<\/p>\n<p>\u0130taliyal\u0131 m&uuml;t\u0259x\u0259ssis y\u0131\u011fmam\u0131z\u0131n F qrupunda yer almas\u0131na m&uuml;nasib\u0259t bildirib: &ldquo;Asan qrup deyil. R\u0259qibl\u0259rimizi ayr\u0131-ayr\u0131l\u0131qda d\u0259y\u0259rl\u0259ndirm\u0259li olsaq, t\u0259bii ki, qrupun a\u015fkar favoriti Bel&ccedil;ika millisidir. Eyni zamanda, dig\u0259r iki komandan\u0131 &#8211; \u0130sve&ccedil; v\u0259 Avstriya millil\u0259rini d\u0259 x&uuml;susi qeyd etm\u0259liyik. Bel\u0259 g&uuml;cl&uuml; r\u0259qibl\u0259rl\u0259 r\u0259qab\u0259t apara bilm\u0259k &uuml;&ccedil;&uuml;n daha art\u0131q &ccedil;al\u0131\u015fmal\u0131, daha &ccedil;ox f\u0259dakarl\u0131q etm\u0259liyik&rdquo;.<\/p>\n<p>Qeyd ed\u0259k ki, millimiz D&Ccedil;-2024-&uuml;n se&ccedil;m\u0259 m\u0259rh\u0259l\u0259sind\u0259 Bel&ccedil;ika, Avstriya, \u0130sve&ccedil; v\u0259 Estoniya il\u0259 qar\u015f\u0131la\u015facaq. \u0130lk oyun g\u0259l\u0259n ilin mart\u0131nda ba\u015f tutacaq.<\/p>\n","protected":false},"excerpt":{"rendered":"<p>&ldquo;P&uuml;\u015fk&uuml;n m\u0259hz bel\u0259 n\u0259tic\u0259l\u0259nm\u0259sini ist\u0259diyimizi des\u0259k, do\u011fru olmazd\u0131&rdquo;. Ucnoqta.az x\u0259b\u0259r verir ki, bunu Az\u0259rbaycan millisinin ba\u015f m\u0259\u015fq&ccedil;isi Canni de Byazi AVRO-2024-&uuml;n se&ccedil;m\u0259 qrup m\u0259rh\u0259l\u0259sinin p&uuml;\u015fkatmas\u0131n\u0131 d\u0259y\u0259rl\u0259ndir\u0259rk\u0259n deyib. \u0130taliyal\u0131 m&uuml;t\u0259x\u0259ssis y\u0131\u011fmam\u0131z\u0131n&hellip;<\/p>\n","protected":false},"author":1,"featured_media":251278,"comment_status":"open","ping_status":"open","sticky":false,"template":"","format":"standard","meta":{"_lmt_disableupdate":"","_lmt_disable":"","footnotes":""},"categories":[90],"tags":[],"class_list":["post-159936","post","type-post","status-publish","format-standard","has-post-thumbnail","hentry","category-idman-butun-xeberler"],"_links":{"self":[{"href":"https:\/\/ucnoqta.az\/index.php?rest_route=\/wp\/v2\/posts\/159936","targetHints":{"allow":["GET"]}}],"collection":[{"href":"https:\/\/ucnoqta.az\/index.php?rest_route=\/wp\/v2\/posts"}],"about":[{"href":"https:\/\/ucnoqta.az\/index.php?rest_route=\/wp\/v2\/types\/post"}],"author":[{"embeddable":true,"href":"https:\/\/ucnoqta.az\/index.php?rest_route=\/wp\/v2\/users\/1"}],"replies":[{"embeddable":true,"href":"https:\/\/ucnoqta.az\/index.php?rest_route=%2Fwp%2Fv2%2Fcomments&post=159936"}],"version-history":[{"count":0,"href":"https:\/\/ucnoqta.az\/index.php?rest_route=\/wp\/v2\/posts\/159936\/revisions"}],"wp:featuredmedia":[{"embeddable":true,"href":"https:\/\/ucnoqta.az\/index.php?rest_route=\/wp\/v2\/media\/251278"}],"wp:attachment":[{"href":"https:\/\/ucnoqta.az\/index.php?rest_route=%2Fwp%2Fv2%2Fmedia&parent=159936"}],"wp:term":[{"taxonomy":"category","embeddable":true,"href":"https:\/\/ucnoqta.az\/index.php?rest_route=%2Fwp%2Fv2%2Fcategories&post=159936"},{"taxonomy":"post_tag","embeddable":true,"href":"https:\/\/ucnoqta.az\/index.php?rest_route=%2Fwp%2Fv2%2Ftags&post=159936"}],"curies":[{"name":"wp","href":"https:\/\/api.w.org\/{rel}","templated":true}]}}