{"id":159932,"date":"2022-10-09T17:06:48","date_gmt":"2022-10-09T13:06:48","guid":{"rendered":""},"modified":"-0001-11-30T00:00:00","modified_gmt":"-0001-11-29T20:00:00","slug":"","status":"publish","type":"post","link":"https:\/\/ucnoqta.az\/?p=159932","title":{"rendered":"L\u0259nk\u0259randa avtomobil d\u0259r\u0259y\u0259 a\u015f\u0131b, <font color=red><b>ata v\u0259 o\u011ful x\u0259sar\u0259t al\u0131b<\/b><\/font>"},"content":{"rendered":"<p><strong>L\u0259nk\u0259randa ba\u015f ver\u0259n q\u0259zada ata v\u0259 &ouml;vlad\u0131 x\u0259sar\u0259t al\u0131b.<\/strong><\/p>\n<p>Hadis\u0259 L\u0259nk\u0259ran rayonunun Osak&uuml;&ccedil;\u0259 k\u0259ndi \u0259razisind\u0259 ba\u015f verib.<br \/>\n1969-cu il t\u0259v\u0259ll&uuml;dl&uuml; L\u0259nk\u0259ran rayon G&uuml;n\u0259hir k\u0259nd sakini Malik Qubad o\u011flu \u018fliyevin idar\u0259 etdiyi &ldquo;Niva&rdquo; markal\u0131 avtomobil h\u0259r\u0259k\u0259td\u0259 olark\u0259n yoldan &ccedil;\u0131x\u0131b v\u0259 200 m h&uuml;nd&uuml;rl&uuml;kd\u0259n d\u0259r\u0259y\u0259 a\u015f\u0131b. N\u0259tic\u0259d\u0259 s&uuml;r&uuml;c&uuml; v\u0259 o\u011flu &#8211; 1996-c\u0131 il t\u0259v\u0259ll&uuml;dl&uuml; L\u0259nk\u0259ran rayon G&uuml;n\u0259hir k\u0259nd sakini Ehtiram Malik o\u011flu \u018flizad\u0259 m&uuml;xt\u0259lif d\u0259r\u0259c\u0259li b\u0259d\u0259n x\u0259sar\u0259tl\u0259ri al\u0131blar. K\u0259nd sakinl\u0259rinin k&ouml;m\u0259yi il\u0259 onlar d\u0259r\u0259d\u0259n &ccedil;\u0131xar\u0131l\u0131b, t\u0259cili tibbi yard\u0131m\u0131n avtomobili il\u0259 d\u0259rhal L\u0259nk\u0259ran rayon m\u0259rk\u0259zi x\u0259st\u0259xanas\u0131na &ccedil;atd\u0131r\u0131l\u0131blar. V\u0259ziyy\u0259tl\u0259ri orta-a\u011f\u0131r qiym\u0259tl\u0259ndirilir.<\/p>\n<p>Qeyd ed\u0259k ki, h\u0259r iki \u015f\u0259xs G&uuml;n\u0259hir k\u0259nd m\u0259kt\u0259binin m&uuml;\u0259lliml\u0259ridir.<\/p>\n<p>Haz\u0131rda q\u0259zan\u0131n ba\u015f verm\u0259 s\u0259b\u0259bl\u0259ri ara\u015fd\u0131r\u0131l\u0131r.\/\/\/apa<\/p>\n","protected":false},"excerpt":{"rendered":"<p>L\u0259nk\u0259randa ba\u015f ver\u0259n q\u0259zada ata v\u0259 &ouml;vlad\u0131 x\u0259sar\u0259t al\u0131b. Hadis\u0259 L\u0259nk\u0259ran rayonunun Osak&uuml;&ccedil;\u0259 k\u0259ndi \u0259razisind\u0259 ba\u015f verib. 1969-cu il t\u0259v\u0259ll&uuml;dl&uuml; L\u0259nk\u0259ran rayon G&uuml;n\u0259hir k\u0259nd sakini Malik Qubad o\u011flu \u018fliyevin idar\u0259&hellip;<\/p>\n","protected":false},"author":1,"featured_media":251278,"comment_status":"open","ping_status":"open","sticky":false,"template":"","format":"standard","meta":{"_lmt_disableupdate":"","_lmt_disable":"","footnotes":""},"categories":[],"tags":[],"class_list":["post-159932","post","type-post","status-publish","format-standard","has-post-thumbnail","hentry"],"_links":{"self":[{"href":"https:\/\/ucnoqta.az\/index.php?rest_route=\/wp\/v2\/posts\/159932","targetHints":{"allow":["GET"]}}],"collection":[{"href":"https:\/\/ucnoqta.az\/index.php?rest_route=\/wp\/v2\/posts"}],"about":[{"href":"https:\/\/ucnoqta.az\/index.php?rest_route=\/wp\/v2\/types\/post"}],"author":[{"embeddable":true,"href":"https:\/\/ucnoqta.az\/index.php?rest_route=\/wp\/v2\/users\/1"}],"replies":[{"embeddable":true,"href":"https:\/\/ucnoqta.az\/index.php?rest_route=%2Fwp%2Fv2%2Fcomments&post=159932"}],"version-history":[{"count":0,"href":"https:\/\/ucnoqta.az\/index.php?rest_route=\/wp\/v2\/posts\/159932\/revisions"}],"wp:featuredmedia":[{"embeddable":true,"href":"https:\/\/ucnoqta.az\/index.php?rest_route=\/wp\/v2\/media\/251278"}],"wp:attachment":[{"href":"https:\/\/ucnoqta.az\/index.php?rest_route=%2Fwp%2Fv2%2Fmedia&parent=159932"}],"wp:term":[{"taxonomy":"category","embeddable":true,"href":"https:\/\/ucnoqta.az\/index.php?rest_route=%2Fwp%2Fv2%2Fcategories&post=159932"},{"taxonomy":"post_tag","embeddable":true,"href":"https:\/\/ucnoqta.az\/index.php?rest_route=%2Fwp%2Fv2%2Ftags&post=159932"}],"curies":[{"name":"wp","href":"https:\/\/api.w.org\/{rel}","templated":true}]}}