{"id":159923,"date":"2022-10-09T13:47:50","date_gmt":"2022-10-09T09:47:50","guid":{"rendered":""},"modified":"-0001-11-30T00:00:00","modified_gmt":"-0001-11-29T20:00:00","slug":"","status":"publish","type":"post","link":"https:\/\/ucnoqta.az\/?p=159923","title":{"rendered":"H\u0259bsd\u0259n burax\u0131lan sabiq nazird\u0259n <font color=red><b>A\u00c7IQLAMA: &#8220;R\u0259is \u00e7a\u011f\u0131r\u0131b &#8230;&#8221;<\/b><\/font>"},"content":{"rendered":"<p><strong>X\u0259b\u0259r verdiyimiz kimi Nax&ccedil;\u0131van MR ke&ccedil;mi\u015f Milli T\u0259hl&uuml;k\u0259sizlik naziri V\u0259li \u018fl\u0259sg\u0259rov azadl\u0131\u011fa burax\u0131l\u0131b. Onun azadl\u0131\u011fa burax\u0131ld\u0131qdan sonra Nax&ccedil;\u0131vandan &ccedil;\u0131x\u0131\u015f\u0131na qada\u011fa qoyuldu\u011fu, Bak\u0131ya g\u0259l\u0259 bilm\u0259diyi haqda m\u0259lumatlar yay\u0131l\u0131b.<\/strong><\/p>\n<p>Ucnoqta.az x\u0259b\u0259r verir ki, m\u0259s\u0259l\u0259 il\u0259 ba\u011fl\u0131&nbsp;Manset.az-a a&ccedil;\u0131qlama ver\u0259n sabiq nazir deyil\u0259nl\u0259rin yalan oldu\u011funu bildirib. O, azadl\u0131\u011fa &ccedil;\u0131xmas\u0131 haqda da dan\u0131\u015f\u0131b.<br \/>\n&quot;M\u0259nim son ana q\u0259d\u0259r he&ccedil; n\u0259d\u0259n x\u0259b\u0259rim olmay\u0131b. R\u0259is m\u0259ni &ccedil;a\u011f\u0131r\u0131b sizi azadl\u0131\u011fa burax\u0131r\u0131q dey\u0259nd\u0259, \u015foka d&uuml;\u015fd&uuml;m, el\u0259 bildim zarafat edir. \u0130ndi d\u0259 azadl\u0131qdayam.&quot;<\/p>\n<p>&quot;Bu deyil\u0259nl\u0259r yaland\u0131r. Haz\u0131rda Bak\u0131da, ail\u0259min yan\u0131dayam. S\u0259hh\u0259timl\u0259, probleml\u0259rl\u0259 m\u0259\u015f\u011fulam. Allah d&ouml;vl\u0259timizi v\u0259 M&uuml;z\u0259ff\u0259r Ali Ba\u015f Komandan\u0131m\u0131z\u0131 qorusun! Var olsun, sa\u011f olsun, c\u0259nab Prezidentimiz.&quot;<\/p>\n<p>Qeyd ed\u0259k ki, Ali M\u0259hk\u0259m\u0259nin q\u0259rar\u0131 il\u0259 V\u0259li \u018fl\u0259sg\u0259rov bar\u0259sind\u0259 apellyasiya m\u0259hk\u0259m\u0259sinin q\u0259rar\u0131 d\u0259yi\u015fdiril\u0259r\u0259k 6 il 6 ay 20 g&uuml;n azadl\u0131qdan m\u0259hrum etm\u0259 c\u0259zas\u0131n\u0131n t\u0259yin edilm\u0259si v\u0259 2016-c\u0131 ild\u0259n h\u0259bsd\u0259 olmaqla bu c\u0259zan\u0131 &ccedil;\u0259kmi\u015f oldu\u011fundan c\u0259za&ccedil;\u0259km\u0259 m&uuml;\u0259ssis\u0259sind\u0259n azad edilm\u0259si q\u0259rara al\u0131n\u0131b.<\/p>\n","protected":false},"excerpt":{"rendered":"<p>X\u0259b\u0259r verdiyimiz kimi Nax&ccedil;\u0131van MR ke&ccedil;mi\u015f Milli T\u0259hl&uuml;k\u0259sizlik naziri V\u0259li \u018fl\u0259sg\u0259rov azadl\u0131\u011fa burax\u0131l\u0131b. Onun azadl\u0131\u011fa burax\u0131ld\u0131qdan sonra Nax&ccedil;\u0131vandan &ccedil;\u0131x\u0131\u015f\u0131na qada\u011fa qoyuldu\u011fu, Bak\u0131ya g\u0259l\u0259 bilm\u0259diyi haqda m\u0259lumatlar yay\u0131l\u0131b. Ucnoqta.az x\u0259b\u0259r verir&hellip;<\/p>\n","protected":false},"author":1,"featured_media":251278,"comment_status":"open","ping_status":"open","sticky":false,"template":"","format":"standard","meta":{"_lmt_disableupdate":"","_lmt_disable":"","footnotes":""},"categories":[],"tags":[],"class_list":["post-159923","post","type-post","status-publish","format-standard","has-post-thumbnail","hentry"],"_links":{"self":[{"href":"https:\/\/ucnoqta.az\/index.php?rest_route=\/wp\/v2\/posts\/159923","targetHints":{"allow":["GET"]}}],"collection":[{"href":"https:\/\/ucnoqta.az\/index.php?rest_route=\/wp\/v2\/posts"}],"about":[{"href":"https:\/\/ucnoqta.az\/index.php?rest_route=\/wp\/v2\/types\/post"}],"author":[{"embeddable":true,"href":"https:\/\/ucnoqta.az\/index.php?rest_route=\/wp\/v2\/users\/1"}],"replies":[{"embeddable":true,"href":"https:\/\/ucnoqta.az\/index.php?rest_route=%2Fwp%2Fv2%2Fcomments&post=159923"}],"version-history":[{"count":0,"href":"https:\/\/ucnoqta.az\/index.php?rest_route=\/wp\/v2\/posts\/159923\/revisions"}],"wp:featuredmedia":[{"embeddable":true,"href":"https:\/\/ucnoqta.az\/index.php?rest_route=\/wp\/v2\/media\/251278"}],"wp:attachment":[{"href":"https:\/\/ucnoqta.az\/index.php?rest_route=%2Fwp%2Fv2%2Fmedia&parent=159923"}],"wp:term":[{"taxonomy":"category","embeddable":true,"href":"https:\/\/ucnoqta.az\/index.php?rest_route=%2Fwp%2Fv2%2Fcategories&post=159923"},{"taxonomy":"post_tag","embeddable":true,"href":"https:\/\/ucnoqta.az\/index.php?rest_route=%2Fwp%2Fv2%2Ftags&post=159923"}],"curies":[{"name":"wp","href":"https:\/\/api.w.org\/{rel}","templated":true}]}}