{"id":159904,"date":"2022-10-08T22:03:50","date_gmt":"2022-10-08T18:03:50","guid":{"rendered":""},"modified":"-0001-11-30T00:00:00","modified_gmt":"-0001-11-29T20:00:00","slug":"","status":"publish","type":"post","link":"https:\/\/ucnoqta.az\/?p=159904","title":{"rendered":"Ba\u015f Prokurorluq A\u011fdam v\u0259 F\u00fczulid\u0259 mina partlamas\u0131 il\u0259 ba\u011fl\u0131 m\u0259lumat yay\u0131b"},"content":{"rendered":"<p><strong>Az\u0259rbaycan Respublikas\u0131n\u0131n Ba\u015f Prokurorlu\u011fu A\u011fdam v\u0259 f&uuml;zulid\u0259&nbsp;m&uuml;lki \u015f\u0259xsl\u0259rin minaya d&uuml;\u015fm\u0259si bar\u0259d\u0259 m\u0259lumat yay\u0131b.<\/strong><\/p>\n<p>Ba\u015f Prokurorluqdan&nbsp;Ucnoqta.az-a veril\u0259n m\u0259lumata g&ouml;r\u0259, A\u011fdam rayonu \u0259razisind\u0259 t\u0259mir-tikinti i\u015fl\u0259ri apar\u0131lark\u0259n 2 n\u0259f\u0259r \u015f\u0259xsin minaya d&uuml;\u015fm\u0259si bar\u0259d\u0259 rayon prokurorlu\u011funa ilkin m\u0259lumat daxil olub.<\/p>\n<p>Ara\u015fd\u0131rma zaman\u0131 daha bir \u015f\u0259xsin &#8211; 1983-c&uuml; il t\u0259v\u0259ll&uuml;dl&uuml; S\u0259xav\u0259t Abduxal\u0131qovun da x\u0259sar\u0259t almas\u0131 m&uuml;\u0259yy\u0259n edilib.<\/p>\n<p>Daha sonra F&uuml;zuli rayonunun i\u015f\u011faldan azad edilmi\u015f \u0259razisind\u0259 t\u0259mir-tikinti i\u015fl\u0259ri apar\u0131lark\u0259n traktorun partlamam\u0131\u015f silah-sursata d\u0259y\u0259r\u0259k partlamas\u0131 n\u0259tic\u0259sind\u0259 traktora maddi ziyan d\u0259ym\u0259si, lakin h\u0259r hans\u0131 bir \u015f\u0259xsin x\u0259sar\u0259t almamas\u0131 m&uuml;\u0259yy\u0259n edilib.<\/p>\n<p>Haz\u0131rda h\u0259r iki faktla ba\u011fl\u0131 ara\u015fd\u0131rmalar davam etdirilir.<\/p>\n","protected":false},"excerpt":{"rendered":"<p>Az\u0259rbaycan Respublikas\u0131n\u0131n Ba\u015f Prokurorlu\u011fu A\u011fdam v\u0259 f&uuml;zulid\u0259&nbsp;m&uuml;lki \u015f\u0259xsl\u0259rin minaya d&uuml;\u015fm\u0259si bar\u0259d\u0259 m\u0259lumat yay\u0131b. Ba\u015f Prokurorluqdan&nbsp;Ucnoqta.az-a veril\u0259n m\u0259lumata g&ouml;r\u0259, A\u011fdam rayonu \u0259razisind\u0259 t\u0259mir-tikinti i\u015fl\u0259ri apar\u0131lark\u0259n 2 n\u0259f\u0259r \u015f\u0259xsin minaya d&uuml;\u015fm\u0259si bar\u0259d\u0259&hellip;<\/p>\n","protected":false},"author":1,"featured_media":251278,"comment_status":"open","ping_status":"open","sticky":false,"template":"","format":"standard","meta":{"_lmt_disableupdate":"","_lmt_disable":"","footnotes":""},"categories":[101],"tags":[],"class_list":["post-159904","post","type-post","status-publish","format-standard","has-post-thumbnail","hentry","category-cemiyyet"],"_links":{"self":[{"href":"https:\/\/ucnoqta.az\/index.php?rest_route=\/wp\/v2\/posts\/159904","targetHints":{"allow":["GET"]}}],"collection":[{"href":"https:\/\/ucnoqta.az\/index.php?rest_route=\/wp\/v2\/posts"}],"about":[{"href":"https:\/\/ucnoqta.az\/index.php?rest_route=\/wp\/v2\/types\/post"}],"author":[{"embeddable":true,"href":"https:\/\/ucnoqta.az\/index.php?rest_route=\/wp\/v2\/users\/1"}],"replies":[{"embeddable":true,"href":"https:\/\/ucnoqta.az\/index.php?rest_route=%2Fwp%2Fv2%2Fcomments&post=159904"}],"version-history":[{"count":0,"href":"https:\/\/ucnoqta.az\/index.php?rest_route=\/wp\/v2\/posts\/159904\/revisions"}],"wp:featuredmedia":[{"embeddable":true,"href":"https:\/\/ucnoqta.az\/index.php?rest_route=\/wp\/v2\/media\/251278"}],"wp:attachment":[{"href":"https:\/\/ucnoqta.az\/index.php?rest_route=%2Fwp%2Fv2%2Fmedia&parent=159904"}],"wp:term":[{"taxonomy":"category","embeddable":true,"href":"https:\/\/ucnoqta.az\/index.php?rest_route=%2Fwp%2Fv2%2Fcategories&post=159904"},{"taxonomy":"post_tag","embeddable":true,"href":"https:\/\/ucnoqta.az\/index.php?rest_route=%2Fwp%2Fv2%2Ftags&post=159904"}],"curies":[{"name":"wp","href":"https:\/\/api.w.org\/{rel}","templated":true}]}}