{"id":159895,"date":"2022-10-08T18:21:06","date_gmt":"2022-10-08T14:21:06","guid":{"rendered":""},"modified":"-0001-11-30T00:00:00","modified_gmt":"-0001-11-29T20:00:00","slug":"","status":"publish","type":"post","link":"https:\/\/ucnoqta.az\/?p=159895","title":{"rendered":"Ba\u015f Q\u0259rargah r\u0259isi XTQ-nin \u015f\u0259xsi hey\u0259ti il\u0259 g\u00f6r\u00fc\u015f\u00fcb"},"content":{"rendered":"<p><strong>Oktyabr\u0131n 8-d\u0259 m&uuml;dafi\u0259 nazirinin birinci m&uuml;avini &ndash; Az\u0259rbaycan Ordusunun Ba\u015f Q\u0259rargah r\u0259isi general-polkovnik K\u0259rim V\u0259liyev X&uuml;susi T\u0259yinatl\u0131 Q&uuml;vv\u0259l\u0259rin (XTQ) h\u0259rbi hiss\u0259sind\u0259 olub.<\/strong><\/p>\n<p>Bu bar\u0259d\u0259 M&uuml;dafi\u0259 Nazirliyind\u0259n bildirilib.<br \/>\nM&uuml;dafi\u0259 nazirinin birinci m&uuml;avini \u0259vv\u0259lc\u0259 burada Ulu &Ouml;nd\u0259r Heyd\u0259r \u018fliyevin b&uuml;st&uuml; v\u0259 \u015f\u0259hid x&uuml;susi t\u0259yinatl\u0131lar\u0131n xatir\u0259 abid\u0259sinin &ouml;n&uuml;n\u0259 g&uuml;l d\u0259st\u0259si qoyub.<\/p>\n<p>Sonra xalq\u0131m\u0131z\u0131n &Uuml;mummilli Lideri Heyd\u0259r \u018fliyevin v\u0259 &ouml;lk\u0259mizin \u0259razi b&uuml;t&ouml;vl&uuml;y&uuml; u\u011frunda h\u0259yatlar\u0131n\u0131 qurban ver\u0259n \u015f\u0259hidl\u0259rimizin xatir\u0259si bir d\u0259qiq\u0259lik s&uuml;kutla yad edilib.<br \/>\nBa\u015f Q\u0259rargah r\u0259isi XTQ-nin \u015f\u0259xsi hey\u0259ti il\u0259 g&ouml;r&uuml;\u015f\u0259r\u0259k m&uuml;dafi\u0259 naziri general-polkovnik Zakir H\u0259s\u0259novun salamlar\u0131n\u0131 &ccedil;atd\u0131r\u0131b.<\/p>\n<p>General-polkovnik K.V\u0259liyev Erm\u0259nistan silahl\u0131 q&uuml;vv\u0259l\u0259rinin geni\u015fmiqyasl\u0131 t\u0259xribatlar\u0131n\u0131n qar\u015f\u0131s\u0131n\u0131n al\u0131nmas\u0131 zaman\u0131 Az\u0259rbaycan Ordusunun b&ouml;lm\u0259l\u0259ri, o c&uuml;ml\u0259d\u0259n x&uuml;susi t\u0259yinatl\u0131lar\u0131 t\u0259r\u0259find\u0259n g&ouml;r&uuml;l\u0259n cavab t\u0259dbirl\u0259rinin Az\u0259rbaycan Respublikas\u0131n\u0131n Prezidenti, Silahl\u0131 Q&uuml;vv\u0259l\u0259rin Ali Ba\u015f Komandan\u0131 c\u0259nab \u0130lham \u018fliyev t\u0259r\u0259find\u0259n y&uuml;ks\u0259k qiym\u0259tl\u0259ndirildiyini qeyd edib. O, x&uuml;susil\u0259 vur\u011fulay\u0131b ki, d&ouml;vl\u0259t ba\u015f&ccedil;\u0131s\u0131n\u0131n etimad\u0131n\u0131 bundan sonra da do\u011frultmaq v\u0259 bu bax\u0131mdan &uuml;z\u0259rimiz\u0259 d&uuml;\u015f\u0259n m\u0259suliyy\u0259ti d\u0259rind\u0259n d\u0259rk etm\u0259k h\u0259r birimizin borcudur.<\/p>\n<p>Ba\u015f Q\u0259rargah r\u0259isi x&uuml;susi t\u0259yinatl\u0131lar\u0131n taktiki-x&uuml;susi haz\u0131rl\u0131\u011f\u0131n\u0131n v\u0259 pe\u015f\u0259karl\u0131q s\u0259viyy\u0259sinin daim y&uuml;ks\u0259k s\u0259viyy\u0259d\u0259 saxlan\u0131lmas\u0131 m\u0259qs\u0259dil\u0259 ke&ccedil;iril\u0259n t\u0259lim v\u0259 m\u0259\u015fql\u0259rin intensivliyinin daha da art\u0131r\u0131lmas\u0131, h\u0259m&ccedil;inin \u0259ld\u0259 edil\u0259n d&ouml;y&uuml;\u015f t\u0259cr&uuml;b\u0259sinin ke&ccedil;iril\u0259c\u0259k t\u0259liml\u0259rd\u0259 geni\u015f t\u0259tbiq edilm\u0259si il\u0259 ba\u011fl\u0131 komandanl\u0131q qar\u015f\u0131s\u0131nda m&uuml;vafiq tap\u015f\u0131r\u0131qlar qoyub.<\/p>\n","protected":false},"excerpt":{"rendered":"<p>Oktyabr\u0131n 8-d\u0259 m&uuml;dafi\u0259 nazirinin birinci m&uuml;avini &ndash; Az\u0259rbaycan Ordusunun Ba\u015f Q\u0259rargah r\u0259isi general-polkovnik K\u0259rim V\u0259liyev X&uuml;susi T\u0259yinatl\u0131 Q&uuml;vv\u0259l\u0259rin (XTQ) h\u0259rbi hiss\u0259sind\u0259 olub. Bu bar\u0259d\u0259 M&uuml;dafi\u0259 Nazirliyind\u0259n bildirilib. M&uuml;dafi\u0259 nazirinin birinci&hellip;<\/p>\n","protected":false},"author":1,"featured_media":251278,"comment_status":"open","ping_status":"open","sticky":false,"template":"","format":"standard","meta":{"_lmt_disableupdate":"","_lmt_disable":"","footnotes":""},"categories":[],"tags":[],"class_list":["post-159895","post","type-post","status-publish","format-standard","has-post-thumbnail","hentry"],"_links":{"self":[{"href":"https:\/\/ucnoqta.az\/index.php?rest_route=\/wp\/v2\/posts\/159895","targetHints":{"allow":["GET"]}}],"collection":[{"href":"https:\/\/ucnoqta.az\/index.php?rest_route=\/wp\/v2\/posts"}],"about":[{"href":"https:\/\/ucnoqta.az\/index.php?rest_route=\/wp\/v2\/types\/post"}],"author":[{"embeddable":true,"href":"https:\/\/ucnoqta.az\/index.php?rest_route=\/wp\/v2\/users\/1"}],"replies":[{"embeddable":true,"href":"https:\/\/ucnoqta.az\/index.php?rest_route=%2Fwp%2Fv2%2Fcomments&post=159895"}],"version-history":[{"count":0,"href":"https:\/\/ucnoqta.az\/index.php?rest_route=\/wp\/v2\/posts\/159895\/revisions"}],"wp:featuredmedia":[{"embeddable":true,"href":"https:\/\/ucnoqta.az\/index.php?rest_route=\/wp\/v2\/media\/251278"}],"wp:attachment":[{"href":"https:\/\/ucnoqta.az\/index.php?rest_route=%2Fwp%2Fv2%2Fmedia&parent=159895"}],"wp:term":[{"taxonomy":"category","embeddable":true,"href":"https:\/\/ucnoqta.az\/index.php?rest_route=%2Fwp%2Fv2%2Fcategories&post=159895"},{"taxonomy":"post_tag","embeddable":true,"href":"https:\/\/ucnoqta.az\/index.php?rest_route=%2Fwp%2Fv2%2Ftags&post=159895"}],"curies":[{"name":"wp","href":"https:\/\/api.w.org\/{rel}","templated":true}]}}