{"id":159885,"date":"2022-10-08T16:01:37","date_gmt":"2022-10-08T12:01:37","guid":{"rendered":""},"modified":"-0001-11-30T00:00:00","modified_gmt":"-0001-11-29T20:00:00","slug":"","status":"publish","type":"post","link":"https:\/\/ucnoqta.az\/?p=159885","title":{"rendered":"AB\u015e m\u0259tbuat\u0131 Edillid\u0259 a\u015fkarlanan k\u00fctl\u0259vi m\u0259zarl\u0131qdan yazd\u0131"},"content":{"rendered":"<p><strong>AB\u015e-\u0131n &ldquo;Foreign Policy&rdquo; n\u0259\u015frind\u0259 \u0130srailin \u0130qtisadi S&uuml;lh M\u0259rk\u0259zinin (Economic Peace Center &#8211; \u0130srail il\u0259 Yax\u0131n \u015e\u0259rq v\u0259 \u0130slam d&uuml;nyas\u0131 aras\u0131nda s&uuml;lh&uuml;n t\u0259\u015fviq olunmas\u0131 istiqam\u0259tind\u0259 f\u0259aliyy\u0259t g&ouml;st\u0259r\u0259n qurum) informasiya-x\u0259b\u0259r sayt\u0131n\u0131n redaktoru, siyasi analitik Rey&ccedil;el Avraham\u0131n Az\u0259rbaycan\u0131n Xocav\u0259nd rayonunun Edilli k\u0259ndind\u0259 apar\u0131lan qaz\u0131nt\u0131 i\u015fl\u0259ri zaman\u0131 a\u015fkarlanan k&uuml;tl\u0259vi m\u0259zarl\u0131qla ba\u011fl\u0131 m\u0259qal\u0259si d\u0259rc olunub.<\/strong><\/p>\n<p>Ucnoqta.az x\u0259b\u0259r verir ki, m\u0259qal\u0259d\u0259 BMT T\u0259hl&uuml;k\u0259sizlik \u015euras\u0131n\u0131n 4 q\u0259tnam\u0259sin\u0259 zidd olaraq Erm\u0259nistan\u0131n n\u0259zar\u0259tind\u0259 olan, lakin \u0130kinci Qaraba\u011f m&uuml;harib\u0259sind\u0259n sonra Az\u0259rbaycan\u0131n i\u015f\u011faldan azad etdiyi Xocav\u0259nd rayonunun Edilli k\u0259ndind\u0259 k&uuml;tl\u0259vi m\u0259zarl\u0131\u011f\u0131n a\u015fkarland\u0131\u011f\u0131 bildirilib. Qeyd olunub ki, h\u0259min m\u0259zarl\u0131qda \u0259l-aya\u011f\u0131 ba\u011flanaraq k&uuml;tl\u0259vi \u015f\u0259kild\u0259 basd\u0131r\u0131lm\u0131\u015f 12 insan qal\u0131\u011f\u0131 tap\u0131l\u0131b. Bundan \u0259vv\u0259l is\u0259 Edillid\u0259 tap\u0131lan k&uuml;tl\u0259vi m\u0259zarl\u0131qlarda 25 insan qal\u0131\u011f\u0131 a\u015fkar edilmi\u015fdi.<\/p>\n<p>M\u0259qal\u0259d\u0259, Diasporla \u0130\u015f &uuml;zr\u0259 D&ouml;vl\u0259t Komit\u0259sinin s\u0259dri Fuad Muradovun &ouml;z&uuml;n&uuml;n tviter hesab\u0131nda m&ouml;vzu il\u0259 ba\u011fl\u0131 payla\u015f\u0131m\u0131na istinadla qeyd edilib: &ldquo;1949-cu il 12 avqust tarixli Cenevr\u0259 Konvensiyas\u0131n\u0131n 17-ci madd\u0259sinin t\u0259l\u0259bl\u0259ri kobud \u015f\u0259kild\u0259 pozulub! 1993-c&uuml; ild\u0259 Az\u0259rbaycan Ordusunun girov g&ouml;t&uuml;r&uuml;lm&uuml;\u015f 25 h\u0259rbi qulluq&ccedil;usu Xocav\u0259nd rayonunun Edilli k\u0259ndi \u0259razisind\u0259 v\u0259h\u015fic\u0259sin\u0259 q\u0259tl\u0259 yetiril\u0259r\u0259k k&uuml;tl\u0259vi \u015f\u0259kild\u0259 basd\u0131r\u0131l\u0131b&rdquo;.<\/p>\n<p>M&uuml;\u0259llif qeyd edib ki, a\u015fkarlanan qal\u0131qlar\u0131n k\u0259ll\u0259 s&uuml;m&uuml;kl\u0259rind\u0259 olan g&uuml;ll\u0259 de\u015fikl\u0259ri onlar\u0131n g&uuml;ll\u0259l\u0259n\u0259r\u0259k &ouml;ld&uuml;r&uuml;ld&uuml;y&uuml;n&uuml; s&uuml;buta yetirir. M&uuml;xt\u0259lif media qurumlar\u0131n\u0131n m\u0259lumat\u0131na g&ouml;r\u0259, Erm\u0259nistan itkin d&uuml;\u015fm&uuml;\u015f 4000-d\u0259k az\u0259rbaycanl\u0131n\u0131n taleyi v\u0259 k&uuml;tl\u0259vi m\u0259zarl\u0131qlar\u0131n yerl\u0259rini g&ouml;st\u0259rm\u0259kd\u0259n imtina edir.<\/p>\n<p>M\u0259qal\u0259d\u0259, h\u0259m&ccedil;inin vur\u011fulan\u0131r ki, Az\u0259rbaycan Prezidentinin k&ouml;m\u0259k&ccedil;isi &#8211; Prezident Administrasiyas\u0131n\u0131n Xarici siyas\u0259t m\u0259s\u0259l\u0259l\u0259ri \u015f&ouml;b\u0259sinin m&uuml;diri Hikm\u0259t Hac\u0131yev Edillid\u0259 tap\u0131lm\u0131\u015f k&uuml;tl\u0259vi m\u0259zarl\u0131qla \u0259laq\u0259dar &ouml;z&uuml;n&uuml;n tviter s\u0259hif\u0259sind\u0259 payla\u015f\u0131m\u0131nda bildirib: &ldquo;Edilli Erm\u0259nistan t\u0259r\u0259find\u0259n az\u0259rbaycanl\u0131 girovlar &uuml;&ccedil;&uuml;n h\u0259bs d&uuml;\u015f\u0259rg\u0259si kimi istifad\u0259 edilib&rdquo;.<\/p>\n<p>Bu m\u0259s\u0259l\u0259 il\u0259 ba\u011fl\u0131 T&uuml;rkiy\u0259 m\u0259tbuat\u0131na a&ccedil;\u0131qlama ver\u0259n Az\u0259rbaycan\u0131n \u0259sir v\u0259 itkin d&uuml;\u015fm&uuml;\u015f, girov g&ouml;t&uuml;r&uuml;lm&uuml;\u015f v\u0259t\u0259nda\u015flarla \u0259laq\u0259dar D&ouml;vl\u0259t Komissiyas\u0131n\u0131n r\u0259smisi Namiq \u018ff\u0259ndiyev bildirib ki, 1994-c&uuml; ild\u0259 bitmi\u015f Birinci Qaraba\u011f m&uuml;harib\u0259si zaman\u0131 itkin d&uuml;\u015fm&uuml;\u015f v\u0259t\u0259nda\u015flar\u0131n tap\u0131lmas\u0131 m\u0259qs\u0259dil\u0259 fevral ay\u0131ndan etibar\u0259n b&ouml;lg\u0259d\u0259 qaz\u0131nt\u0131 i\u015fl\u0259ri apar\u0131l\u0131r.<\/p>\n<p>Yaz\u0131da Az\u0259rbaycan diaspor t\u0259\u015fkilatlar\u0131n\u0131n Xocav\u0259nd rayonunun Edilli k\u0259ndind\u0259 a\u015fkar olunmu\u015f k&uuml;tl\u0259vi m\u0259zarl\u0131qlarla ba\u011fl\u0131 beyn\u0259lxalq t\u0259\u015fkilatlara &uuml;nvanlad\u0131\u011f\u0131 b\u0259yanat\u0131na da istinad edilib: &ldquo;X&uuml;susi vur\u011fulay\u0131r\u0131q ki, bel\u0259 m\u0259zarl\u0131qlar\u0131n &uuml;z\u0259 &ccedil;\u0131xmas\u0131 etnik nifr\u0259t hissin\u0259 k&ouml;kl\u0259nmi\u015f Erm\u0259nistan silahl\u0131 q&uuml;vv\u0259l\u0259rinin davaml\u0131 olaraq beyn\u0259lxalq h&uuml;ququn, beyn\u0259lxalq humanitar h&uuml;ququn normalar\u0131n\u0131n, o c&uuml;ml\u0259d\u0259n m&uuml;harib\u0259 qurbanlar\u0131n\u0131n m&uuml;dafi\u0259si haqq\u0131nda 1949-c&uuml; il tarixli Cenevr\u0259 konvensiyalar\u0131n\u0131n t\u0259l\u0259bl\u0259rini kobud \u015f\u0259kild\u0259 pozaraq az\u0259rbaycanl\u0131 m&uuml;lki \u015f\u0259xsl\u0259r\u0259, h\u0259rbi qulluq&ccedil;ulara, x&uuml;susil\u0259 d\u0259 yaral\u0131lara v\u0259 h\u0259lak olmu\u015f \u015f\u0259xsl\u0259r\u0259 qar\u015f\u0131 i\u015fg\u0259nc\u0259 v\u0259 insanl\u0131q \u0259leyhin\u0259 \u0259m\u0259ll\u0259rl\u0259 m&uuml;\u015fahid\u0259 olunan m&uuml;harib\u0259 cinay\u0259tl\u0259rini a&ccedil;\u0131q \u015f\u0259kild\u0259 if\u015fa edir, onlar\u0131n qeyri-humanist davran\u0131\u015f\u0131n\u0131, genosid siyas\u0259ti h\u0259yata ke&ccedil;irdiyini n&uuml;mayi\u015f etdirir. Birinci v\u0259 \u0130kinci Qaraba\u011f m&uuml;harib\u0259l\u0259ri zaman\u0131 erm\u0259ni h\u0259rbi qulluq&ccedil;ular\u0131 t\u0259r\u0259find\u0259n az\u0259rbaycanl\u0131 h\u0259rbi \u0259sirl\u0259rin yax\u0131n m\u0259saf\u0259d\u0259n ba\u015flar\u0131na, &uuml;r\u0259k nahiy\u0259l\u0259rin\u0259 at\u0259\u015f a&ccedil;maqla q\u0259ddarcas\u0131na q\u0259tl\u0259 yetirilm\u0259si, h\u0259rb&ccedil;il\u0259rin c\u0259s\u0259dl\u0259rinin qar\u0259t olunmas\u0131, hiss\u0259l\u0259r\u0259 do\u011franmas\u0131, insanl\u0131\u011fa s\u0131\u011fmayan h\u0259r\u0259k\u0259tl\u0259r\u0259 yol verilm\u0259kl\u0259 i\u015fg\u0259nc\u0259 v\u0259 t\u0259hqir\u0259 m\u0259ruz qalmas\u0131 il\u0259 ba\u011fl\u0131 &ccedil;oxsayl\u0131 faktlar\u0131 t\u0259sdiq ed\u0259n xeyli sayda videolar qeyd edil\u0259nl\u0259rin bariz n&uuml;mun\u0259sidir&rdquo;.<\/p>\n<p>T\u0259\u0259ss&uuml;f hissi il\u0259 b\u0259yan edilir ki, Az\u0259rbaycana qar\u015f\u0131 \u0259sass\u0131z \u0259razi iddialar\u0131 ir\u0259li s&uuml;rm\u0259kl\u0259 b\u0259rab\u0259r irqi, etnik, dini z\u0259mind\u0259 k\u0259skin nifr\u0259t siyas\u0259ti h\u0259yata ke&ccedil;ir\u0259n Erm\u0259nistan &ouml;lk\u0259miz\u0259 qar\u015f\u0131 m&uuml;harib\u0259 cinay\u0259tl\u0259rini dayand\u0131rmaq v\u0259 \u0259vv\u0259ll\u0259r t&ouml;r\u0259dilmi\u015f cinay\u0259tl\u0259r\u0259 g&ouml;r\u0259 t\u0259qsirkar \u015f\u0259xsl\u0259rin m\u0259suliyy\u0259t\u0259 c\u0259lb edilm\u0259si istiqam\u0259tind\u0259 \u0259m\u0259li t\u0259dbirl\u0259r g&ouml;rm\u0259k \u0259v\u0259zin\u0259, xalqlar aras\u0131nda qar\u015f\u0131durmaya s\u0259b\u0259b olan t\u0259xribatlara yol verm\u0259kl\u0259 regionda t\u0259hl&uuml;k\u0259sizliy\u0259 v\u0259 s&uuml;lhyaratma prosesin\u0259 mane\u0259 yarad\u0131r.<\/p>\n<p>M&uuml;\u0259llif s&ouml;z&uuml;ged\u0259n b\u0259yanata istinadla m&uuml;h&uuml;m bir fakt\u0131 da unutmamaq laz\u0131m g\u0259ldiyini bildir\u0259r\u0259k qeyd edib: &ldquo;Erm\u0259nistan silahl\u0131 q&uuml;vv\u0259l\u0259ri 30 il i\u015f\u011fal alt\u0131nda saxlad\u0131\u011f\u0131 Az\u0259rbaycan \u0259razil\u0259rini minalarla &ccedil;irkl\u0259ndirib, \u0130kinci Qaraba\u011f m&uuml;harib\u0259si d&ouml;vr&uuml;nd\u0259 c\u0259bh\u0259 x\u0259ttind\u0259n onlarla kilometr uzaqda yerl\u0259\u015f\u0259n Az\u0259rbaycan\u0131n G\u0259nc\u0259, B\u0259rd\u0259, Ming\u0259&ccedil;evir, Goranboy v\u0259 T\u0259rt\u0259r kimi \u015f\u0259h\u0259rl\u0259rin\u0259 raket z\u0259rb\u0259l\u0259ri endirib, n\u0259tic\u0259d\u0259 100-d\u0259n art\u0131q dinc sakin h\u0259lak olub. Lakin Az\u0259rbaycan, Erm\u0259nistan v\u0259 Rusiya Federasiyas\u0131 liderl\u0259ri aras\u0131nda imzalanm\u0131\u015f &uuml;&ccedil;t\u0259r\u0259fli b\u0259yanatlara v\u0259 Avropa \u0130ttifaq\u0131 \u015euras\u0131n\u0131n Prezidenti \u015earl Mi\u015felin vasit\u0259&ccedil;iliyi il\u0259 Br&uuml;sseld\u0259 \u0259ld\u0259 edilmi\u015f raz\u0131l\u0131qlara zidd olaraq, r\u0259smi \u0130r\u0259van bu g&uuml;n\u0259d\u0259k mina x\u0259rit\u0259l\u0259rini v\u0259 Birinci Qaraba\u011f m&uuml;harib\u0259si d&ouml;vr&uuml;nd\u0259 itkin d&uuml;\u015fm&uuml;\u015f 4000-d\u0259k az\u0259rbaycanl\u0131n\u0131n taleyi bar\u0259d\u0259 m\u0259lumatlar\u0131 Az\u0259rbaycana t\u0259qdim etm\u0259yib.<\/p>\n<p>D&uuml;nya az\u0259rbaycanl\u0131lar\u0131 q\u0259tiyy\u0259tl\u0259 b\u0259yan edir ki, Erm\u0259nistan\u0131n n&ouml;vb\u0259ti bel\u0259 cinay\u0259t \u0259m\u0259ll\u0259ri t&ouml;r\u0259tm\u0259sinin qar\u015f\u0131s\u0131n\u0131 almaq &uuml;&ccedil;&uuml;n beyn\u0259lxalq ictimaiyy\u0259t bu m&uuml;harib\u0259 cinay\u0259tl\u0259rin\u0259 adekvat reaksiya verm\u0259li, h\u0259min cinay\u0259tl\u0259ri t&ouml;r\u0259d\u0259nl\u0259r m\u0259suliyy\u0259t\u0259 c\u0259lb edilm\u0259lidir&rdquo;.<\/p>\n<p>Sonda m&uuml;\u0259llif \u0130srailin sabiq rabit\u0259, kibert\u0259hl&uuml;k\u0259sizlik v\u0259 peyk naziri Ayub Karan\u0131n az\u0259rbaycanl\u0131lar\u0131 k&uuml;tl\u0259vi \u015f\u0259kild\u0259 q\u0259tl\u0259 yetirm\u0259sin\u0259 v\u0259 bu g&uuml;n\u0259 q\u0259d\u0259r dig\u0259r k&uuml;tl\u0259vi m\u0259zarl\u0131qlar\u0131n yerl\u0259ri bar\u0259d\u0259 m\u0259lumat\u0131 t\u0259qdim etm\u0259dikl\u0259rin\u0259 g&ouml;r\u0259 Erm\u0259nistan\u0131 q\u0131nad\u0131\u011f\u0131n\u0131 bildirib. &ldquo;Erm\u0259nistan\u0131n regional t\u0259hl&uuml;k\u0259sizlik namin\u0259 Az\u0259rbaycanla s&uuml;lh \u0259ld\u0259 etm\u0259si &uuml;&ccedil;&uuml;n vaxt yeti\u015fib. S&uuml;lh&uuml;n t\u0259min olunmas\u0131 istiqam\u0259tind\u0259 ilk add\u0131m humanitar jest ed\u0259r\u0259k k&uuml;tl\u0259vi m\u0259zarl\u0131qlar\u0131n yeri v\u0259 b&uuml;t&uuml;n mina x\u0259rit\u0259l\u0259ri bar\u0259d\u0259 m\u0259lumatlar\u0131 t\u0259qdim etm\u0259kdir. Bu, ba\u015f verdikd\u0259n sonra h\u0259r iki xalq daha parlaq g\u0259l\u0259c\u0259y\u0259 &uuml;midl\u0259 baxa bil\u0259r&rdquo;, &ndash; dey\u0259 m&uuml;\u0259llif A.Kara vur\u011fulay\u0131b.<\/p>\n","protected":false},"excerpt":{"rendered":"<p>AB\u015e-\u0131n &ldquo;Foreign Policy&rdquo; n\u0259\u015frind\u0259 \u0130srailin \u0130qtisadi S&uuml;lh M\u0259rk\u0259zinin (Economic Peace Center &#8211; \u0130srail il\u0259 Yax\u0131n \u015e\u0259rq v\u0259 \u0130slam d&uuml;nyas\u0131 aras\u0131nda s&uuml;lh&uuml;n t\u0259\u015fviq olunmas\u0131 istiqam\u0259tind\u0259 f\u0259aliyy\u0259t g&ouml;st\u0259r\u0259n qurum) informasiya-x\u0259b\u0259r sayt\u0131n\u0131n redaktoru,&hellip;<\/p>\n","protected":false},"author":1,"featured_media":251278,"comment_status":"open","ping_status":"open","sticky":false,"template":"","format":"standard","meta":{"_lmt_disableupdate":"","_lmt_disable":"","footnotes":""},"categories":[101],"tags":[],"class_list":["post-159885","post","type-post","status-publish","format-standard","has-post-thumbnail","hentry","category-cemiyyet"],"_links":{"self":[{"href":"https:\/\/ucnoqta.az\/index.php?rest_route=\/wp\/v2\/posts\/159885","targetHints":{"allow":["GET"]}}],"collection":[{"href":"https:\/\/ucnoqta.az\/index.php?rest_route=\/wp\/v2\/posts"}],"about":[{"href":"https:\/\/ucnoqta.az\/index.php?rest_route=\/wp\/v2\/types\/post"}],"author":[{"embeddable":true,"href":"https:\/\/ucnoqta.az\/index.php?rest_route=\/wp\/v2\/users\/1"}],"replies":[{"embeddable":true,"href":"https:\/\/ucnoqta.az\/index.php?rest_route=%2Fwp%2Fv2%2Fcomments&post=159885"}],"version-history":[{"count":0,"href":"https:\/\/ucnoqta.az\/index.php?rest_route=\/wp\/v2\/posts\/159885\/revisions"}],"wp:featuredmedia":[{"embeddable":true,"href":"https:\/\/ucnoqta.az\/index.php?rest_route=\/wp\/v2\/media\/251278"}],"wp:attachment":[{"href":"https:\/\/ucnoqta.az\/index.php?rest_route=%2Fwp%2Fv2%2Fmedia&parent=159885"}],"wp:term":[{"taxonomy":"category","embeddable":true,"href":"https:\/\/ucnoqta.az\/index.php?rest_route=%2Fwp%2Fv2%2Fcategories&post=159885"},{"taxonomy":"post_tag","embeddable":true,"href":"https:\/\/ucnoqta.az\/index.php?rest_route=%2Fwp%2Fv2%2Ftags&post=159885"}],"curies":[{"name":"wp","href":"https:\/\/api.w.org\/{rel}","templated":true}]}}