{"id":159877,"date":"2022-10-08T13:50:47","date_gmt":"2022-10-08T09:50:47","guid":{"rendered":""},"modified":"-0001-11-30T00:00:00","modified_gmt":"-0001-11-29T20:00:00","slug":"","status":"publish","type":"post","link":"https:\/\/ucnoqta.az\/?p=159877","title":{"rendered":"Milli \u015e\u0259h\u0259rsalma Forumunun sonunda birg\u0259 b\u0259yannam\u0259 q\u0259bul edildi"},"content":{"rendered":"<p><strong>Oktyabr\u0131n 5-i v\u0259 6-s\u0131 tarixl\u0259rind\u0259 D&ouml;vl\u0259t \u015e\u0259h\u0259rsalma v\u0259 Arxitektura Komit\u0259si il\u0259 BMT-nin M\u0259skunla\u015fma Proqram\u0131n\u0131n (UN-Habitat) birg\u0259 \u0259m\u0259kda\u015fl\u0131\u011f\u0131, ADA Universitetinin t\u0259\u015fkilati d\u0259st\u0259yi il\u0259 A\u011fdam v\u0259 Bak\u0131 \u015f\u0259h\u0259rl\u0259rind\u0259 &ldquo;Dayan\u0131ql\u0131 \u0130nki\u015faf M\u0259qs\u0259dl\u0259ri&rdquo; v\u0259 &ldquo;Yeni \u015e\u0259h\u0259r G&uuml;nd\u0259liyi&rdquo; &ndash; post-m&uuml;naqi\u015f\u0259 d&ouml;vr&uuml;nd\u0259 b\u0259rpa v\u0259 yenid\u0259nqurman\u0131n apar\u0131c\u0131 q&uuml;vv\u0259si kimi&rdquo; m&ouml;vzusunda ilk Az\u0259rbaycan Milli \u015e\u0259h\u0259rsalma Forumu ke&ccedil;irilib.<\/strong><\/p>\n<p>Az\u0259rbaycan Respublikas\u0131n\u0131n D&ouml;vl\u0259t \u015e\u0259h\u0259rsalma v\u0259 Arxitektura Komit\u0259sind\u0259n Ucnoqta.az-a veril\u0259n x\u0259b\u0259r\u0259 g&ouml;r\u0259, foruma 45 &ouml;lk\u0259d\u0259n yerli v\u0259 xarici h&ouml;kum\u0259t r\u0259smil\u0259ri, m&uuml;vafiq beyn\u0259lxalq t\u0259\u015fkilatlar\u0131n n&uuml;may\u0259nd\u0259l\u0259ri, sah\u0259 m&uuml;t\u0259x\u0259ssisl\u0259ri, elm adamlar\u0131, habel\u0259 Az\u0259rbaycan\u0131n m&uuml;vafiq \u015f\u0259h\u0259r v\u0259 rayonlar\u0131 il\u0259 qarda\u015fla\u015fma \u0259laq\u0259l\u0259ri olan xarici t\u0259r\u0259fda\u015flar v\u0259 dig\u0259r maraql\u0131 t\u0259r\u0259fl\u0259r daxil olmaqla, &uuml;mumilikd\u0259 400-d\u0259n &ccedil;ox i\u015ftirak&ccedil;\u0131 qat\u0131l\u0131b.<\/p>\n<p>Az\u0259rbaycan Respublikas\u0131n\u0131n Prezidenti c\u0259nab \u0130lham \u018fliyev v\u0259 birinci xan\u0131m Mehriban \u018fliyeva Forumun a&ccedil;\u0131l\u0131\u015f m\u0259rasimind\u0259 i\u015ftirak edibl\u0259r. D&ouml;vl\u0259t ba\u015f&ccedil;\u0131s\u0131 Forumda &ccedil;\u0131x\u0131\u015f\u0131 zaman\u0131 i\u015f\u011faldan azad edilmi\u015f \u0259razil\u0259rd\u0259 t&ouml;r\u0259dilmi\u015f urbisidd\u0259n, burada apar\u0131lan geni\u015f b\u0259rpa-quruculuq i\u015fl\u0259rind\u0259n, insanlar\u0131n do\u011fma topraqlar\u0131na geri qay\u0131d\u0131\u015f\u0131ndan dan\u0131\u015faraq davaml\u0131 s&uuml;lh&uuml;n \u0259ld\u0259 edilm\u0259si istiqam\u0259tind\u0259 m&uuml;h&uuml;m m\u0259s\u0259l\u0259l\u0259r\u0259 toxunub.<\/p>\n<p>Milli \u015e\u0259h\u0259rsalma Forumu BMT-nin M\u0259skunla\u015fma Proqram\u0131n\u0131 t\u0259r\u0259find\u0259n 2022-ci ilin oktyabr ay\u0131 &uuml;zr\u0259 elan edilmi\u015f \u015e\u0259h\u0259rsalma m\u0259s\u0259l\u0259l\u0259rin\u0259 dair t\u0259dbirl\u0259r plan\u0131 &ccedil;\u0259r&ccedil;iv\u0259sind\u0259 ke&ccedil;irilir. BMT-nin M\u0259skunla\u015fma Proqram\u0131n\u0131n icra&ccedil;\u0131 direktoru xan\u0131m Maimuna Mohd \u015e\u0259rif &ccedil;\u0131x\u0131\u015f ed\u0259r\u0259k Forumu dayan\u0131ql\u0131 \u015f\u0259h\u0259rsalma sah\u0259sind\u0259 t\u0259cr&uuml;b\u0259 m&uuml;badil\u0259si v\u0259 dayan\u0131ql\u0131 inki\u015faf\u0131n t\u0259min edilm\u0259si &uuml;&ccedil;&uuml;n \u0259m\u0259kda\u015fl\u0131q \u0259laq\u0259l\u0259rinin geni\u015fl\u0259ndirilm\u0259si bax\u0131m\u0131ndan unikal v\u0259 u\u011furlu platforma olaraq d\u0259y\u0259rl\u0259ndirib. R\u0259hb\u0259rlik etdiyi t\u0259\u015fkilat\u0131n s&uuml;lh v\u0259 \u0259min-amanl\u0131\u011f\u0131n t\u0259min edilm\u0259si m\u0259qs\u0259di il\u0259 Az\u0259rbaycan \u0259razil\u0259rind\u0259 b\u0259rpa v\u0259 yenid\u0259nqurma i\u015fl\u0259rinin apar\u0131lmas\u0131na, bu \u0259razil\u0259r\u0259 h\u0259yat\u0131n qaytar\u0131lmas\u0131na d\u0259st\u0259k verm\u0259y\u0259 haz\u0131r olduqlar\u0131n\u0131 bildirib.<\/p>\n<p>Sonra x&uuml;susi sessiya il\u0259 Forumun i\u015fin\u0259 start verilib, i\u015f\u011faldan azad edilmi\u015f \u0259razil\u0259rd\u0259 g&ouml;r&uuml;l\u0259n yenid\u0259nqurma i\u015fl\u0259rind\u0259n b\u0259hs ed\u0259n q\u0131sametrajl\u0131 s\u0259n\u0259dli film n&uuml;mayi\u015f olunub. Sessiyada m\u0259ruz\u0259&ccedil;il\u0259r t\u0259r\u0259find\u0259n post-m&uuml;naqi\u015f\u0259 d&ouml;vr&uuml;nd\u0259 da\u011f\u0131d\u0131lm\u0131\u015f \u0259razil\u0259rin minalardan t\u0259mizl\u0259nm\u0259si, yenid\u0259nqurmas\u0131 v\u0259 reabilitasiyas\u0131, el\u0259c\u0259 d\u0259 b\u0259rpa i\u015fl\u0259rinin \u0259h\u0259miyy\u0259ti qeyd edilib, \u015f\u0259h\u0259r \u0259razil\u0259rind\u0259 b&ouml;hranlar\u0131n aradan qald\u0131r\u0131lmas\u0131na dair &ccedil;\u0259tinlikl\u0259rd\u0259n dan\u0131\u015f\u0131l\u0131b. \u0130\u015ftirak&ccedil;\u0131lara Qaraba\u011f v\u0259 \u015e\u0259rqi Z\u0259ng\u0259zur iqtisadi zonalar\u0131n\u0131n \u0259razisind\u0259 g&ouml;r&uuml;l\u0259n geni\u015f h\u0259cmli i\u015fl\u0259r, layih\u0259l\u0259ndirm\u0259 s\u0259n\u0259dl\u0259ri haqq\u0131nda m\u0259lumatlar verilib.<\/p>\n<p>Az\u0259rbaycan Milli \u015e\u0259h\u0259rsalma Forumunun n&ouml;vb\u0259ti ikinci g&uuml;n&uuml; ADA Universitetind\u0259 sessiyalarla davam etdirilib. M\u0259ruz\u0259&ccedil;il\u0259r t\u0259r\u0259find\u0259n ekoloji c\u0259h\u0259td\u0259n davaml\u0131 v\u0259 dayan\u0131ql\u0131 \u015f\u0259h\u0259r inki\u015faf\u0131, m\u0259d\u0259ni v\u0259 tarixi irsin post-m&uuml;naqi\u015f\u0259 d&ouml;vr&uuml;nd\u0259 b\u0259rpas\u0131, daha a\u011f\u0131ll\u0131, daha ya\u015f\u0131l insan m\u0259sk\u0259nl\u0259ri, dair\u0259vi ya\u015f\u0131l iqtisadiyyat m&ouml;vzular\u0131nda t\u0259qdimatlar ke&ccedil;irilib, \u0259n m&uuml;asir \u015f\u0259h\u0259rsalma yana\u015fmalar\u0131, insany&ouml;n&uuml;ml&uuml; ya\u015fay\u0131\u015f m\u0259nt\u0259q\u0259l\u0259rinin yarad\u0131lmas\u0131 v\u0259 inkl&uuml;zivliyin t\u0259min edilm\u0259si \u0259traf\u0131nda fikir m&uuml;badil\u0259si apar\u0131l\u0131b. Panel m&uuml;zakir\u0259 zaman\u0131 &ldquo;BMT-nin Dayan\u0131ql\u0131 \u0130nki\u015faf M\u0259qs\u0259dl\u0259rinin (D\u0130M) lokalla\u015fd\u0131r\u0131lmas\u0131 v\u0259 davaml\u0131 m\u0259skunla\u015fma imkanlar\u0131na dair t\u0259klifl\u0259r s\u0259sl\u0259ndirilib.<br \/>\nSonda i\u015ftirak&ccedil;\u0131lar &ouml;lk\u0259mizd\u0259 ke&ccedil;iril\u0259n Milli \u015e\u0259h\u0259rsalma Forumunun y&uuml;ks\u0259k s\u0259viyy\u0259d\u0259 t\u0259\u015fkilin\u0259 g&ouml;r\u0259 raz\u0131l\u0131qlar\u0131n\u0131 bildiribl\u0259r. H\u0259r il ke&ccedil;irilm\u0259si n\u0259z\u0259rd\u0259 tutulan Az\u0259rbaycan Milli \u015e\u0259h\u0259rsalma Forumunun n\u0259tic\u0259l\u0259rin\u0259 dair yekun B\u0259yannam\u0259 q\u0259bul olunub. B\u0259yannam\u0259d\u0259 Forumun m\u0259qs\u0259di v\u0259 \u0259h\u0259miyy\u0259ti qeyd edil\u0259r\u0259k m&ouml;vcud \u0259m\u0259kda\u015fl\u0131q \u0259laq\u0259l\u0259rinin qorunub saxlan\u0131lmas\u0131 v\u0259 yeni t\u0259r\u0259fda\u015fl\u0131qlar\u0131n qurulmas\u0131n\u0131n vacibliyi &ouml;n\u0259 &ccedil;\u0259kilib, t\u0259dbir\u0259 ev sahibliyi etdiyin\u0259 g&ouml;r\u0259 Az\u0259rbaycan h&ouml;kum\u0259tin\u0259, D&ouml;vl\u0259t \u015e\u0259h\u0259rsalma v\u0259 Arxitektura Komit\u0259sin\u0259, Prezidentin X&uuml;susi N&uuml;may\u0259nd\u0259liyin\u0259 v\u0259 ADA Universitetin\u0259, A\u011fdam v\u0259 Bak\u0131 \u015f\u0259h\u0259rl\u0259rin\u0259, h\u0259m&ccedil;inin BMT M\u0259skunla\u015fma Proqram\u0131na t\u0259\u015f\u0259kk&uuml;r edilib.<\/p>\n<p>&nbsp;<\/p>\n","protected":false},"excerpt":{"rendered":"<p>Oktyabr\u0131n 5-i v\u0259 6-s\u0131 tarixl\u0259rind\u0259 D&ouml;vl\u0259t \u015e\u0259h\u0259rsalma v\u0259 Arxitektura Komit\u0259si il\u0259 BMT-nin M\u0259skunla\u015fma Proqram\u0131n\u0131n (UN-Habitat) birg\u0259 \u0259m\u0259kda\u015fl\u0131\u011f\u0131, ADA Universitetinin t\u0259\u015fkilati d\u0259st\u0259yi il\u0259 A\u011fdam v\u0259 Bak\u0131 \u015f\u0259h\u0259rl\u0259rind\u0259 &ldquo;Dayan\u0131ql\u0131 \u0130nki\u015faf M\u0259qs\u0259dl\u0259ri&rdquo; v\u0259&hellip;<\/p>\n","protected":false},"author":1,"featured_media":251278,"comment_status":"open","ping_status":"open","sticky":false,"template":"","format":"standard","meta":{"_lmt_disableupdate":"","_lmt_disable":"","footnotes":""},"categories":[],"tags":[],"class_list":["post-159877","post","type-post","status-publish","format-standard","has-post-thumbnail","hentry"],"_links":{"self":[{"href":"https:\/\/ucnoqta.az\/index.php?rest_route=\/wp\/v2\/posts\/159877","targetHints":{"allow":["GET"]}}],"collection":[{"href":"https:\/\/ucnoqta.az\/index.php?rest_route=\/wp\/v2\/posts"}],"about":[{"href":"https:\/\/ucnoqta.az\/index.php?rest_route=\/wp\/v2\/types\/post"}],"author":[{"embeddable":true,"href":"https:\/\/ucnoqta.az\/index.php?rest_route=\/wp\/v2\/users\/1"}],"replies":[{"embeddable":true,"href":"https:\/\/ucnoqta.az\/index.php?rest_route=%2Fwp%2Fv2%2Fcomments&post=159877"}],"version-history":[{"count":0,"href":"https:\/\/ucnoqta.az\/index.php?rest_route=\/wp\/v2\/posts\/159877\/revisions"}],"wp:featuredmedia":[{"embeddable":true,"href":"https:\/\/ucnoqta.az\/index.php?rest_route=\/wp\/v2\/media\/251278"}],"wp:attachment":[{"href":"https:\/\/ucnoqta.az\/index.php?rest_route=%2Fwp%2Fv2%2Fmedia&parent=159877"}],"wp:term":[{"taxonomy":"category","embeddable":true,"href":"https:\/\/ucnoqta.az\/index.php?rest_route=%2Fwp%2Fv2%2Fcategories&post=159877"},{"taxonomy":"post_tag","embeddable":true,"href":"https:\/\/ucnoqta.az\/index.php?rest_route=%2Fwp%2Fv2%2Ftags&post=159877"}],"curies":[{"name":"wp","href":"https:\/\/api.w.org\/{rel}","templated":true}]}}