{"id":159876,"date":"2022-10-08T13:39:56","date_gmt":"2022-10-08T09:39:56","guid":{"rendered":""},"modified":"-0001-11-30T00:00:00","modified_gmt":"-0001-11-29T20:00:00","slug":"","status":"publish","type":"post","link":"https:\/\/ucnoqta.az\/?p=159876","title":{"rendered":"\u00d6vlad\u0131n\u0131n g\u00f6zl\u0259ri \u00f6n\u00fcnd\u0259 17 b\u0131\u00e7aq z\u0259rb\u0259si il\u0259 q\u0259tl\u0259 yetirildi &#8211; <font color=red><b>T\u018fF\u018fRR\u00dcAT &#8211; V\u0130DEO<\/b><\/font>"},"content":{"rendered":"<p><strong>H\u0259yat yolda\u015f\u0131n\u0131 &ouml;vlad\u0131n\u0131n yan\u0131nda 17 b\u0131&ccedil;aq z\u0259rb\u0259si il\u0259 q\u0259tl\u0259 yetir\u0259n El&ccedil;in \u018fl\u0259kb\u0259rovun cinay\u0259t i\u015fi &uuml;zr\u0259 m\u0259hk\u0259m\u0259 prosesi ba\u015fa &ccedil;at\u0131b.<\/strong><\/p>\n<p>Birg\u0259 ya\u015fad\u0131qlar\u0131 d&ouml;vrd\u0259 aralar\u0131nda tez-tez ba\u015f ver\u0259n m&uuml;bahis\u0259l\u0259r\u0259 g&ouml;r\u0259 Nail\u0259 \u018fliyeva d\u0259f\u0259l\u0259rl\u0259 polis\u0259 v\u0259 m\u0259hk\u0259m\u0259l\u0259r\u0259 \u015fikay\u0259t edib. El&ccedil;in \u018fl\u0259kb\u0259rov inzibati v\u0259 cinay\u0259t m\u0259suliyy\u0259tl\u0259rin\u0259 c\u0259lb edilib.<\/p>\n<p>O, 2021-ci il iyulun 30-da Nail\u0259 \u018fliyevan\u0131n yenid\u0259n polis\u0259 \u015fikay\u0259t etdiyini e\u015fidib v\u0259 qad\u0131n\u0131 &ouml;ld&uuml;rm\u0259k q\u0259rar\u0131na g\u0259lib. Niyy\u0259tini h\u0259yata ke&ccedil;irm\u0259k &uuml;&ccedil;&uuml;n G\u0259nc\u0259d\u0259n Bak\u0131ya g\u0259lib. Marketd\u0259n iki&nbsp;\u0259d\u0259d b\u0131&ccedil;aq al\u0131b v\u0259 X\u0131rdalanda yerl\u0259\u015f\u0259n kafey\u0259 gedib. Nail\u0259nin o\u011flu Ayd\u0131nla birlikd\u0259 ev istiqam\u0259tind\u0259 getdikl\u0259rini g&ouml;r&uuml;b v\u0259 onlar\u0131 t\u0259qib edib. Sonra yolda Nail\u0259 \u018fliyevan\u0131n sa&ccedil;lar\u0131ndan tutub, ba\u015f\u0131n\u0131 yerd\u0259 olan da\u015fa vurub. B\u0131&ccedil;aqlardan birini sa\u011f \u0259lin\u0259 g&ouml;t&uuml;r\u0259nd\u0259, o\u011flu ona mane olmaq ist\u0259yib. U\u015fa\u011f\u0131 it\u0259l\u0259y\u0259r\u0259k, yer\u0259 y\u0131x\u0131b v\u0259 onun g&ouml;zl\u0259ri qar\u015f\u0131s\u0131nda, Nail\u0259 \u018fliyevaya &ccedil;oxsayl\u0131 x\u0259sar\u0259tl\u0259r yetirib. Bununla da El&ccedil;in \u018fl\u0259kb\u0259rov onu h\u0259yatdan m\u0259hrum edib.<\/p>\n<p>Dindirilm\u0259 zaman\u0131 El&ccedil;in \u018fl\u0259kb\u0259rov bildirib ki, xalas\u0131 q\u0131z\u0131 Nail\u0259 \u018fliyeva il\u0259 2003-c&uuml; ild\u0259 ail\u0259 h\u0259yat\u0131 qurub, lakin r\u0259smi nikaha daxil olmay\u0131blar. Nail\u0259 il\u0259 valideynl\u0259rinin t\u0259kidi il\u0259 evl\u0259nib.&nbsp;Bu nikahdan d&ouml;rd &ouml;vlad\u0131 d&uuml;nyaya g\u0259lib. Aralar\u0131nda tez-tez m&uuml;bahis\u0259l\u0259r ba\u015f verib. Valideynl\u0259rin\u0259 v\u0259 u\u015faqlar\u0131na g&ouml;r\u0259 Nail\u0259 il\u0259 birlikd\u0259 ail\u0259 kimi ya\u015fama\u011fa m\u0259cbur olub. Qad\u0131n&nbsp;d\u0259f\u0259l\u0259rl\u0259 onun bar\u0259sind\u0259 polis\u0259 \u015fikay\u0259t edib. Art\u0131q bu v\u0259ziyy\u0259td\u0259n bezib v\u0259 bel\u0259 ya\u015famaq ist\u0259m\u0259yib.<\/p>\n<p>\u015eahid Ayd\u0131n \u018fl\u0259kb\u0259rli bildirib ki, atas\u0131 anas\u0131n\u0131 h\u0259mi\u015f\u0259 incidib, d&ouml;y&uuml;b &ouml;ld&uuml;rm\u0259kl\u0259 h\u0259d\u0259l\u0259yib. Ba\u015f vermi\u015f hadis\u0259d\u0259n 3-4 ay \u0259vv\u0259l anas\u0131 il\u0259 birlikd\u0259 bird\u0259f\u0259lik Bak\u0131ya g\u0259libl\u0259r.&nbsp;B&ouml;y&uuml;k qarda\u015f\u0131 atas\u0131 il\u0259 G\u0259nc\u0259d\u0259 qal\u0131b. 2021-ci il iyulun 30-da X\u0131rdalan dair\u0259sind\u0259 avtobusdan d&uuml;\u015fd&uuml;kd\u0259n sonra anas\u0131 il\u0259 ev\u0259 gedibl\u0259r. Arxaya &ccedil;evril\u0259nd\u0259, atas\u0131n\u0131n arxalar\u0131nca qa&ccedil;araq g\u0259ldiyini g&ouml;r&uuml;b. Anas\u0131n\u0131 atas\u0131n\u0131n g\u0259lm\u0259si bar\u0259d\u0259 x\u0259b\u0259rdar ed\u0259nd\u0259, art\u0131q atas\u0131 onlara&nbsp;&ccedil;at\u0131b. O qad\u0131n\u0131n sa&ccedil;lar\u0131ndan tutub, onun ba\u015f\u0131n\u0131 da\u015fa vurma\u011fa ba\u015flay\u0131b. Atas\u0131n\u0131n anas\u0131n\u0131 b\u0131&ccedil;aqla vurmas\u0131n\u0131 g&ouml;rd&uuml;kd\u0259, &ccedil;ox qorxdu\u011fu &uuml;&ccedil;&uuml;n h\u0259r\u0259k\u0259tsiz v\u0259ziyy\u0259td\u0259 qal\u0131b. Anas\u0131n\u0131 x\u0259st\u0259xanaya aparsalar da, sonuncunun h\u0259yat\u0131n\u0131 xilas etm\u0259k m&uuml;mk&uuml;n olmay\u0131b.<\/p>\n<p>M\u0259hk\u0259m\u0259 iclas\u0131nda El&ccedil;in \u018fl\u0259kb\u0259rov ittiham &uuml;zr\u0259 &ouml;z&uuml;n&uuml; t\u0259qsirli bilm\u0259yib. Bak\u0131 A\u011f\u0131r Cinay\u0259tl\u0259r M\u0259hk\u0259m\u0259sinin h&ouml;km&uuml; il\u0259 El&ccedil;in \u018fl\u0259kb\u0259rov 18 il m&uuml;dd\u0259tin\u0259 azadl\u0131qdan m\u0259hrum olunub.\/\/\/oxu.az<\/p>\n<p><iframe allow=\"accelerometer; autoplay; clipboard-write; encrypted-media; gyroscope; picture-in-picture\" allowfullscreen=\"\" frameborder=\"0\" height=\"315\" src=\"https:\/\/www.youtube.com\/embed\/B3EgROGP27s\" title=\"YouTube video player\" width=\"560\"><\/iframe><\/p>\n","protected":false},"excerpt":{"rendered":"<p>H\u0259yat yolda\u015f\u0131n\u0131 &ouml;vlad\u0131n\u0131n yan\u0131nda 17 b\u0131&ccedil;aq z\u0259rb\u0259si il\u0259 q\u0259tl\u0259 yetir\u0259n El&ccedil;in \u018fl\u0259kb\u0259rovun cinay\u0259t i\u015fi &uuml;zr\u0259 m\u0259hk\u0259m\u0259 prosesi ba\u015fa &ccedil;at\u0131b. Birg\u0259 ya\u015fad\u0131qlar\u0131 d&ouml;vrd\u0259 aralar\u0131nda tez-tez ba\u015f ver\u0259n m&uuml;bahis\u0259l\u0259r\u0259 g&ouml;r\u0259 Nail\u0259 \u018fliyeva&hellip;<\/p>\n","protected":false},"author":1,"featured_media":251278,"comment_status":"open","ping_status":"open","sticky":false,"template":"","format":"standard","meta":{"_lmt_disableupdate":"","_lmt_disable":"","footnotes":""},"categories":[],"tags":[],"class_list":["post-159876","post","type-post","status-publish","format-standard","has-post-thumbnail","hentry"],"_links":{"self":[{"href":"https:\/\/ucnoqta.az\/index.php?rest_route=\/wp\/v2\/posts\/159876","targetHints":{"allow":["GET"]}}],"collection":[{"href":"https:\/\/ucnoqta.az\/index.php?rest_route=\/wp\/v2\/posts"}],"about":[{"href":"https:\/\/ucnoqta.az\/index.php?rest_route=\/wp\/v2\/types\/post"}],"author":[{"embeddable":true,"href":"https:\/\/ucnoqta.az\/index.php?rest_route=\/wp\/v2\/users\/1"}],"replies":[{"embeddable":true,"href":"https:\/\/ucnoqta.az\/index.php?rest_route=%2Fwp%2Fv2%2Fcomments&post=159876"}],"version-history":[{"count":0,"href":"https:\/\/ucnoqta.az\/index.php?rest_route=\/wp\/v2\/posts\/159876\/revisions"}],"wp:featuredmedia":[{"embeddable":true,"href":"https:\/\/ucnoqta.az\/index.php?rest_route=\/wp\/v2\/media\/251278"}],"wp:attachment":[{"href":"https:\/\/ucnoqta.az\/index.php?rest_route=%2Fwp%2Fv2%2Fmedia&parent=159876"}],"wp:term":[{"taxonomy":"category","embeddable":true,"href":"https:\/\/ucnoqta.az\/index.php?rest_route=%2Fwp%2Fv2%2Fcategories&post=159876"},{"taxonomy":"post_tag","embeddable":true,"href":"https:\/\/ucnoqta.az\/index.php?rest_route=%2Fwp%2Fv2%2Ftags&post=159876"}],"curies":[{"name":"wp","href":"https:\/\/api.w.org\/{rel}","templated":true}]}}