{"id":159875,"date":"2022-10-08T13:06:21","date_gmt":"2022-10-08T09:06:21","guid":{"rendered":""},"modified":"-0001-11-30T00:00:00","modified_gmt":"-0001-11-29T20:00:00","slug":"","status":"publish","type":"post","link":"https:\/\/ucnoqta.az\/?p=159875","title":{"rendered":"Rusiyadan Ukraynaya ke\u00e7m\u0259k ist\u0259y\u0259n az\u0259rbaycanl\u0131lar <font color=red><b>\u00d6LD\u00dcR\u00dcLD\u00dc<\/b><\/font>"},"content":{"rendered":"<p><strong>Ukrayna-Rusiya s\u0259rh\u0259dind\u0259 az\u0259rbaycanl\u0131lar\u0131n oldu\u011fu avtobus at\u0259\u015f\u0259 m\u0259ruz qal\u0131b.<\/strong><\/p>\n<p>Ucnoqta.az&nbsp;x\u0259b\u0259r verir ki, bu bar\u0259d\u0259 v\u0259kil Aqil Lay\u0131c &quot;Facebook&quot; hesab\u0131nda m\u0259lumat payla\u015f\u0131b. O bildirib ki, i&ccedil;\u0259risind\u0259 &ccedil;oxsayl\u0131 s\u0259rni\u015finl\u0259rin oldu\u011fu avtobus Xerson istiqam\u0259tind\u0259 vurulub. At\u0259\u015fin Rusiya Silahl\u0131 Q&uuml;vv\u0259l\u0259ri m\u0259nsublar\u0131 t\u0259r\u0259find\u0259n a&ccedil;\u0131ld\u0131\u011f\u0131 qeyd edilib.<\/p>\n<p>Hadis\u0259 n\u0259tic\u0259sind\u0259 avtobusdak\u0131 \u015f\u0259xsl\u0259rin h\u0259lak oldu\u011fu bildirilib. Onlar\u0131n 4-&uuml; Z\u0259rdab rayonunun M\u0259mm\u0259dqas\u0131ml\u0131 k\u0259nd sakinl\u0259ridir.<\/p>\n<p>M\u0259lumata g&ouml;r\u0259, Rusiya-Ukrayna s\u0259rh\u0259dind\u0259n qar\u015f\u0131 t\u0259r\u0259f\u0259 ke&ccedil;mk ist\u0259y\u0259n \u015f\u0259xsl\u0259r Rusiyadak\u0131 qism\u0259n s\u0259f\u0259rb\u0259rlikl\u0259 \u0259laq\u0259dar bu &ouml;lk\u0259ni t\u0259rk etm\u0259k niyy\u0259tind\u0259 olublar.<\/p>\n<p>Hadis\u0259 bar\u0259d\u0259 Az\u0259rbaycanda d&ouml;vl\u0259t qurumlar\u0131 t\u0259r\u0259find\u0259n d\u0259qiql\u0259\u015fdirm\u0259l\u0259r apar\u0131l\u0131r, \u0259trafl\u0131 m\u0259lumat veril\u0259c\u0259k.<\/p>\n","protected":false},"excerpt":{"rendered":"<p>Ukrayna-Rusiya s\u0259rh\u0259dind\u0259 az\u0259rbaycanl\u0131lar\u0131n oldu\u011fu avtobus at\u0259\u015f\u0259 m\u0259ruz qal\u0131b. Ucnoqta.az&nbsp;x\u0259b\u0259r verir ki, bu bar\u0259d\u0259 v\u0259kil Aqil Lay\u0131c &quot;Facebook&quot; hesab\u0131nda m\u0259lumat payla\u015f\u0131b. O bildirib ki, i&ccedil;\u0259risind\u0259 &ccedil;oxsayl\u0131 s\u0259rni\u015finl\u0259rin oldu\u011fu avtobus Xerson istiqam\u0259tind\u0259&hellip;<\/p>\n","protected":false},"author":1,"featured_media":251278,"comment_status":"open","ping_status":"open","sticky":false,"template":"","format":"standard","meta":{"_lmt_disableupdate":"","_lmt_disable":"","footnotes":""},"categories":[],"tags":[],"class_list":["post-159875","post","type-post","status-publish","format-standard","has-post-thumbnail","hentry"],"_links":{"self":[{"href":"https:\/\/ucnoqta.az\/index.php?rest_route=\/wp\/v2\/posts\/159875","targetHints":{"allow":["GET"]}}],"collection":[{"href":"https:\/\/ucnoqta.az\/index.php?rest_route=\/wp\/v2\/posts"}],"about":[{"href":"https:\/\/ucnoqta.az\/index.php?rest_route=\/wp\/v2\/types\/post"}],"author":[{"embeddable":true,"href":"https:\/\/ucnoqta.az\/index.php?rest_route=\/wp\/v2\/users\/1"}],"replies":[{"embeddable":true,"href":"https:\/\/ucnoqta.az\/index.php?rest_route=%2Fwp%2Fv2%2Fcomments&post=159875"}],"version-history":[{"count":0,"href":"https:\/\/ucnoqta.az\/index.php?rest_route=\/wp\/v2\/posts\/159875\/revisions"}],"wp:featuredmedia":[{"embeddable":true,"href":"https:\/\/ucnoqta.az\/index.php?rest_route=\/wp\/v2\/media\/251278"}],"wp:attachment":[{"href":"https:\/\/ucnoqta.az\/index.php?rest_route=%2Fwp%2Fv2%2Fmedia&parent=159875"}],"wp:term":[{"taxonomy":"category","embeddable":true,"href":"https:\/\/ucnoqta.az\/index.php?rest_route=%2Fwp%2Fv2%2Fcategories&post=159875"},{"taxonomy":"post_tag","embeddable":true,"href":"https:\/\/ucnoqta.az\/index.php?rest_route=%2Fwp%2Fv2%2Ftags&post=159875"}],"curies":[{"name":"wp","href":"https:\/\/api.w.org\/{rel}","templated":true}]}}