{"id":159874,"date":"2022-10-08T13:17:59","date_gmt":"2022-10-08T09:17:59","guid":{"rendered":""},"modified":"-0001-11-30T00:00:00","modified_gmt":"-0001-11-29T20:00:00","slug":"","status":"publish","type":"post","link":"https:\/\/ucnoqta.az\/?p=159874","title":{"rendered":"\u201cKonfrans Liqas\u0131 haqda fikirl\u0259\u015fmirik\u201d &#8211; <font color=red><b>\u015eahruddin<\/b><\/font>"},"content":{"rendered":"<p><strong>&ldquo;Qaraba\u011f&rdquo;\u0131n qap\u0131&ccedil;\u0131s\u0131 \u015eahruddin M\u0259h\u0259mm\u0259d\u0259liyev bu g&uuml;n ke&ccedil;iril\u0259n Bak\u0131 k\u0259ndl\u0259ri aras\u0131nda futbol turnirinin a&ccedil;\u0131l\u0131\u015f m\u0259rasimind\u0259 qonaq qismind\u0259 i\u015ftirak edib.&nbsp;<\/strong><\/p>\n<p>Jurnalistl\u0259r\u0259 a&ccedil;\u0131qlama ver\u0259n M\u0259h\u0259mm\u0259d\u0259liyev &ldquo;Qaraba\u011f&rdquo;\u0131n Avropa Liqas\u0131n\u0131n &uuml;&ccedil;&uuml;nc&uuml; turunun &ldquo;Olimpiakos&rdquo;a qar\u015f\u0131 s\u0259f\u0259r mat&ccedil;\u0131 haqda dan\u0131\u015f\u0131b: &ldquo;&ldquo;Olimpiakos&rdquo;a qar\u015f\u0131 mat&ccedil; &ccedil;\u0259tin oldu. &Ccedil;&uuml;nki r\u0259qib d\u0259 yax\u015f\u0131 komanda idi. Amma biz yax\u015f\u0131 q\u0259l\u0259b\u0259 il\u0259 v\u0259t\u0259n\u0259 qay\u0131td\u0131q. H\u0259qiq\u0259t\u0259n vacib q\u0259l\u0259b\u0259 idi. Art\u0131q ilk g&ouml;r&uuml;\u015f gerid\u0259 qald\u0131 v\u0259 biz Bak\u0131da &ldquo;Olimpiakos&rdquo;a qar\u015f\u0131 ke&ccedil;ir\u0259c\u0259yimiz ikinci oyunu g&ouml;zl\u0259yirik&rdquo;.<\/p>\n<p>M\u0259h\u0259mm\u0259d\u0259liyev komandas\u0131n\u0131n Avropa Liqas\u0131ndak\u0131 h\u0259d\u0259fl\u0259rind\u0259n d\u0259 dan\u0131\u015f\u0131b: &ldquo;Biz Konfrans Liqas\u0131 haqda fikirl\u0259\u015fmirik. Avropa Liqas\u0131ndan n&ouml;vb\u0259ti m\u0259rh\u0259l\u0259y\u0259 &ccedil;\u0131xmaq ist\u0259yirik. Bunun &uuml;&ccedil;&uuml;n d\u0259 &ccedil;al\u0131\u015f\u0131r\u0131q&rdquo;.<\/p>\n<p>&ldquo;Olimpiakos&rdquo;la Pireyd\u0259 ke&ccedil;iril\u0259n g&ouml;r&uuml;\u015fd\u0259ki seyvi h\u0259ft\u0259nin \u0259n yax\u015f\u0131lar\u0131 aras\u0131na d&uuml;\u015f\u0259n \u015eahruddin bununla ba\u011fl\u0131 is\u0259 bel\u0259 deyib: &ldquo;Bu, m\u0259nim i\u015fimdir. M\u0259n qap\u0131da dayan\u0131ram, qap\u0131n\u0131n toxunulmazl\u0131\u011f\u0131ndan cavabdeh\u0259m. &ldquo;Viktoriya&rdquo; il\u0259 mat&ccedil;dan sonra m\u0259nim &uuml;&ccedil;&uuml;n &ccedil;\u0259tin idi. H\u0259m &ldquo;Qaraba\u011f&rdquo;a, h\u0259m d\u0259 Az\u0259rbaycan millisin\u0259 k&ouml;m\u0259k etm\u0259y\u0259 &ccedil;al\u0131\u015f\u0131ram&rdquo;.\/\/\/qafqazinfo<\/p>\n<p>&nbsp;<\/p>\n","protected":false},"excerpt":{"rendered":"<p>&ldquo;Qaraba\u011f&rdquo;\u0131n qap\u0131&ccedil;\u0131s\u0131 \u015eahruddin M\u0259h\u0259mm\u0259d\u0259liyev bu g&uuml;n ke&ccedil;iril\u0259n Bak\u0131 k\u0259ndl\u0259ri aras\u0131nda futbol turnirinin a&ccedil;\u0131l\u0131\u015f m\u0259rasimind\u0259 qonaq qismind\u0259 i\u015ftirak edib.&nbsp; Jurnalistl\u0259r\u0259 a&ccedil;\u0131qlama ver\u0259n M\u0259h\u0259mm\u0259d\u0259liyev &ldquo;Qaraba\u011f&rdquo;\u0131n Avropa Liqas\u0131n\u0131n &uuml;&ccedil;&uuml;nc&uuml; turunun &ldquo;Olimpiakos&rdquo;a qar\u015f\u0131 s\u0259f\u0259r&hellip;<\/p>\n","protected":false},"author":1,"featured_media":251278,"comment_status":"open","ping_status":"open","sticky":false,"template":"","format":"standard","meta":{"_lmt_disableupdate":"","_lmt_disable":"","footnotes":""},"categories":[90],"tags":[],"class_list":["post-159874","post","type-post","status-publish","format-standard","has-post-thumbnail","hentry","category-idman-butun-xeberler"],"_links":{"self":[{"href":"https:\/\/ucnoqta.az\/index.php?rest_route=\/wp\/v2\/posts\/159874","targetHints":{"allow":["GET"]}}],"collection":[{"href":"https:\/\/ucnoqta.az\/index.php?rest_route=\/wp\/v2\/posts"}],"about":[{"href":"https:\/\/ucnoqta.az\/index.php?rest_route=\/wp\/v2\/types\/post"}],"author":[{"embeddable":true,"href":"https:\/\/ucnoqta.az\/index.php?rest_route=\/wp\/v2\/users\/1"}],"replies":[{"embeddable":true,"href":"https:\/\/ucnoqta.az\/index.php?rest_route=%2Fwp%2Fv2%2Fcomments&post=159874"}],"version-history":[{"count":0,"href":"https:\/\/ucnoqta.az\/index.php?rest_route=\/wp\/v2\/posts\/159874\/revisions"}],"wp:featuredmedia":[{"embeddable":true,"href":"https:\/\/ucnoqta.az\/index.php?rest_route=\/wp\/v2\/media\/251278"}],"wp:attachment":[{"href":"https:\/\/ucnoqta.az\/index.php?rest_route=%2Fwp%2Fv2%2Fmedia&parent=159874"}],"wp:term":[{"taxonomy":"category","embeddable":true,"href":"https:\/\/ucnoqta.az\/index.php?rest_route=%2Fwp%2Fv2%2Fcategories&post=159874"},{"taxonomy":"post_tag","embeddable":true,"href":"https:\/\/ucnoqta.az\/index.php?rest_route=%2Fwp%2Fv2%2Ftags&post=159874"}],"curies":[{"name":"wp","href":"https:\/\/api.w.org\/{rel}","templated":true}]}}