{"id":159863,"date":"2022-10-08T11:10:12","date_gmt":"2022-10-08T07:10:12","guid":{"rendered":""},"modified":"-0001-11-30T00:00:00","modified_gmt":"-0001-11-29T20:00:00","slug":"","status":"publish","type":"post","link":"https:\/\/ucnoqta.az\/?p=159863","title":{"rendered":"Putind\u0259n Kr\u0131m k\u00f6rp\u00fcs\u00fc il\u0259 ba\u011fl\u0131 <font color=red><b>G\u00d6ST\u018fR\u0130\u015e<\/b><\/font>"},"content":{"rendered":"<p><strong>Rusiya Prezidenti Vladimir Putin Kr\u0131m k&ouml;rp&uuml;s&uuml;n&uuml;n partlad\u0131lmas\u0131n\u0131 ara\u015fd\u0131rmaq &uuml;&ccedil;&uuml;n h&ouml;kum\u0259t komissiyas\u0131n\u0131n yarad\u0131lmas\u0131 bar\u0259d\u0259 g&ouml;st\u0259ri\u015f verib.<\/strong><\/p>\n<p>&quot;Unikal&quot;&nbsp;TASS-a istinad\u0259n bildirir ki, bunu d&ouml;vl\u0259t ba\u015f&ccedil;\u0131s\u0131n\u0131n s&ouml;z&ccedil;&uuml;s&uuml; Dmitri Peskov deyib.&nbsp;<\/p>\n<p>O qeyd edib ki, V.Putin hadis\u0259 il\u0259 ba\u011fl\u0131 Rusiyan\u0131n Ba\u015f nazir Mixail Mi\u015fustinl\u0259 yana\u015f\u0131, F&ouml;vq\u0259lad\u0259 Hallar v\u0259 N\u0259qliyyat nazirlikl\u0259rinin, h&uuml;quq-m&uuml;hafiz\u0259 orqanlar\u0131n\u0131n hesabatlar\u0131n\u0131 dinl\u0259yib.&nbsp;<\/p>\n<p>D.Peskov s&ouml;yl\u0259yib ki, Rusiya F&ouml;vq\u0259lad\u0259 Hallar v\u0259 N\u0259qliyyat nazirlikl\u0259rinin r\u0259hb\u0259rl\u0259ri hadis\u0259 yerin\u0259 gedibl\u0259r.<\/p>\n<p>Bundan ba\u015fqa, Rusiyan\u0131n Terrorla M&uuml;bariz\u0259 Komit\u0259si Kr\u0131m k&ouml;rp&uuml;s&uuml;nd\u0259 ba\u015f ver\u0259n partlay\u0131\u015f\u0131n ilin s\u0259b\u0259bini a&ccedil;\u0131qlay\u0131b. Qurumdan bildirilib ki, k&ouml;rp&uuml;d\u0259ki 7 yanacaq &ccedil;\u0259nininin yanmas\u0131n\u0131n s\u0259b\u0259bi y&uuml;k ma\u015f\u0131n\u0131n\u0131n partlad\u0131lmas\u0131 olub.<\/p>\n<p>&nbsp;<\/p>\n","protected":false},"excerpt":{"rendered":"<p>Rusiya Prezidenti Vladimir Putin Kr\u0131m k&ouml;rp&uuml;s&uuml;n&uuml;n partlad\u0131lmas\u0131n\u0131 ara\u015fd\u0131rmaq &uuml;&ccedil;&uuml;n h&ouml;kum\u0259t komissiyas\u0131n\u0131n yarad\u0131lmas\u0131 bar\u0259d\u0259 g&ouml;st\u0259ri\u015f verib. &quot;Unikal&quot;&nbsp;TASS-a istinad\u0259n bildirir ki, bunu d&ouml;vl\u0259t ba\u015f&ccedil;\u0131s\u0131n\u0131n s&ouml;z&ccedil;&uuml;s&uuml; Dmitri Peskov deyib.&nbsp; O qeyd edib ki,&hellip;<\/p>\n","protected":false},"author":1,"featured_media":251278,"comment_status":"open","ping_status":"open","sticky":false,"template":"","format":"standard","meta":{"_lmt_disableupdate":"","_lmt_disable":"","footnotes":""},"categories":[89],"tags":[],"class_list":["post-159863","post","type-post","status-publish","format-standard","has-post-thumbnail","hentry","category-dunya-butun-xeberler"],"_links":{"self":[{"href":"https:\/\/ucnoqta.az\/index.php?rest_route=\/wp\/v2\/posts\/159863","targetHints":{"allow":["GET"]}}],"collection":[{"href":"https:\/\/ucnoqta.az\/index.php?rest_route=\/wp\/v2\/posts"}],"about":[{"href":"https:\/\/ucnoqta.az\/index.php?rest_route=\/wp\/v2\/types\/post"}],"author":[{"embeddable":true,"href":"https:\/\/ucnoqta.az\/index.php?rest_route=\/wp\/v2\/users\/1"}],"replies":[{"embeddable":true,"href":"https:\/\/ucnoqta.az\/index.php?rest_route=%2Fwp%2Fv2%2Fcomments&post=159863"}],"version-history":[{"count":0,"href":"https:\/\/ucnoqta.az\/index.php?rest_route=\/wp\/v2\/posts\/159863\/revisions"}],"wp:featuredmedia":[{"embeddable":true,"href":"https:\/\/ucnoqta.az\/index.php?rest_route=\/wp\/v2\/media\/251278"}],"wp:attachment":[{"href":"https:\/\/ucnoqta.az\/index.php?rest_route=%2Fwp%2Fv2%2Fmedia&parent=159863"}],"wp:term":[{"taxonomy":"category","embeddable":true,"href":"https:\/\/ucnoqta.az\/index.php?rest_route=%2Fwp%2Fv2%2Fcategories&post=159863"},{"taxonomy":"post_tag","embeddable":true,"href":"https:\/\/ucnoqta.az\/index.php?rest_route=%2Fwp%2Fv2%2Ftags&post=159863"}],"curies":[{"name":"wp","href":"https:\/\/api.w.org\/{rel}","templated":true}]}}