{"id":159856,"date":"2022-10-08T10:06:13","date_gmt":"2022-10-08T06:06:13","guid":{"rendered":""},"modified":"-0001-11-30T00:00:00","modified_gmt":"-0001-11-29T20:00:00","slug":"","status":"publish","type":"post","link":"https:\/\/ucnoqta.az\/?p=159856","title":{"rendered":"\u201cAz\u0259ri\u015f\u0131q\u201d-\u0131n \u0259m\u0259kda\u015f\u0131 i\u015f ota\u011f\u0131nda polisin bac\u0131s\u0131n\u0131 d\u00f6yd\u00fc"},"content":{"rendered":"<p><strong>&ldquo;Az\u0259ri\u015f\u0131q&rdquo; ASC-nin \u0259m\u0259kda\u015f\u0131 i\u015f ota\u011f\u0131nda polisin bac\u0131s\u0131n\u0131 d&ouml;y&uuml;b.<\/strong><\/p>\n<p>Ucnoqta.az Pravda.az-a istinad\u0259n x\u0259b\u0259r verir ki, bu bar\u0259d\u0259 G\u0259nc\u0259 \u015e\u0259h\u0259r M\u0259hk\u0259m\u0259sind\u0259 ke&ccedil;iril\u0259n prosesd\u0259 elan olunub.<br \/>\nQeyd edilib ki, hadis\u0259 G\u0259nc\u0259 \u015f\u0259h\u0259rind\u0259 yerl\u0259\u015f\u0259n &ndash; &ldquo;Az\u0259ri\u015f\u0131q&rdquo; ASC-nin Q\u0259rb Regional Enerji T\u0259chizat\u0131 v\u0259 Sat\u0131\u015f\u0131 \u0130dar\u0259sind\u0259 qeyd\u0259 al\u0131n\u0131b.<\/p>\n<p>Bel\u0259 ki, \u0130dar\u0259nin \u0259m\u0259kda\u015f\u0131 i\u015f ota\u011f\u0131nda Nail \u0130sg\u0259nd\u0259rov A.Musayevan\u0131 d&ouml;y&uuml;b.<br \/>\nDaha sonra A.Musayeva h&uuml;quq-m&uuml;hafiz\u0259 orqanlar\u0131na m&uuml;raci\u0259t edib. Nail \u0130sg\u0259nd\u0259rov saxlan\u0131l\u0131b v\u0259 bar\u0259sind\u0259 \u0130nzibati X\u0259talar M\u0259c\u0259ll\u0259sinin (\u0130XM) 157-ci (D&ouml;ym\u0259) madd\u0259si il\u0259 inzibati protokol t\u0259rtib olunub v\u0259 bax\u0131lmas\u0131 &uuml;&ccedil;&uuml;n m\u0259hk\u0259m\u0259y\u0259 g&ouml;nd\u0259rilib.<\/p>\n<p>M\u0259hk\u0259m\u0259d\u0259 Nail \u0130sg\u0259nd\u0259rov deyib ki, hadis\u0259 g&uuml;n&uuml; A.Musayeva v\u0259 N.\u018fsg\u0259rova&nbsp;onun i\u015f ota\u011f\u0131na g\u0259lib, ail\u0259sini nalayiq ifad\u0259l\u0259rl\u0259 t\u0259hqir edib: &ldquo;A.Musayeva m\u0259n\u0259 \u0259l-qol atd\u0131, &ouml;z&uuml;m&uuml; m&uuml;dafi\u0259 etm\u0259k m\u0259qs\u0259dil\u0259 onun \u0259lini saxlad\u0131m. A.Musayevan\u0131n qarda\u015f\u0131 v\u0259 m\u0259rhum atas\u0131 polis zabiti oldu\u011fundan polis \u0259m\u0259kda\u015flar\u0131 il\u0259 \u0259laq\u0259l\u0259ri var. Bu s\u0259b\u0259d\u0259n bar\u0259md\u0259 haz\u0131rki material toplanaraq m\u0259suliyy\u0259t\u0259 c\u0259lb edildim.<\/p>\n<p>El\u0259c\u0259 d\u0259 30.08.2022-ci il tarixd\u0259 A.Musayevan\u0131n \u0130nzibati X\u0259talar M\u0259c\u0259ll\u0259sinin 510-cu (X\u0131rda xuliqanl\u0131q) madd\u0259si il\u0259 t\u0259qsirli bilinm\u0259sin\u0259 dair ke&ccedil;iril\u0259n m\u0259hk\u0259m\u0259 iclas\u0131nda \u015fahid qismind\u0259 dindiril\u0259n S\u0259n\u0259m (\u015f\u0259rti) adl\u0131 \u015f\u0259xs izahat\u0131nda A.Musayeva il\u0259 d\u0259hlizd\u0259 rastla\u015fd\u0131\u011f\u0131n\u0131 v\u0259 onun sa&ccedil;\u0131n\u0131n bel\u0259 da\u011f\u0131lmad\u0131\u011f\u0131n\u0131 dedi. Buna g&ouml;r\u0259 birinci instansiya m\u0259hk\u0259m\u0259sinin q\u0259rar\u0131n\u0131n l\u0259\u011fv edilm\u0259sini v\u0259 i\u015f &uuml;zr\u0259 icraata xitam verilm\u0259sini xahi\u015f edir\u0259m&rdquo;.<\/p>\n<p>M\u0259hk\u0259m\u0259 iclas\u0131nda z\u0259r\u0259r&ccedil;\u0259kmi\u015f \u015f\u0259xs \u015fikay\u0259t\u0259 etiraz edib. O bildirib ki, toplanm\u0131\u015f s&uuml;butlarla Nail \u0130sg\u0259nd\u0259rovun \u0259m\u0259li t\u0259sdiq olunur.<br \/>\nBundan ba\u015fqa, m\u0259hk\u0259m\u0259d\u0259 z\u0259r\u0259r&ccedil;\u0259kmi\u015f \u015f\u0259xsin n&uuml;may\u0259nd\u0259si etiraz ed\u0259r\u0259k deyib ki, ekspert r\u0259yi, el\u0259c\u0259 d\u0259 i\u015f &uuml;zr\u0259 toplanm\u0131\u015f s&uuml;butlarla Nail isg\u0259nd\u0259rovun A.Musayevaya x\u0259sar\u0259t yetirm\u0259si tam s&uuml;but edilir.<\/p>\n<p>G\u0259nc\u0259 \u015e\u0259h\u0259r M\u0259hk\u0259m\u0259sinin q\u0259rar\u0131na \u0259sas\u0259n, Nail \u0130sg\u0259nd\u0259rov \u0130XM-in 157-ci madd\u0259si il\u0259 t\u0259qsirli bilinib v\u0259 300 manat m\u0259bl\u0259\u011find\u0259 c\u0259rim\u0259 olunub. O, bu q\u0259rardan naraz\u0131 qal\u0131b v\u0259 apellyasiya \u015fikay\u0259ti verib. G\u0259nc\u0259 Apellyasiya M\u0259hk\u0259m\u0259si onun \u015fikay\u0259tini t\u0259min etm\u0259yib.&nbsp;<\/p>\n","protected":false},"excerpt":{"rendered":"<p>&ldquo;Az\u0259ri\u015f\u0131q&rdquo; ASC-nin \u0259m\u0259kda\u015f\u0131 i\u015f ota\u011f\u0131nda polisin bac\u0131s\u0131n\u0131 d&ouml;y&uuml;b. Ucnoqta.az Pravda.az-a istinad\u0259n x\u0259b\u0259r verir ki, bu bar\u0259d\u0259 G\u0259nc\u0259 \u015e\u0259h\u0259r M\u0259hk\u0259m\u0259sind\u0259 ke&ccedil;iril\u0259n prosesd\u0259 elan olunub. Qeyd edilib ki, hadis\u0259 G\u0259nc\u0259 \u015f\u0259h\u0259rind\u0259 yerl\u0259\u015f\u0259n&hellip;<\/p>\n","protected":false},"author":1,"featured_media":251278,"comment_status":"open","ping_status":"open","sticky":false,"template":"","format":"standard","meta":{"_lmt_disableupdate":"","_lmt_disable":"","footnotes":""},"categories":[],"tags":[],"class_list":["post-159856","post","type-post","status-publish","format-standard","has-post-thumbnail","hentry"],"_links":{"self":[{"href":"https:\/\/ucnoqta.az\/index.php?rest_route=\/wp\/v2\/posts\/159856","targetHints":{"allow":["GET"]}}],"collection":[{"href":"https:\/\/ucnoqta.az\/index.php?rest_route=\/wp\/v2\/posts"}],"about":[{"href":"https:\/\/ucnoqta.az\/index.php?rest_route=\/wp\/v2\/types\/post"}],"author":[{"embeddable":true,"href":"https:\/\/ucnoqta.az\/index.php?rest_route=\/wp\/v2\/users\/1"}],"replies":[{"embeddable":true,"href":"https:\/\/ucnoqta.az\/index.php?rest_route=%2Fwp%2Fv2%2Fcomments&post=159856"}],"version-history":[{"count":0,"href":"https:\/\/ucnoqta.az\/index.php?rest_route=\/wp\/v2\/posts\/159856\/revisions"}],"wp:featuredmedia":[{"embeddable":true,"href":"https:\/\/ucnoqta.az\/index.php?rest_route=\/wp\/v2\/media\/251278"}],"wp:attachment":[{"href":"https:\/\/ucnoqta.az\/index.php?rest_route=%2Fwp%2Fv2%2Fmedia&parent=159856"}],"wp:term":[{"taxonomy":"category","embeddable":true,"href":"https:\/\/ucnoqta.az\/index.php?rest_route=%2Fwp%2Fv2%2Fcategories&post=159856"},{"taxonomy":"post_tag","embeddable":true,"href":"https:\/\/ucnoqta.az\/index.php?rest_route=%2Fwp%2Fv2%2Ftags&post=159856"}],"curies":[{"name":"wp","href":"https:\/\/api.w.org\/{rel}","templated":true}]}}