{"id":159851,"date":"2022-10-08T00:19:15","date_gmt":"2022-10-07T20:19:15","guid":{"rendered":""},"modified":"-0001-11-30T00:00:00","modified_gmt":"-0001-11-29T20:00:00","slug":"","status":"publish","type":"post","link":"https:\/\/ucnoqta.az\/?p=159851","title":{"rendered":"Zelenski azad edil\u0259n \u0259razil\u0259ri a\u00e7\u0131qlad\u0131"},"content":{"rendered":"<p><strong>Bu h\u0259ft\u0259 Ukrayna ordusu \u015f\u0259rqd\u0259 6-s\u0131 Luqansk vilay\u0259tinin olmaqla, 29 ya\u015fay\u0131\u015f m\u0259nt\u0259q\u0259sini i\u015f\u011faldan azad edib.<\/strong><\/p>\n<p>Bu bar\u0259d\u0259 Ukrayna Prezidenti Vladimir Zelenski dan\u0131\u015f\u0131b.<\/p>\n<p>&ldquo;T\u0259kc\u0259 bu h\u0259ft\u0259 \u0259rzind\u0259 d&ouml;y&uuml;\u015f&ccedil;&uuml;l\u0259rimiz d&ouml;vl\u0259timizin \u015f\u0259rqind\u0259 776 kvadrat kilometr \u0259razini v\u0259 alt\u0131s\u0131 Luqansk vilay\u0259tind\u0259 olmaqla 29 ya\u015fay\u0131\u015f m\u0259nt\u0259q\u0259sini Rusiyan\u0131n psevdoreferendumundan azad edibl\u0259r. &Uuml;mumilikd\u0259, bu h&uuml;cum \u0259m\u0259liyyat\u0131 ba\u015flayandan 2 434 kvadrat km \u0259razimiz v\u0259 96 ya\u015fay\u0131\u015f m\u0259nt\u0259q\u0259si azad edilib&rdquo;, &#8211; V.Zelenski s&ouml;yl\u0259yib.<\/p>\n","protected":false},"excerpt":{"rendered":"<p>Bu h\u0259ft\u0259 Ukrayna ordusu \u015f\u0259rqd\u0259 6-s\u0131 Luqansk vilay\u0259tinin olmaqla, 29 ya\u015fay\u0131\u015f m\u0259nt\u0259q\u0259sini i\u015f\u011faldan azad edib. Bu bar\u0259d\u0259 Ukrayna Prezidenti Vladimir Zelenski dan\u0131\u015f\u0131b. &ldquo;T\u0259kc\u0259 bu h\u0259ft\u0259 \u0259rzind\u0259 d&ouml;y&uuml;\u015f&ccedil;&uuml;l\u0259rimiz d&ouml;vl\u0259timizin \u015f\u0259rqind\u0259 776&hellip;<\/p>\n","protected":false},"author":1,"featured_media":251278,"comment_status":"open","ping_status":"open","sticky":false,"template":"","format":"standard","meta":{"_lmt_disableupdate":"","_lmt_disable":"","footnotes":""},"categories":[89],"tags":[],"class_list":["post-159851","post","type-post","status-publish","format-standard","has-post-thumbnail","hentry","category-dunya-butun-xeberler"],"_links":{"self":[{"href":"https:\/\/ucnoqta.az\/index.php?rest_route=\/wp\/v2\/posts\/159851","targetHints":{"allow":["GET"]}}],"collection":[{"href":"https:\/\/ucnoqta.az\/index.php?rest_route=\/wp\/v2\/posts"}],"about":[{"href":"https:\/\/ucnoqta.az\/index.php?rest_route=\/wp\/v2\/types\/post"}],"author":[{"embeddable":true,"href":"https:\/\/ucnoqta.az\/index.php?rest_route=\/wp\/v2\/users\/1"}],"replies":[{"embeddable":true,"href":"https:\/\/ucnoqta.az\/index.php?rest_route=%2Fwp%2Fv2%2Fcomments&post=159851"}],"version-history":[{"count":0,"href":"https:\/\/ucnoqta.az\/index.php?rest_route=\/wp\/v2\/posts\/159851\/revisions"}],"wp:featuredmedia":[{"embeddable":true,"href":"https:\/\/ucnoqta.az\/index.php?rest_route=\/wp\/v2\/media\/251278"}],"wp:attachment":[{"href":"https:\/\/ucnoqta.az\/index.php?rest_route=%2Fwp%2Fv2%2Fmedia&parent=159851"}],"wp:term":[{"taxonomy":"category","embeddable":true,"href":"https:\/\/ucnoqta.az\/index.php?rest_route=%2Fwp%2Fv2%2Fcategories&post=159851"},{"taxonomy":"post_tag","embeddable":true,"href":"https:\/\/ucnoqta.az\/index.php?rest_route=%2Fwp%2Fv2%2Ftags&post=159851"}],"curies":[{"name":"wp","href":"https:\/\/api.w.org\/{rel}","templated":true}]}}