{"id":158142,"date":"2022-09-16T16:23:01","date_gmt":"2022-09-16T12:23:01","guid":{"rendered":""},"modified":"-0001-11-30T00:00:00","modified_gmt":"-0001-11-29T20:00:00","slug":"","status":"publish","type":"post","link":"https:\/\/ucnoqta.az\/?p=158142","title":{"rendered":"Pensiyalarla ba\u011fl\u0131 qanun yenid\u0259n <font color=red><b>D\u018fY\u0130\u015eD\u0130R\u0130L\u0130R<\/b><\/font>"},"content":{"rendered":"<p><strong>&ldquo;\u018fm\u0259k pensiyalar\u0131 haqq\u0131nda&rdquo;, &ldquo;Sosial m&uuml;avin\u0259tl\u0259r haqq\u0131nda&rdquo; v\u0259 &ldquo;Sosial xidm\u0259tl\u0259r haqq\u0131nda&rdquo; qanunlara d\u0259yi\u015fiklik edil\u0259c\u0259k.<\/strong><\/p>\n<p>Ucnoqta.az&nbsp;x\u0259b\u0259r verir ki,&nbsp;bununla ba\u011fl\u0131 s\u0259n\u0259dl\u0259r birinci oxunu\u015fda Milli M\u0259clisin \u018fm\u0259k v\u0259 sosial siyas\u0259t komit\u0259sinin bu g&uuml;n ke&ccedil;iril\u0259n iclas\u0131nda m&uuml;zakir\u0259y\u0259 &ccedil;\u0131xar\u0131l\u0131b.<\/p>\n<p>D\u0259yi\u015fiklikl\u0259r bar\u0259d\u0259 m\u0259lumat ver\u0259n parlament Aparat\u0131n\u0131n Sosial qanunvericilik \u015f&ouml;b\u0259sinin m&uuml;diri Adil V\u0259liyev bildirib ki, Az\u0259rbaycan Prezidentinin 2020-ci il 27 fevral tarixli s\u0259r\u0259ncam\u0131 il\u0259 t\u0259sdiq edilmi\u015f &ldquo;A&ccedil;\u0131q h&ouml;kum\u0259tin t\u0259\u015fviqin\u0259 dair 2020-2022-ci ill\u0259r &uuml;&ccedil;&uuml;n Milli F\u0259aliyy\u0259t Plan\u0131&rdquo;n\u0131n 4.2-ci b\u0259ndin\u0259 \u0259sas\u0259n bir s\u0131ra qanunlara d\u0259yi\u015fiklikl\u0259r n\u0259z\u0259rd\u0259 tutulub. H\u0259min s\u0259n\u0259dd\u0259 qeyd edil\u0259n t\u0259l\u0259bin sah\u0259vi qanunlarda \u0259ks olunmas\u0131 onun daha i\u015fl\u0259k v\u0259 t\u0259tbiqedil\u0259n olmas\u0131n\u0131 t\u0259min ed\u0259c\u0259k.<\/p>\n<p>Bununla \u0259laq\u0259dar olaraq, ad\u0131 &ccedil;\u0259kil\u0259n qanunlara t\u0259klif olunan d\u0259yi\u015fiklikl\u0259r v\u0259t\u0259nda\u015flar\u0131n s\u0259n\u0259d v\u0259 ya m\u0259lumat\u0131n toplanmas\u0131 v\u0259 t\u0259qdim edilm\u0259si il\u0259 ba\u011fl\u0131 probleml\u0259rinin aradan qald\u0131rl\u0131lmas\u0131na v\u0259 vaxt itkisinin azald\u0131lmas\u0131na, bu \u0259sasda v\u0259t\u0259nda\u015f m\u0259mnunlu\u011funun art\u0131r\u0131lmas\u0131na, habel\u0259 &ouml;lk\u0259d\u0259 Elektron H&ouml;kum\u0259t \u0130nformasiya Sisteminin funksionall\u0131\u011f\u0131n\u0131n daha da y&uuml;ks\u0259ldilm\u0259sin\u0259 v\u0259 qurumlararas\u0131 elektron inteqrasiyan\u0131n g&uuml;cl\u0259nm\u0259sin\u0259 xidm\u0259t ed\u0259c\u0259k.<\/p>\n<p>Qanun layih\u0259l\u0259ri m&uuml;zakir\u0259l\u0259rd\u0259n sonra birinci oxunu\u015fda Milli M\u0259clisin plenar iclas\u0131na t&ouml;vsiy\u0259 olunub.<\/p>\n","protected":false},"excerpt":{"rendered":"<p>&ldquo;\u018fm\u0259k pensiyalar\u0131 haqq\u0131nda&rdquo;, &ldquo;Sosial m&uuml;avin\u0259tl\u0259r haqq\u0131nda&rdquo; v\u0259 &ldquo;Sosial xidm\u0259tl\u0259r haqq\u0131nda&rdquo; qanunlara d\u0259yi\u015fiklik edil\u0259c\u0259k. Ucnoqta.az&nbsp;x\u0259b\u0259r verir ki,&nbsp;bununla ba\u011fl\u0131 s\u0259n\u0259dl\u0259r birinci oxunu\u015fda Milli M\u0259clisin \u018fm\u0259k v\u0259 sosial siyas\u0259t komit\u0259sinin bu g&uuml;n ke&ccedil;iril\u0259n&hellip;<\/p>\n","protected":false},"author":1,"featured_media":251278,"comment_status":"open","ping_status":"open","sticky":false,"template":"","format":"standard","meta":{"_lmt_disableupdate":"","_lmt_disable":"","footnotes":""},"categories":[101],"tags":[],"class_list":["post-158142","post","type-post","status-publish","format-standard","has-post-thumbnail","hentry","category-cemiyyet"],"_links":{"self":[{"href":"https:\/\/ucnoqta.az\/index.php?rest_route=\/wp\/v2\/posts\/158142","targetHints":{"allow":["GET"]}}],"collection":[{"href":"https:\/\/ucnoqta.az\/index.php?rest_route=\/wp\/v2\/posts"}],"about":[{"href":"https:\/\/ucnoqta.az\/index.php?rest_route=\/wp\/v2\/types\/post"}],"author":[{"embeddable":true,"href":"https:\/\/ucnoqta.az\/index.php?rest_route=\/wp\/v2\/users\/1"}],"replies":[{"embeddable":true,"href":"https:\/\/ucnoqta.az\/index.php?rest_route=%2Fwp%2Fv2%2Fcomments&post=158142"}],"version-history":[{"count":0,"href":"https:\/\/ucnoqta.az\/index.php?rest_route=\/wp\/v2\/posts\/158142\/revisions"}],"wp:featuredmedia":[{"embeddable":true,"href":"https:\/\/ucnoqta.az\/index.php?rest_route=\/wp\/v2\/media\/251278"}],"wp:attachment":[{"href":"https:\/\/ucnoqta.az\/index.php?rest_route=%2Fwp%2Fv2%2Fmedia&parent=158142"}],"wp:term":[{"taxonomy":"category","embeddable":true,"href":"https:\/\/ucnoqta.az\/index.php?rest_route=%2Fwp%2Fv2%2Fcategories&post=158142"},{"taxonomy":"post_tag","embeddable":true,"href":"https:\/\/ucnoqta.az\/index.php?rest_route=%2Fwp%2Fv2%2Ftags&post=158142"}],"curies":[{"name":"wp","href":"https:\/\/api.w.org\/{rel}","templated":true}]}}