{"id":158140,"date":"2022-09-16T15:58:23","date_gmt":"2022-09-16T11:58:23","guid":{"rendered":""},"modified":"-0001-11-30T00:00:00","modified_gmt":"-0001-11-29T20:00:00","slug":"","status":"publish","type":"post","link":"https:\/\/ucnoqta.az\/?p=158140","title":{"rendered":"S\u0259f\u0259r Mehdiyevin t\u0259l\u0259b\u0259 yolda\u015f\u0131 da i\u015fd\u0259n \u00e7\u0131xar\u0131ld\u0131"},"content":{"rendered":"<p><strong>D&ouml;vl\u0259t G&ouml;mr&uuml;k Komit\u0259sinin \u0130nsan Resurslar\u0131 \u0130dar\u0259sinin r\u0259isi v\u0259zif\u0259sind\u0259n &ccedil;\u0131xar\u0131l\u0131b.&nbsp;<\/strong><\/p>\n<p>Qaynarinfo x\u0259b\u0259r verir ki, D&ouml;vl\u0259t G&ouml;mr&uuml;k Komit\u0259si s\u0259drinin birinci m&uuml;avini, s\u0259dr v\u0259zif\u0259sini m&uuml;v\u0259qq\u0259ti icra ed\u0259n, g&ouml;mr&uuml;k xidm\u0259ti general-leytenant\u0131 \u015eahin Ba\u011f\u0131rovun d&uuml;n\u0259n verdiyi m&uuml;vafiq \u0259mrl\u0259 idar\u0259nin r\u0259isi, g&ouml;mr&uuml;k xidm\u0259ti polkovniki F\u0259rhad F\u0259rrux o\u011flu Babayev &ouml;z xahi\u015fi il\u0259 v\u0259zif\u0259sind\u0259n azad olunub.<\/p>\n<p>D&ouml;vl\u0259t G&ouml;mr&uuml;k Xidm\u0259tinin m\u0259tbuat xidm\u0259ti x\u0259b\u0259ri t\u0259sdiql\u0259yib.<\/p>\n<p>Qeyd ed\u0259k ki, F\u0259rhad Babayev DGK-n\u0131n sabiq s\u0259dri S\u0259f\u0259r Mehdiyevin t\u0259l\u0259b\u0259 yolda\u015f\u0131 olub. 2018-ci ild\u0259 komit\u0259nin \u0130nsan Resurslar\u0131 \u0130dar\u0259sinin r\u0259isi v\u0259zif\u0259sin\u0259 t\u0259yin olunan F\u0259rhad Babayev uzun ill\u0259r l\u0259\u011fv edil\u0259n Vergil\u0259r Nazirliyind\u0259 y&uuml;ks\u0259k v\u0259zif\u0259l\u0259rd\u0259 &ccedil;al\u0131\u015f\u0131b.<\/p>\n","protected":false},"excerpt":{"rendered":"<p>D&ouml;vl\u0259t G&ouml;mr&uuml;k Komit\u0259sinin \u0130nsan Resurslar\u0131 \u0130dar\u0259sinin r\u0259isi v\u0259zif\u0259sind\u0259n &ccedil;\u0131xar\u0131l\u0131b.&nbsp; Qaynarinfo x\u0259b\u0259r verir ki, D&ouml;vl\u0259t G&ouml;mr&uuml;k Komit\u0259si s\u0259drinin birinci m&uuml;avini, s\u0259dr v\u0259zif\u0259sini m&uuml;v\u0259qq\u0259ti icra ed\u0259n, g&ouml;mr&uuml;k xidm\u0259ti general-leytenant\u0131 \u015eahin Ba\u011f\u0131rovun d&uuml;n\u0259n&hellip;<\/p>\n","protected":false},"author":1,"featured_media":251278,"comment_status":"open","ping_status":"open","sticky":false,"template":"","format":"standard","meta":{"_lmt_disableupdate":"","_lmt_disable":"","footnotes":""},"categories":[],"tags":[],"class_list":["post-158140","post","type-post","status-publish","format-standard","has-post-thumbnail","hentry"],"_links":{"self":[{"href":"https:\/\/ucnoqta.az\/index.php?rest_route=\/wp\/v2\/posts\/158140","targetHints":{"allow":["GET"]}}],"collection":[{"href":"https:\/\/ucnoqta.az\/index.php?rest_route=\/wp\/v2\/posts"}],"about":[{"href":"https:\/\/ucnoqta.az\/index.php?rest_route=\/wp\/v2\/types\/post"}],"author":[{"embeddable":true,"href":"https:\/\/ucnoqta.az\/index.php?rest_route=\/wp\/v2\/users\/1"}],"replies":[{"embeddable":true,"href":"https:\/\/ucnoqta.az\/index.php?rest_route=%2Fwp%2Fv2%2Fcomments&post=158140"}],"version-history":[{"count":0,"href":"https:\/\/ucnoqta.az\/index.php?rest_route=\/wp\/v2\/posts\/158140\/revisions"}],"wp:featuredmedia":[{"embeddable":true,"href":"https:\/\/ucnoqta.az\/index.php?rest_route=\/wp\/v2\/media\/251278"}],"wp:attachment":[{"href":"https:\/\/ucnoqta.az\/index.php?rest_route=%2Fwp%2Fv2%2Fmedia&parent=158140"}],"wp:term":[{"taxonomy":"category","embeddable":true,"href":"https:\/\/ucnoqta.az\/index.php?rest_route=%2Fwp%2Fv2%2Fcategories&post=158140"},{"taxonomy":"post_tag","embeddable":true,"href":"https:\/\/ucnoqta.az\/index.php?rest_route=%2Fwp%2Fv2%2Ftags&post=158140"}],"curies":[{"name":"wp","href":"https:\/\/api.w.org\/{rel}","templated":true}]}}