{"id":158138,"date":"2022-09-16T15:25:48","date_gmt":"2022-09-16T11:25:48","guid":{"rendered":""},"modified":"-0001-11-30T00:00:00","modified_gmt":"-0001-11-29T20:00:00","slug":"","status":"publish","type":"post","link":"https:\/\/ucnoqta.az\/?p=158138","title":{"rendered":"Az\u0259rbaycan\u0131n Erm\u0259nistanla s\u0259rh\u0259dind\u0259 t\u0259hl\u00fck\u0259siz zona yarad\u0131lmas\u0131 t\u0259klif edilir"},"content":{"rendered":"<p><strong>Az\u0259rbaycan\u0131n Erm\u0259nistanla s\u0259rh\u0259dind\u0259 t\u0259hl&uuml;k\u0259siz zona yarad\u0131lmas\u0131 t\u0259klif edilir.<\/strong><\/p>\n<p>&ldquo;Report&rdquo; x\u0259b\u0259r verir ki, bu t\u0259klifl\u0259 Milli M\u0259clisin M&uuml;dafi\u0259, t\u0259hl&uuml;k\u0259sizlik v\u0259 korrupsiya il\u0259 m&uuml;bariz\u0259 komit\u0259sinin bu g&uuml;n ke&ccedil;iril\u0259n iclas\u0131nda komit\u0259 s\u0259dri Ziyaf\u0259t \u018fsg\u0259rov &ccedil;\u0131x\u0131\u015f edib.<\/p>\n<p>Onun s&ouml;zl\u0259rin\u0259 g&ouml;r\u0259, h\u0259min \u0259razil\u0259r\u0259 k&ouml;&ccedil;&uuml;r&uuml;l\u0259c\u0259k insanlar rahat ya\u015famal\u0131d\u0131r:<\/p>\n<p>&ldquo;Biz t\u0259klif edirik ki, Erm\u0259nistanla s\u0259rh\u0259dd\u0259 t\u0259hl&uuml;k\u0259siz zona yarad\u0131ls\u0131n v\u0259 ora k&ouml;&ccedil;&uuml;r&uuml;l\u0259c\u0259k m\u0259cburi k&ouml;&ccedil;k&uuml;nl\u0259rimiz &ouml;zl\u0259rini rahat hiss etsinl\u0259r&rdquo;.<\/p>\n<p>Z.\u018fsg\u0259rov bildirib ki, Erm\u0259nistan h\u0259r zaman t\u0259xribatlara \u0259l at\u0131r:<\/p>\n<p>&ldquo;Pa\u015finyan Br&uuml;sseld\u0259 ba\u015fqa \u015fey dan\u0131\u015f\u0131r, &ouml;lk\u0259sin\u0259 g\u0259l\u0259nd\u0259 is\u0259 ba\u015fqa c&uuml;r h\u0259r\u0259k\u0259t edir&rdquo;.<\/p>\n","protected":false},"excerpt":{"rendered":"<p>Az\u0259rbaycan\u0131n Erm\u0259nistanla s\u0259rh\u0259dind\u0259 t\u0259hl&uuml;k\u0259siz zona yarad\u0131lmas\u0131 t\u0259klif edilir. &ldquo;Report&rdquo; x\u0259b\u0259r verir ki, bu t\u0259klifl\u0259 Milli M\u0259clisin M&uuml;dafi\u0259, t\u0259hl&uuml;k\u0259sizlik v\u0259 korrupsiya il\u0259 m&uuml;bariz\u0259 komit\u0259sinin bu g&uuml;n ke&ccedil;iril\u0259n iclas\u0131nda komit\u0259 s\u0259dri Ziyaf\u0259t&hellip;<\/p>\n","protected":false},"author":1,"featured_media":251278,"comment_status":"open","ping_status":"open","sticky":false,"template":"","format":"standard","meta":{"_lmt_disableupdate":"","_lmt_disable":"","footnotes":""},"categories":[86],"tags":[],"class_list":["post-158138","post","type-post","status-publish","format-standard","has-post-thumbnail","hentry","category-siyaset"],"_links":{"self":[{"href":"https:\/\/ucnoqta.az\/index.php?rest_route=\/wp\/v2\/posts\/158138","targetHints":{"allow":["GET"]}}],"collection":[{"href":"https:\/\/ucnoqta.az\/index.php?rest_route=\/wp\/v2\/posts"}],"about":[{"href":"https:\/\/ucnoqta.az\/index.php?rest_route=\/wp\/v2\/types\/post"}],"author":[{"embeddable":true,"href":"https:\/\/ucnoqta.az\/index.php?rest_route=\/wp\/v2\/users\/1"}],"replies":[{"embeddable":true,"href":"https:\/\/ucnoqta.az\/index.php?rest_route=%2Fwp%2Fv2%2Fcomments&post=158138"}],"version-history":[{"count":0,"href":"https:\/\/ucnoqta.az\/index.php?rest_route=\/wp\/v2\/posts\/158138\/revisions"}],"wp:featuredmedia":[{"embeddable":true,"href":"https:\/\/ucnoqta.az\/index.php?rest_route=\/wp\/v2\/media\/251278"}],"wp:attachment":[{"href":"https:\/\/ucnoqta.az\/index.php?rest_route=%2Fwp%2Fv2%2Fmedia&parent=158138"}],"wp:term":[{"taxonomy":"category","embeddable":true,"href":"https:\/\/ucnoqta.az\/index.php?rest_route=%2Fwp%2Fv2%2Fcategories&post=158138"},{"taxonomy":"post_tag","embeddable":true,"href":"https:\/\/ucnoqta.az\/index.php?rest_route=%2Fwp%2Fv2%2Ftags&post=158138"}],"curies":[{"name":"wp","href":"https:\/\/api.w.org\/{rel}","templated":true}]}}