{"id":158137,"date":"2022-09-16T14:59:41","date_gmt":"2022-09-16T10:59:41","guid":{"rendered":""},"modified":"-0001-11-30T00:00:00","modified_gmt":"-0001-11-29T20:00:00","slug":"","status":"publish","type":"post","link":"https:\/\/ucnoqta.az\/?p=158137","title":{"rendered":"Eynulla F\u0259tullayev \u015f\u0259hid qarda\u015f\u0131 il\u0259 ba\u011fl\u0131 videonu yayan \u015f\u0259xsin ad\u0131n\u0131 a\u00e7\u0131qlad\u0131 &#8211; <font color=red><b>FOTO<\/b><\/font>"},"content":{"rendered":"<p><strong>&#8220;\u015e\u0259hidin qarda\u015f\u0131n\u0131n videosu ilk olaraq H\u0259bib M\u00fcnt\u0259zir adl\u0131 blogerin profilind\u0259n yay\u0131l\u0131b\u2026Yoxlaya bil\u0259rsiz! N\u0259tic\u0259ni art\u0131q \u00f6z\u00fcn\u00fcz \u00e7\u0131xar\u0131n!&#8221;\u00a0<\/strong><\/p>\n<p>Ucnoqta.az x\u0259b\u0259r verir ki, bu a\u00e7\u0131qlama il\u0259 jurnalist Eynulla F\u0259tullayev \u00e7\u0131x\u0131\u015f edib. \u00a0<\/p>\n<p>Qeyd ed\u0259k ki, bundan \u0259vv\u0259lki a\u00e7\u0131qlamas\u0131nda \u015f\u0259hid S\u0259buhi \u018fhm\u0259dovun qarda\u015f\u0131 S\u0259nan \u018fhm\u0259dovun videosunun M\u00fcdafi\u0259 Nazirliyinin binas\u0131nda \u00e7\u0259kildiyini bildirmi\u015fdi.<\/p>\n<p>O, \u00f6t\u0259n g\u00fcn S\u0259nanla g\u00f6r\u00fc\u015f\u00fc v\u0259 sonradan t\u0259kzib videosunun yay\u0131lmas\u0131 haqda m\u00f6vqeyini a\u00e7\u0131qlay\u0131b:<\/p>\n<p>\u201cBir daha ayd\u0131nl\u0131q g\u0259tirir\u0259m. D\u00fcn\u0259n \u015f\u0259hid S\u0259buhi \u018fhm\u0259dovun qarda\u015f\u0131 S\u0259nanla g\u00f6r\u00fc\u015fd\u00fcm, 10-15 d\u0259qiq\u0259 \u0259rzind\u0259 s\u00f6hb\u0259t etdik. V\u0259 q\u0259rara g\u0259ldim ki, onun s\u00f6yl\u0259dikl\u0259ri ara\u015fd\u0131r\u0131lmal\u0131d\u0131r. Bir ne\u00e7\u0259 saatdan sonra is\u0259 m\u0259lum video peyda oldu\u2026<\/p>\n<p>T\u0259\u0259ss\u00fcfl\u0259nir\u0259m!\u201d<br \/>\nQeyd ed\u0259k ki,\u00a0\u015f\u0259hid qarda\u015f\u0131n\u0131n sosial \u015f\u0259b\u0259k\u0259d\u0259 yay\u0131lm\u0131\u015f videosu m\u00fczakir\u0259l\u0259r s\u0259b\u0259b olub.\u00a0<\/p>\n","protected":false},"excerpt":{"rendered":"<p>&#8220;\u015e\u0259hidin qarda\u015f\u0131n\u0131n videosu ilk olaraq H\u0259bib M\u00fcnt\u0259zir adl\u0131 blogerin profilind\u0259n yay\u0131l\u0131b\u2026Yoxlaya bil\u0259rsiz! N\u0259tic\u0259ni art\u0131q \u00f6z\u00fcn\u00fcz \u00e7\u0131xar\u0131n!&#8221;\u00a0 Ucnoqta.az x\u0259b\u0259r verir ki, bu a\u00e7\u0131qlama il\u0259 jurnalist Eynulla F\u0259tullayev \u00e7\u0131x\u0131\u015f edib. \u00a0 Qeyd&hellip;<\/p>\n","protected":false},"author":1,"featured_media":251278,"comment_status":"open","ping_status":"open","sticky":false,"template":"","format":"standard","meta":{"_lmt_disableupdate":"","_lmt_disable":"","footnotes":""},"categories":[],"tags":[],"class_list":["post-158137","post","type-post","status-publish","format-standard","has-post-thumbnail","hentry"],"_links":{"self":[{"href":"https:\/\/ucnoqta.az\/index.php?rest_route=\/wp\/v2\/posts\/158137","targetHints":{"allow":["GET"]}}],"collection":[{"href":"https:\/\/ucnoqta.az\/index.php?rest_route=\/wp\/v2\/posts"}],"about":[{"href":"https:\/\/ucnoqta.az\/index.php?rest_route=\/wp\/v2\/types\/post"}],"author":[{"embeddable":true,"href":"https:\/\/ucnoqta.az\/index.php?rest_route=\/wp\/v2\/users\/1"}],"replies":[{"embeddable":true,"href":"https:\/\/ucnoqta.az\/index.php?rest_route=%2Fwp%2Fv2%2Fcomments&post=158137"}],"version-history":[{"count":0,"href":"https:\/\/ucnoqta.az\/index.php?rest_route=\/wp\/v2\/posts\/158137\/revisions"}],"wp:featuredmedia":[{"embeddable":true,"href":"https:\/\/ucnoqta.az\/index.php?rest_route=\/wp\/v2\/media\/251278"}],"wp:attachment":[{"href":"https:\/\/ucnoqta.az\/index.php?rest_route=%2Fwp%2Fv2%2Fmedia&parent=158137"}],"wp:term":[{"taxonomy":"category","embeddable":true,"href":"https:\/\/ucnoqta.az\/index.php?rest_route=%2Fwp%2Fv2%2Fcategories&post=158137"},{"taxonomy":"post_tag","embeddable":true,"href":"https:\/\/ucnoqta.az\/index.php?rest_route=%2Fwp%2Fv2%2Ftags&post=158137"}],"curies":[{"name":"wp","href":"https:\/\/api.w.org\/{rel}","templated":true}]}}