{"id":158136,"date":"2022-09-16T14:40:27","date_gmt":"2022-09-16T10:40:27","guid":{"rendered":""},"modified":"-0001-11-30T00:00:00","modified_gmt":"-0001-11-29T20:00:00","slug":"","status":"publish","type":"post","link":"https:\/\/ucnoqta.az\/?p=158136","title":{"rendered":"\u0130ctimai TV-d\u0259 kadr v\u0259 struktur d\u0259yi\u015fikliyi olub"},"content":{"rendered":"<p><strong>Sentyabr\u0131n 15-d\u0259 \u0130ctimai Televiziya v\u0259 Radio Yay\u0131mlar\u0131 \u015eirk\u0259ti Yay\u0131m \u015euras\u0131n\u0131n n&ouml;vb\u0259ti iclas\u0131 ke&ccedil;irilib.<\/strong><\/p>\n<p>\u0130clasda \u0259vv\u0259lc\u0259 \u015f\u0259hidl\u0259rimizin \u0259ziz xatir\u0259si bir d\u0259qiq\u0259lik s&uuml;kutla yad edilib. Sonra \u015eirk\u0259tin Ba\u015f Direktoru Balaki\u015fi Qas\u0131mov \u0130ctimai Teleradionun yeni m&ouml;vs&uuml;m\u0259 haz\u0131rl\u0131q m\u0259s\u0259l\u0259l\u0259ri, h\u0259yata ke&ccedil;irilm\u0259si planla\u015fd\u0131r\u0131lan layih\u0259l\u0259r bar\u0259d\u0259 \u015eura &uuml;zvl\u0259rin\u0259 \u0259trafl\u0131 m\u0259lumat verib. Ayr\u0131-ayr\u0131 verili\u015fl\u0259rin ictimai \u0259h\u0259miyy\u0259ti, aktuall\u0131\u011f\u0131 haqq\u0131nda ayr\u0131nt\u0131l\u0131 m&uuml;zakir\u0259l\u0259r apar\u0131l\u0131b. &Ccedil;\u0131x\u0131\u015f ed\u0259n Yay\u0131m \u015euras\u0131n\u0131n s\u0259dri Muxtar \u0130manov, \u015eura &uuml;zvl\u0259ri &ndash; Zemfira Qafarova, Az\u0259r H\u0259sr\u0259t, Yusif Babanl\u0131, Az\u0259r \u018fliyev, Sevil Yusifova, Salman Musayev h\u0259yata ke&ccedil;iril\u0259n layih\u0259l\u0259r v\u0259 planla\u015fd\u0131r\u0131lan i\u015fl\u0259r bar\u0259d\u0259 fikir v\u0259 t\u0259klifl\u0259rini s\u0259sl\u0259ndiribl\u0259r.<\/p>\n<p>Daha sonra Ba\u015f Direktorun t\u0259qdimat\u0131na \u0259sas\u0259n, b\u0259zi v\u0259zif\u0259l\u0259r &uuml;zr\u0259 kadr t\u0259yinat\u0131 v\u0259 struktur d\u0259yi\u015fiklikl\u0259ri m&uuml;zakir\u0259 edilib.<\/p>\n<p>Yay\u0131m \u015euras\u0131n\u0131n q\u0259rar\u0131 il\u0259 Osmanova G&uuml;nel Aslan q\u0131z\u0131 \u0130ctimai Televiziya v\u0259 Radio Yay\u0131mlar\u0131 \u015eirk\u0259ti M\u0259rk\u0259zi Aparat\u0131n\u0131n r\u0259hb\u0259ri, Yusifzad\u0259 Aynur Firuddin q\u0131z\u0131 \u0130nsan Resurslar\u0131 departamentinin direktoru, Dada\u015fov \u018ffs\u0259r \u018fziz o\u011flu is\u0259 Maliyy\u0259 departamentinin direktoru v\u0259zif\u0259sin\u0259 t\u0259yin edilibl\u0259r.<\/p>\n<p>Qeyd edilib ki, \u0130ctimai Televiziya v\u0259 Radio Yay\u0131mlar\u0131 \u015eirk\u0259tind\u0259 apar\u0131lan kadr v\u0259 struktur d\u0259yi\u015fikliyi i\u015f \u0259msal\u0131n\u0131n y&uuml;ks\u0259ldilm\u0259sin\u0259 xidm\u0259t edir.<\/p>\n","protected":false},"excerpt":{"rendered":"<p>Sentyabr\u0131n 15-d\u0259 \u0130ctimai Televiziya v\u0259 Radio Yay\u0131mlar\u0131 \u015eirk\u0259ti Yay\u0131m \u015euras\u0131n\u0131n n&ouml;vb\u0259ti iclas\u0131 ke&ccedil;irilib. \u0130clasda \u0259vv\u0259lc\u0259 \u015f\u0259hidl\u0259rimizin \u0259ziz xatir\u0259si bir d\u0259qiq\u0259lik s&uuml;kutla yad edilib. Sonra \u015eirk\u0259tin Ba\u015f Direktoru Balaki\u015fi Qas\u0131mov \u0130ctimai&hellip;<\/p>\n","protected":false},"author":1,"featured_media":251278,"comment_status":"open","ping_status":"open","sticky":false,"template":"","format":"standard","meta":{"_lmt_disableupdate":"","_lmt_disable":"","footnotes":""},"categories":[],"tags":[],"class_list":["post-158136","post","type-post","status-publish","format-standard","has-post-thumbnail","hentry"],"_links":{"self":[{"href":"https:\/\/ucnoqta.az\/index.php?rest_route=\/wp\/v2\/posts\/158136","targetHints":{"allow":["GET"]}}],"collection":[{"href":"https:\/\/ucnoqta.az\/index.php?rest_route=\/wp\/v2\/posts"}],"about":[{"href":"https:\/\/ucnoqta.az\/index.php?rest_route=\/wp\/v2\/types\/post"}],"author":[{"embeddable":true,"href":"https:\/\/ucnoqta.az\/index.php?rest_route=\/wp\/v2\/users\/1"}],"replies":[{"embeddable":true,"href":"https:\/\/ucnoqta.az\/index.php?rest_route=%2Fwp%2Fv2%2Fcomments&post=158136"}],"version-history":[{"count":0,"href":"https:\/\/ucnoqta.az\/index.php?rest_route=\/wp\/v2\/posts\/158136\/revisions"}],"wp:featuredmedia":[{"embeddable":true,"href":"https:\/\/ucnoqta.az\/index.php?rest_route=\/wp\/v2\/media\/251278"}],"wp:attachment":[{"href":"https:\/\/ucnoqta.az\/index.php?rest_route=%2Fwp%2Fv2%2Fmedia&parent=158136"}],"wp:term":[{"taxonomy":"category","embeddable":true,"href":"https:\/\/ucnoqta.az\/index.php?rest_route=%2Fwp%2Fv2%2Fcategories&post=158136"},{"taxonomy":"post_tag","embeddable":true,"href":"https:\/\/ucnoqta.az\/index.php?rest_route=%2Fwp%2Fv2%2Ftags&post=158136"}],"curies":[{"name":"wp","href":"https:\/\/api.w.org\/{rel}","templated":true}]}}