{"id":158131,"date":"2022-09-16T14:01:07","date_gmt":"2022-09-16T10:01:07","guid":{"rendered":""},"modified":"-0001-11-30T00:00:00","modified_gmt":"-0001-11-29T20:00:00","slug":"","status":"publish","type":"post","link":"https:\/\/ucnoqta.az\/?p=158131","title":{"rendered":"\u201c\u0130ctimai i\u015ftirak\u00e7\u0131l\u0131q sah\u0259sind\u0259 bilik v\u0259 bacar\u0131qlar\u0131n art\u0131r\u0131lmas\u0131\u201d adl\u0131 t\u0259liml\u0259r\u0259 yekun vurulub"},"content":{"rendered":"<p><strong>Az\u0259rbaycan Respublikas\u0131n\u0131n Qeyri-H&ouml;kum\u0259t T\u0259\u015fkilatlar\u0131na D&ouml;vl\u0259t D\u0259st\u0259yi Agentliyi t\u0259r\u0259find\u0259n &ldquo;\u0130ctimai i\u015ftirak&ccedil;\u0131l\u0131q sah\u0259sind\u0259 bilik v\u0259 bacar\u0131qlar\u0131n art\u0131r\u0131lmas\u0131&rdquo; m&ouml;vzusunda yerli icra hakimiyy\u0259ti orqanlar\u0131n\u0131n \u0259m\u0259kda\u015flar\u0131 v\u0259 ictimai \u015fura &uuml;zvl\u0259ri &uuml;&ccedil;&uuml;n t\u0259\u015fkil edil\u0259n t\u0259liml\u0259r ba\u015fa &ccedil;at\u0131b.<\/strong><\/p>\n<p>Ucnoqta.az x\u0259b\u0259r verir ki, Bak\u0131 Ali Neft M\u0259kt\u0259bind\u0259 t\u0259liml\u0259rin yekunu olaraq ba\u011flan\u0131\u015f m\u0259rasimi ke&ccedil;irilib.<br \/>\nBa\u011flan\u0131\u015f m\u0259rasimind\u0259 Prezident Administrasiyas\u0131n\u0131n Qeyri-h&ouml;kum\u0259t t\u0259\u015fkilatlar\u0131 il\u0259 i\u015f v\u0259 kommunikasiya \u015f&ouml;b\u0259sinin sektor m&uuml;diri V&uuml;sal Quliyev, Bak\u0131 Ali Neft M\u0259kt\u0259binin rektoru Elmar Qas\u0131mov, QHT-l\u0259r\u0259 D&ouml;vl\u0259t D\u0259st\u0259yi Agentliyinin \u0130cra&ccedil;\u0131 direktorunun m&uuml;avini Emil &Ccedil;aparl\u0131, t\u0259lim&ccedil;il\u0259r Az\u0259rbaycan A&ccedil;\u0131q H&ouml;kum\u0259t Platformas\u0131n\u0131n kooridnatoru, h&uuml;quq\u015f&uuml;nas \u018flim\u0259mm\u0259d Nuriyev, &ldquo;Demokratiyan\u0131 &ouml;yr\u0259nm\u0259&rdquo; \u0130B s\u0259dri, h&uuml;quq\u015f&uuml;nas Mir\u0259li H&uuml;seynov, Agentliyin \u0259m\u0259kda\u015flar\u0131, Bin\u0259q\u0259di, Qarada\u011f, X\u0259z\u0259r, S\u0259bail, Sabun&ccedil;u, Suraxan\u0131, N\u0259rimanov, N\u0259simi, Nizami, Pirallah\u0131, X\u0259tai, Yasamal, Sumqay\u0131t, Ab\u015feron, \u015eu\u015fa, Z\u0259ngilan, Qubadl\u0131 &uuml;zr\u0259 yerli icra hakimiyy\u0259tl\u0259rinin ictimai-siyasi v\u0259 humanitar m\u0259s\u0259l\u0259l\u0259r &uuml;zr\u0259 m&uuml;avinl\u0259ri, m&uuml;vafiq \u015f&ouml;b\u0259nin m&uuml;dirl\u0259ri, yerli icra hakimiyy\u0259ti yan\u0131nda f\u0259aliyy\u0259t g&ouml;st\u0259r\u0259n ictimai \u015furalar\u0131n r\u0259hb\u0259rl\u0259ri v\u0259 &uuml;zvl\u0259ri i\u015ftirak edibl\u0259r.<\/p>\n<p>Prezident Administrasiyas\u0131n\u0131n Qeyri-h&ouml;kum\u0259t t\u0259\u015fkilatlar\u0131 il\u0259 i\u015f v\u0259 kommunikasiya \u015f&ouml;b\u0259sinin sektor m&uuml;diri V&uuml;sal Quliyev yekun t\u0259limd\u0259 &ccedil;\u0131x\u0131\u015f ed\u0259r\u0259k, m&uuml;asir d&ouml;vrd\u0259 ictimai \u015furalar\u0131n \u0259h\u0259miyy\u0259tini, x&uuml;susil\u0259 d&ouml;vl\u0259t qurumlar\u0131n\u0131n f\u0259aliyy\u0259tind\u0259 \u015f\u0259ffafl\u0131\u011f\u0131n v\u0259 hesabatl\u0131l\u0131\u011f\u0131n art\u0131r\u0131lmas\u0131nda onlar\u0131n rolunu qeyd edib. Bildirib ki, ictimai \u015furalar v\u0259t\u0259nda\u015f c\u0259miyy\u0259ti quruculu\u011fu v\u0259 &ouml;lk\u0259nin demokratikl\u0259\u015fm\u0259si prossesinin vacib institutlar\u0131ndan birin\u0259 &ccedil;evrilm\u0259kd\u0259dir.<\/p>\n<p>S\u0259m\u0259r\u0259li ictimai n\u0259zar\u0259t mexanizml\u0259rinin inki\u015faf etdirilm\u0259sin\u0259 toxunan V.Quliyev d&ouml;vl\u0259t qurumlar\u0131n\u0131n f\u0259aliyy\u0259tind\u0259 m\u0259hsuldarl\u0131\u011f\u0131n, el\u0259c\u0259 d\u0259 \u015f\u0259ffafl\u0131\u011f\u0131n v\u0259 hesabatl\u0131l\u0131\u011f\u0131n art\u0131r\u0131lmas\u0131nda ictimai \u015furalar\u0131n \u0259h\u0259miyy\u0259tli rolunu qeyd edib. O, d&ouml;vl\u0259t qurumlar\u0131nda ictimai \u015furalar\u0131n \u015f\u0259ffaf v\u0259 s\u0259m\u0259r\u0259li f\u0259aliyy\u0259tinin geni\u015fl\u0259ndirilm\u0259sinin aktuall\u0131q k\u0259sb etdiyini vur\u011fulayaraq, onlara m&uuml;vafiq d\u0259st\u0259yin g&ouml;st\u0259rilm\u0259sinin, el\u0259c\u0259 d\u0259 ictimai \u015furalar\u0131n f\u0259aliyy\u0259ti n\u0259tic\u0259sind\u0259 \u0259ld\u0259 olunan n\u0259tic\u0259l\u0259rin &uuml;mumil\u0259\u015fdirilm\u0259sini v\u0259 ictimaiyy\u0259t\u0259 t\u0259qdim olunmas\u0131n\u0131n z\u0259ruriliyini bildirib.<\/p>\n<p>V.Quliyev d&ouml;vl\u0259t orqanlar\u0131 il\u0259 QHT sektorunun b\u0259rab\u0259rh&uuml;quqlu t\u0259r\u0259fda\u015fl\u0131q prinsipl\u0259ri \u0259sas\u0131nda s\u0131x \u0259m\u0259kda\u015fl\u0131\u011f\u0131n\u0131n v\u0259t\u0259nda\u015f c\u0259miyy\u0259tinin inki\u015faf\u0131, ictimai i\u015ftirak&ccedil;\u0131l\u0131\u011f\u0131n t\u0259min olunmas\u0131, habel\u0259 milli maraqlar\u0131n qorunmas\u0131 &uuml;&ccedil;&uuml;n b&ouml;y&uuml;k \u0259h\u0259miyy\u0259t k\u0259sb etdiyini qeyd edib. O, Agentlik t\u0259r\u0259find\u0259n ke&ccedil;iril\u0259n silsil\u0259 t\u0259liml\u0259rin m&ouml;vcud ictimai \u015furalar\u0131n i\u015fin\u0259 b&ouml;y&uuml;k t&ouml;hv\u0259 verdiyini bildir\u0259r\u0259k, bu t\u0259sisatlar\u0131n inki\u015faf\u0131 &uuml;&ccedil;&uuml;n z\u0259ruri \u015f\u0259rait yarad\u0131laca\u011f\u0131n\u0131 vur\u011fulay\u0131b.<\/p>\n<p>Daha sonra Bak\u0131 Ali Neft M\u0259kt\u0259binin rektoru Elmar Qas\u0131mov v\u0259 QHT-l\u0259r\u0259 D&ouml;vl\u0259t D\u0259st\u0259yi Agentliyinin \u0130cra&ccedil;\u0131 direktorunun m&uuml;avini Emil &Ccedil;aparl\u0131 &ccedil;\u0131x\u0131\u015f ed\u0259r\u0259k, Agentlik t\u0259r\u0259find\u0259n may-iyun aylar\u0131 \u0259rzind\u0259 9 iqtisadi rayon v\u0259 Bak\u0131 \u015f\u0259h\u0259rind\u0259 ke&ccedil;iril\u0259n &ldquo;QHT-d&ouml;vl\u0259t \u0259m\u0259kda\u015fl\u0131\u011f\u0131nda yeni &ccedil;a\u011f\u0131r\u0131\u015flar: ictimai n\u0259zar\u0259t mexanizml\u0259rinin g&uuml;cl\u0259ndirilm\u0259si&rdquo; adl\u0131 respublika zona konfranslar\u0131n\u0131n yekun n\u0259tic\u0259si olaraq bu t\u0259liml\u0259rin h\u0259yata ke&ccedil;irilm\u0259sinin \u0259h\u0259miyy\u0259tini qeyd edibl\u0259r. Bildiribl\u0259r ki, bu g&uuml;n Bak\u0131da yekunla\u015fan v\u0259 b&uuml;t&uuml;n zonalarda ke&ccedil;irilmi\u015f bu t\u0259liml\u0259r ictimai \u015furalar\u0131n g\u0259l\u0259c\u0259k inki\u015faf\u0131na m&uuml;sb\u0259t t\u0259sir ed\u0259c\u0259k.<\/p>\n<p>&Ccedil;\u0131x\u0131\u015flardan sonra t\u0259lim&ccedil;il\u0259r Az\u0259rbaycan A&ccedil;\u0131q H&ouml;kum\u0259t Platformas\u0131n\u0131n koordinatoru, h&uuml;quq\u015f&uuml;nas \u018flim\u0259mm\u0259d Nuriyev, &ldquo;Demokratiyan\u0131 &Ouml;yr\u0259nm\u0259&rdquo; \u0130B s\u0259dri, h&uuml;quq\u015f&uuml;nas Mir\u0259li H&uuml;seynov Bin\u0259q\u0259di, Qarada\u011f, X\u0259z\u0259r, S\u0259bail, Sabun&ccedil;u, Suraxan\u0131, N\u0259rimanov, N\u0259simi, Nizami, Pirallah\u0131, X\u0259tai, Yasamal, Sumqay\u0131t, Ab\u015feron, \u015eu\u015fa, Z\u0259ngilan, Qubadl\u0131 &uuml;zr\u0259 yerli icra hakimiyy\u0259tl\u0259rinin ictimai-siyasi v\u0259 humanitar m\u0259s\u0259l\u0259l\u0259r &uuml;zr\u0259 m&uuml;avinl\u0259ri, m&uuml;vafiq \u015f&ouml;b\u0259nin m&uuml;dirl\u0259ri, yerli icra hakimiyy\u0259ti yan\u0131nda f\u0259aliyy\u0259t g&ouml;st\u0259r\u0259n ictimai \u015furalar\u0131n r\u0259hb\u0259rl\u0259ri v\u0259 &uuml;zvl\u0259ri &uuml;&ccedil;&uuml;n \u0130ctimai i\u015ftirak&ccedil;\u0131l\u0131\u011f\u0131n h&uuml;quqi \u0259saslar\u0131, m\u0259qs\u0259dl\u0259ri v\u0259 formalar\u0131; \u0130ctimai \u015euralar, \u0130ctimai \u015euralar\u0131n h&uuml;quq v\u0259 v\u0259zif\u0259l\u0259ri, \u0130ctimai \u015euran\u0131n f\u0259aliyy\u0259t &ccedil;\u0259r&ccedil;iv\u0259si, \u0130ctimai \u015euralar\u0131n Reqlamenti, f\u0259aliyy\u0259tinin t\u0259\u015fkili, D&ouml;vl\u0259t orqanlar\u0131 v\u0259 \u0130ctimai \u015euralar, \u0130ctimai \u015euralar\u0131n formala\u015fmas\u0131 m&ouml;vzular\u0131nda t\u0259liml\u0259r ke&ccedil;ibl\u0259r.<\/p>\n<p>N\u0259z\u0259ri bilikl\u0259rd\u0259n sonra t\u0259liml\u0259r interaktiv m&uuml;zakir\u0259l\u0259r \u0259sas\u0131nda davam edib, i\u015ftirak&ccedil;\u0131lar\u0131n t\u0259klifl\u0259ri dinl\u0259nilib, suallar\u0131 cavabland\u0131r\u0131l\u0131b.<\/p>\n","protected":false},"excerpt":{"rendered":"<p>Az\u0259rbaycan Respublikas\u0131n\u0131n Qeyri-H&ouml;kum\u0259t T\u0259\u015fkilatlar\u0131na D&ouml;vl\u0259t D\u0259st\u0259yi Agentliyi t\u0259r\u0259find\u0259n &ldquo;\u0130ctimai i\u015ftirak&ccedil;\u0131l\u0131q sah\u0259sind\u0259 bilik v\u0259 bacar\u0131qlar\u0131n art\u0131r\u0131lmas\u0131&rdquo; m&ouml;vzusunda yerli icra hakimiyy\u0259ti orqanlar\u0131n\u0131n \u0259m\u0259kda\u015flar\u0131 v\u0259 ictimai \u015fura &uuml;zvl\u0259ri &uuml;&ccedil;&uuml;n t\u0259\u015fkil edil\u0259n t\u0259liml\u0259r ba\u015fa&hellip;<\/p>\n","protected":false},"author":1,"featured_media":251278,"comment_status":"open","ping_status":"open","sticky":false,"template":"","format":"standard","meta":{"_lmt_disableupdate":"","_lmt_disable":"","footnotes":""},"categories":[101],"tags":[],"class_list":["post-158131","post","type-post","status-publish","format-standard","has-post-thumbnail","hentry","category-cemiyyet"],"_links":{"self":[{"href":"https:\/\/ucnoqta.az\/index.php?rest_route=\/wp\/v2\/posts\/158131","targetHints":{"allow":["GET"]}}],"collection":[{"href":"https:\/\/ucnoqta.az\/index.php?rest_route=\/wp\/v2\/posts"}],"about":[{"href":"https:\/\/ucnoqta.az\/index.php?rest_route=\/wp\/v2\/types\/post"}],"author":[{"embeddable":true,"href":"https:\/\/ucnoqta.az\/index.php?rest_route=\/wp\/v2\/users\/1"}],"replies":[{"embeddable":true,"href":"https:\/\/ucnoqta.az\/index.php?rest_route=%2Fwp%2Fv2%2Fcomments&post=158131"}],"version-history":[{"count":0,"href":"https:\/\/ucnoqta.az\/index.php?rest_route=\/wp\/v2\/posts\/158131\/revisions"}],"wp:featuredmedia":[{"embeddable":true,"href":"https:\/\/ucnoqta.az\/index.php?rest_route=\/wp\/v2\/media\/251278"}],"wp:attachment":[{"href":"https:\/\/ucnoqta.az\/index.php?rest_route=%2Fwp%2Fv2%2Fmedia&parent=158131"}],"wp:term":[{"taxonomy":"category","embeddable":true,"href":"https:\/\/ucnoqta.az\/index.php?rest_route=%2Fwp%2Fv2%2Fcategories&post=158131"},{"taxonomy":"post_tag","embeddable":true,"href":"https:\/\/ucnoqta.az\/index.php?rest_route=%2Fwp%2Fv2%2Ftags&post=158131"}],"curies":[{"name":"wp","href":"https:\/\/api.w.org\/{rel}","templated":true}]}}