{"id":158121,"date":"2022-09-16T16:17:52","date_gmt":"2022-09-16T12:17:52","guid":{"rendered":""},"modified":"-0001-11-30T00:00:00","modified_gmt":"-0001-11-29T20:00:00","slug":"","status":"publish","type":"post","link":"https:\/\/ucnoqta.az\/?p=158121","title":{"rendered":"\u0130lham \u018fliyevin \u015e\u018fT sammitind\u0259 \u00e7\u0131x\u0131\u015f\u0131n\u0131n tam m\u0259tni \u2013<font color=red><b> FOTO (YEN\u0130L\u018fN\u0130B)<\/b><\/font>"},"content":{"rendered":"<p><strong>Az\u0259rbaycan Prezidenti&nbsp;\u0130lham \u018fliyev&nbsp;\u015eanxay \u018fm\u0259kda\u015fl\u0131q T\u0259\u015fkilat\u0131n\u0131n sammitind\u0259 &ccedil;\u0131x\u0131\u015f edib.<\/strong><\/p>\n<p>Prezident \u0130lham \u018fliyevin &ccedil;\u0131x\u0131\u015f\u0131:<\/p>\n<p>&ldquo;H&ouml;rm\u0259tli \u015eavkat Miromonovi&ccedil;.<\/p>\n<p>H&ouml;rm\u0259tli d&ouml;vl\u0259t v\u0259 h&ouml;kum\u0259t ba\u015f&ccedil;\u0131lar\u0131.<\/p>\n<p>Xan\u0131mlar v\u0259 c\u0259nablar.<\/p>\n<p>\u0130lk n&ouml;vb\u0259d\u0259, m\u0259ni \u015eanxay \u018fm\u0259kda\u015fl\u0131q T\u0259\u015fkilat\u0131n\u0131n Zirv\u0259 g&ouml;r&uuml;\u015f&uuml;n\u0259 d\u0259v\u0259t etdiyin\u0259 g&ouml;r\u0259 &Ouml;zb\u0259kistan Prezidenti \u015eavkat Miromonovi&ccedil; Mirziyoyev\u0259 minn\u0259tdarl\u0131\u011f\u0131m\u0131 bildirm\u0259k ist\u0259rdim.<\/p>\n<p>Bir ne&ccedil;\u0259 ay \u0259vv\u0259l m\u0259nim &Ouml;zb\u0259kistana &ccedil;ox u\u011furlu d&ouml;vl\u0259t s\u0259f\u0259rim olub v\u0259 bu g&uuml;n yenid\u0259n qarda\u015f &Ouml;zb\u0259kistan torpa\u011f\u0131nda, q\u0259dim v\u0259 g&ouml;z\u0259l S\u0259m\u0259rq\u0259nd \u015f\u0259h\u0259rind\u0259 olmaqdan m\u0259mnunam.<\/p>\n<p>Qarda\u015f\u0131m \u015eavkat Mirziyoyevin r\u0259hb\u0259rliyi il\u0259 &Ouml;zb\u0259kistan son ill\u0259r s&uuml;r\u0259tli inki\u015faf v\u0259 u\u011furlu islahatlar yolu ke&ccedil;ib.<\/p>\n<p>M\u0259n h\u0259mkarlar\u0131ma Az\u0259rbaycan\u0131n tranzit v\u0259 n\u0259qliyyat-logistika imkanlar\u0131 bar\u0259d\u0259 m\u0259lumat verm\u0259k ist\u0259rdim.<\/p>\n<p>Az\u0259rbaycan \u015e\u0259rq-Q\u0259rb v\u0259 \u015eimal-C\u0259nub n\u0259qliyyat d\u0259hlizl\u0259ri kimi regional kommunikasiya layih\u0259l\u0259rinin i\u015f\u0259 d&uuml;\u015fm\u0259sin\u0259 sanball\u0131 t&ouml;hf\u0259l\u0259r verib.<\/p>\n<p>Haz\u0131rda Bak\u0131 Beyn\u0259lxalq D\u0259niz Ticar\u0259t Liman\u0131 ild\u0259 15 milyon ton y&uuml;ka\u015f\u0131rma qabiliyy\u0259tin\u0259 malikdir v\u0259 bu, ild\u0259 25 milyon tona q\u0259d\u0259r art\u0131r\u0131la bil\u0259r.<\/p>\n<p>Bu ilin ilk 7 ay\u0131nda Az\u0259rbaycan \u0259razisind\u0259n ke&ccedil;\u0259n tranzit 50 faiz\u0259 yax\u0131n art\u0131b.<\/p>\n<p>Az\u0259rbaycan 52 g\u0259mi il\u0259 X\u0259z\u0259r d\u0259nizind\u0259 \u0259n b&ouml;y&uuml;k m&uuml;lki y&uuml;k donanmas\u0131na malikdir. Bak\u0131 g\u0259miqay\u0131rma zavodu b&uuml;t&uuml;n n&ouml;v g\u0259mil\u0259r istehsal ed\u0259 bilir.<\/p>\n<p>Son 20 ild\u0259 Az\u0259rbaycanda 19 min kilometr avtomobil yolu, 1400 kilometr d\u0259mir yolu tikilib v\u0259 ya \u0259sasl\u0131 t\u0259mir edilib. Bu g&uuml;n Az\u0259rbaycan 2020-ci il \u0130kinci Qaraba\u011f m&uuml;harib\u0259sind\u0259ki Q\u0259l\u0259b\u0259d\u0259n sonra i\u015f\u011faldan azad edilmi\u015f \u0259razil\u0259rd\u0259 minl\u0259rl\u0259 kilometr avtomobil yolu v\u0259 y&uuml;zl\u0259rl\u0259 kilometr d\u0259mir yolu &ccedil;\u0259kir.<\/p>\n<p>Az\u0259rbaycan 18 t\u0259yyar\u0259 il\u0259 regionumuzda \u0259n b&ouml;y&uuml;k m&uuml;lki hava y&uuml;k donanmalar\u0131ndan birin\u0259 malikdir.<\/p>\n<p>2024-c&uuml; ilin sonuna q\u0259d\u0259r &ouml;lk\u0259d\u0259 beyn\u0259lxalq hava limanlar\u0131n\u0131n &uuml;mumi say\u0131 bug&uuml;nk&uuml; 7-d\u0259n 9-a &ccedil;atd\u0131r\u0131lacaq.<\/p>\n<p>2020-ci ilin sonunda Qaraba\u011f m&uuml;naqi\u015f\u0259sinin h\u0259lli regionumuzda n\u0259qliyyat-kommunikasiya layih\u0259l\u0259rinin inki\u015faf\u0131 &uuml;&ccedil;&uuml;n yeni imkanlar yarad\u0131b. Z\u0259ng\u0259zur d\u0259hlizi a&ccedil;\u0131ld\u0131qdan sonra bu, region &ouml;lk\u0259l\u0259rinin n\u0259qliyyat imkanlar\u0131n\u0131 daha da art\u0131racaq v\u0259 mar\u015frut boyu yerl\u0259\u015f\u0259n b&uuml;t&uuml;n &ouml;lk\u0259l\u0259r &uuml;&ccedil;&uuml;n faydal\u0131 olacaqd\u0131r.<\/p>\n<p>Az\u0259rbaycan Erm\u0259nistana &ouml;lk\u0259l\u0259rin bir-birinin suverenliyinin v\u0259 \u0259razi b&uuml;t&ouml;vl&uuml;y&uuml;n&uuml;n qar\u015f\u0131l\u0131ql\u0131 tan\u0131nmas\u0131na \u0259saslanan s&uuml;lh m&uuml;qavil\u0259si &uuml;&ccedil;&uuml;n be\u015f \u0259sas prinsip t\u0259qdim edib. \u0130ndi biz ilkin \u015f\u0259rtl\u0259r v\u0259 s&uuml;ni l\u0259ngim\u0259l\u0259r olmadan s&uuml;lh sazi\u015fi layih\u0259si &uuml;z\u0259rind\u0259 i\u015f\u0259 ba\u015flamal\u0131y\u0131q.<\/p>\n<p>Lakin t\u0259\u0259ss&uuml;f ki, bu il sentyabr\u0131n 13-d\u0259 Erm\u0259nistan Az\u0259rbaycanla d&ouml;vl\u0259t s\u0259rh\u0259dind\u0259 geni\u015fmiqyasl\u0131 h\u0259rbi t\u0259xribat t&ouml;r\u0259tmi\u015fdir. Az\u0259rbaycan silahl\u0131 q&uuml;vv\u0259l\u0259ri bu t\u0259xribat\u0131n qar\u015f\u0131s\u0131n\u0131 q\u0259tiyy\u0259tl\u0259 alm\u0131\u015fd\u0131r. Erm\u0259nistan\u0131n bu t\u0259xribat\u0131 iki &ouml;lk\u0259 aras\u0131nda normalla\u015fd\u0131rma prosesin\u0259 b&ouml;y&uuml;k bir z\u0259rb\u0259dir. Buna g&ouml;r\u0259 b&uuml;t&uuml;n m\u0259suliyy\u0259t Erm\u0259nistan\u0131n h\u0259rbi-siyasi r\u0259hb\u0259rliyinin &uuml;z\u0259rin\u0259 d&uuml;\u015f&uuml;r.<\/p>\n<p><strong>H&ouml;rm\u0259tli h\u0259mkarlar.<\/strong><\/p>\n<p>B\u0259zi apar\u0131c\u0131 beyn\u0259lxalq t\u0259\u015fkilatlar\u0131n s\u0259m\u0259r\u0259sizliyi narahatl\u0131q do\u011furur. Bununla \u0259laq\u0259dar 1993-c&uuml; ild\u0259 BMT T\u0259hl&uuml;k\u0259sizlik \u015euras\u0131n\u0131n Erm\u0259nistan silahl\u0131 q&uuml;vv\u0259l\u0259rinin Az\u0259rbaycan\u0131n i\u015f\u011fal olunmu\u015f \u0259razil\u0259rind\u0259n &ccedil;\u0131xar\u0131lmas\u0131n\u0131 t\u0259l\u0259b ed\u0259n d&ouml;rd q\u0259tnam\u0259sini qeyd etm\u0259k ist\u0259rdim. T\u0259hl&uuml;k\u0259sizlik \u015euras\u0131n\u0131n b\u0259zi q\u0259tnam\u0259l\u0259ri bir ne&ccedil;\u0259 g&uuml;n \u0259rzind\u0259 yerin\u0259 yetirildiyi halda, bizim v\u0259ziyy\u0259timizl\u0259 ba\u011fl\u0131 q\u0259bul olunmu\u015f q\u0259tnam\u0259l\u0259r 27 il \u0259rzind\u0259 icra olunmam\u0131\u015f qald\u0131. Az\u0259rbaycan Qaraba\u011f m&uuml;naqi\u015f\u0259sini &ouml;z&uuml; h\u0259rbi-siyasi yolla h\u0259ll edib v\u0259 T\u0259hl&uuml;k\u0259sizlik \u015euras\u0131n\u0131n yuxar\u0131da qeyd olunan q\u0259tnam\u0259l\u0259rinin icras\u0131n\u0131 t\u0259min edib.<\/p>\n<p>2019-cu ild\u0259n Az\u0259rbaycan 120 &ouml;lk\u0259ni birl\u0259\u015fdir\u0259n, BMT-d\u0259n sonra ikinci \u0259n b&ouml;y&uuml;k beyn\u0259lxalq t\u0259sisat olan Qo\u015fulmama H\u0259r\u0259kat\u0131na s\u0259drlik edir. Bizim s\u0259drliyimiz yekdillikl\u0259 daha bir il &#8211; 2023-c&uuml; il\u0259 q\u0259d\u0259r uzad\u0131l\u0131b v\u0259 bu, &ouml;lk\u0259miz\u0259 olan h&ouml;rm\u0259tin v\u0259 etimad\u0131n g&ouml;st\u0259ricisidir. Az\u0259rbaycan &ouml;z f\u0259aliyy\u0259tini beyn\u0259lxalq h&uuml;quqa, \u0259dal\u0259t\u0259 v\u0259 qlobal t\u0259hl&uuml;k\u0259sizliy\u0259 \u0259saslanaraq h\u0259yata ke&ccedil;irm\u0259kd\u0259 davam ed\u0259c\u0259k.<br \/>\nDiqq\u0259tiniz\u0259 g&ouml;r\u0259 sa\u011f olun&rdquo;.<\/p>\n<p>Prezident \u0130lham \u018fliyev\u0259 t\u0259\u015f\u0259kk&uuml;r ed\u0259n &Ouml;zb\u0259kistan Prezidenti&nbsp;\u015eavkat Mirziyoyev&nbsp;deyib:<\/p>\n<p>&ldquo;M\u0259zmunlu &ccedil;\u0131x\u0131\u015f\u0131n\u0131za g&ouml;r\u0259 sa\u011f olun, h&ouml;rm\u0259tli \u0130lham Heyd\u0259r o\u011flu. Sizin qeyd etdiyiniz kimi, ilk n&ouml;vb\u0259d\u0259 n\u0259qliyyat-kommunikasiya v\u0259 iqtisadi-ticari sah\u0259l\u0259rd\u0259 Az\u0259rbaycan il\u0259 regional \u0259m\u0259kda\u015fl\u0131\u011f\u0131n inki\u015faf etdirilm\u0259si bizim &uuml;&ccedil;&uuml;n x&uuml;susi maraq do\u011furur&rdquo;.<\/p>\n<p>&nbsp;<\/p>\n<p><strong>13:55<br \/>\nAz\u0259rbaycan Prezidenti \u0130lham \u018fliyev \u015eanxay \u018fm\u0259kda\u015fl\u0131q T\u0259\u015fkilat\u0131n\u0131n (\u015e\u018fT) S\u0259m\u0259rq\u0259ndd\u0259 ke&ccedil;iril\u0259n iclas\u0131nda &ccedil;\u0131x\u0131\u015f edib.<\/strong><\/p>\n<p>Ucnoqta.az x\u0259b\u0259r verir ki, &Ouml;zb\u0259kistan Prezidenti \u015eavkat Mirziyoyev Az\u0259rbaycan Prezidenti \u0130lham \u018fliyevi v\u0259 sammitin dig\u0259r i\u015ftirak&ccedil;\u0131lar\u0131n\u0131n d&ouml;vl\u0259t v\u0259 h&ouml;kum\u0259t ba\u015f&ccedil;\u0131lar\u0131n\u0131 salamlay\u0131b.<\/p>\n<p>Xat\u0131rladaq ki, sentyabr\u0131n 16-da S\u0259m\u0259rq\u0259ndd\u0259 \u015eanxay \u018fm\u0259kda\u015fl\u0131q T\u0259\u015fkilat\u0131na &uuml;zv d&ouml;vl\u0259tl\u0259rin sammiti i\u015f\u0259 ba\u015flay\u0131b.<\/p>\n<p><strong>12:05<\/strong><\/p>\n<p><strong>Sentyabr\u0131n 16-da S\u0259m\u0259rq\u0259ndd\u0259 \u015eanxay \u018fm\u0259kda\u015fl\u0131q T\u0259\u015fkilat\u0131na &uuml;zv &ouml;lk\u0259l\u0259rin Sammiti i\u015f\u0259 ba\u015flay\u0131b.<\/strong><\/p>\n<p>Ucnoqta.az x\u0259b\u0259r verir ki, &Ouml;zb\u0259kistan Prezidenti \u015eavkat Mirziyoyev Sammitd\u0259 i\u015ftirak ed\u0259n Az\u0259rbaycan Prezidenti \u0130lham \u018fliyevi, dig\u0259r &ouml;lk\u0259l\u0259rin d&ouml;vl\u0259t v\u0259 h&ouml;kum\u0259t ba\u015f&ccedil;\u0131lar\u0131n\u0131 qar\u015f\u0131lay\u0131b.<\/p>\n<p>Sonra d&ouml;vl\u0259t v\u0259 h&ouml;kum\u0259t ba\u015f&ccedil;\u0131lar\u0131 birg\u0259 foto &ccedil;\u0259kdiribl\u0259r.<\/p>\n<p>Haz\u0131rda Sammitin geni\u015f t\u0259rkibd\u0259 iclas\u0131 ke&ccedil;irilir.<\/p>\n<p>Az\u0259rbaycan Prezidenti \u0130lham \u018fliyev t\u0259dbird\u0259 i\u015ftirak edir.<\/p>\n","protected":false},"excerpt":{"rendered":"<p>Az\u0259rbaycan Prezidenti&nbsp;\u0130lham \u018fliyev&nbsp;\u015eanxay \u018fm\u0259kda\u015fl\u0131q T\u0259\u015fkilat\u0131n\u0131n sammitind\u0259 &ccedil;\u0131x\u0131\u015f edib. Prezident \u0130lham \u018fliyevin &ccedil;\u0131x\u0131\u015f\u0131: &ldquo;H&ouml;rm\u0259tli \u015eavkat Miromonovi&ccedil;. H&ouml;rm\u0259tli d&ouml;vl\u0259t v\u0259 h&ouml;kum\u0259t ba\u015f&ccedil;\u0131lar\u0131. Xan\u0131mlar v\u0259 c\u0259nablar. \u0130lk n&ouml;vb\u0259d\u0259, m\u0259ni \u015eanxay \u018fm\u0259kda\u015fl\u0131q T\u0259\u015fkilat\u0131n\u0131n Zirv\u0259&hellip;<\/p>\n","protected":false},"author":1,"featured_media":251278,"comment_status":"open","ping_status":"open","sticky":false,"template":"","format":"standard","meta":{"_lmt_disableupdate":"","_lmt_disable":"","footnotes":""},"categories":[86],"tags":[],"class_list":["post-158121","post","type-post","status-publish","format-standard","has-post-thumbnail","hentry","category-siyaset"],"_links":{"self":[{"href":"https:\/\/ucnoqta.az\/index.php?rest_route=\/wp\/v2\/posts\/158121","targetHints":{"allow":["GET"]}}],"collection":[{"href":"https:\/\/ucnoqta.az\/index.php?rest_route=\/wp\/v2\/posts"}],"about":[{"href":"https:\/\/ucnoqta.az\/index.php?rest_route=\/wp\/v2\/types\/post"}],"author":[{"embeddable":true,"href":"https:\/\/ucnoqta.az\/index.php?rest_route=\/wp\/v2\/users\/1"}],"replies":[{"embeddable":true,"href":"https:\/\/ucnoqta.az\/index.php?rest_route=%2Fwp%2Fv2%2Fcomments&post=158121"}],"version-history":[{"count":0,"href":"https:\/\/ucnoqta.az\/index.php?rest_route=\/wp\/v2\/posts\/158121\/revisions"}],"wp:featuredmedia":[{"embeddable":true,"href":"https:\/\/ucnoqta.az\/index.php?rest_route=\/wp\/v2\/media\/251278"}],"wp:attachment":[{"href":"https:\/\/ucnoqta.az\/index.php?rest_route=%2Fwp%2Fv2%2Fmedia&parent=158121"}],"wp:term":[{"taxonomy":"category","embeddable":true,"href":"https:\/\/ucnoqta.az\/index.php?rest_route=%2Fwp%2Fv2%2Fcategories&post=158121"},{"taxonomy":"post_tag","embeddable":true,"href":"https:\/\/ucnoqta.az\/index.php?rest_route=%2Fwp%2Fv2%2Ftags&post=158121"}],"curies":[{"name":"wp","href":"https:\/\/api.w.org\/{rel}","templated":true}]}}