{"id":158120,"date":"2022-09-16T11:52:02","date_gmt":"2022-09-16T07:52:02","guid":{"rendered":""},"modified":"-0001-11-30T00:00:00","modified_gmt":"-0001-11-29T20:00:00","slug":"","status":"publish","type":"post","link":"https:\/\/ucnoqta.az\/?p=158120","title":{"rendered":"Sosial \u015f\u0259b\u0259k\u0259l\u0259r \u00fcz\u0259rind\u0259n D\u0130N-\u0259 \u00fcnvanlanan m\u00fcraci\u0259tl\u0259rin say\u0131 a\u00e7\u0131qlan\u0131b"},"content":{"rendered":"<p><strong>Avqust ay\u0131 &uuml;zr\u0259 Daxili \u0130\u015fl\u0259r Nazirliyin\u0259 sosial \u015f\u0259b\u0259k\u0259l\u0259r &uuml;z\u0259rind\u0259n 2350 m&uuml;raci\u0259t &uuml;nvanlan\u0131b.<\/strong><\/p>\n<p>Bunu&nbsp;APA-ya a&ccedil;\u0131qlamas\u0131nda Daxili \u0130\u015fl\u0259r Nazirliyinin m\u0259tbuat xidm\u0259tinin b&ouml;lm\u0259 r\u0259isi, polis ba\u015f leytenant\u0131 Zeyni H&uuml;seynli deyib.<\/p>\n<p>O bildirib ki, 830 m&uuml;raci\u0259t\u0259 bax\u0131l\u0131b, onlardan 227-si quruma t\u0259\u015f\u0259kk&uuml;r xarakterlidir.<\/p>\n<p>&quot;Bu ilin yanvar-avqust aylar\u0131nda is\u0259 sosial \u015f\u0259b\u0259k\u0259l\u0259r &uuml;z\u0259rind\u0259n 18 319 m&uuml;raci\u0259t daxil olub. Bunlardan 3853-&uuml; qeydiyyata al\u0131n\u0131b v\u0259 1071-i t\u0259\u015f\u0259kk&uuml;r xarakterlidir. Qeydiyyata al\u0131nmayan m&uuml;raci\u0259tl\u0259r is\u0259 daxil olduqdan sonra d\u0259rhal cavabland\u0131r\u0131l\u0131b, m&uuml;vafiq \u015f\u0259kild\u0259 istiqam\u0259tl\u0259ndirilib v\u0259 ya da polisin s\u0259lahiyy\u0259tin\u0259 aid olmayan m&uuml;raci\u0259tl\u0259rdir&quot; &#8211; dey\u0259 o qeyd edib.<\/p>\n","protected":false},"excerpt":{"rendered":"<p>Avqust ay\u0131 &uuml;zr\u0259 Daxili \u0130\u015fl\u0259r Nazirliyin\u0259 sosial \u015f\u0259b\u0259k\u0259l\u0259r &uuml;z\u0259rind\u0259n 2350 m&uuml;raci\u0259t &uuml;nvanlan\u0131b. Bunu&nbsp;APA-ya a&ccedil;\u0131qlamas\u0131nda Daxili \u0130\u015fl\u0259r Nazirliyinin m\u0259tbuat xidm\u0259tinin b&ouml;lm\u0259 r\u0259isi, polis ba\u015f leytenant\u0131 Zeyni H&uuml;seynli deyib. O bildirib ki,&hellip;<\/p>\n","protected":false},"author":1,"featured_media":251278,"comment_status":"open","ping_status":"open","sticky":false,"template":"","format":"standard","meta":{"_lmt_disableupdate":"","_lmt_disable":"","footnotes":""},"categories":[101],"tags":[],"class_list":["post-158120","post","type-post","status-publish","format-standard","has-post-thumbnail","hentry","category-cemiyyet"],"_links":{"self":[{"href":"https:\/\/ucnoqta.az\/index.php?rest_route=\/wp\/v2\/posts\/158120","targetHints":{"allow":["GET"]}}],"collection":[{"href":"https:\/\/ucnoqta.az\/index.php?rest_route=\/wp\/v2\/posts"}],"about":[{"href":"https:\/\/ucnoqta.az\/index.php?rest_route=\/wp\/v2\/types\/post"}],"author":[{"embeddable":true,"href":"https:\/\/ucnoqta.az\/index.php?rest_route=\/wp\/v2\/users\/1"}],"replies":[{"embeddable":true,"href":"https:\/\/ucnoqta.az\/index.php?rest_route=%2Fwp%2Fv2%2Fcomments&post=158120"}],"version-history":[{"count":0,"href":"https:\/\/ucnoqta.az\/index.php?rest_route=\/wp\/v2\/posts\/158120\/revisions"}],"wp:featuredmedia":[{"embeddable":true,"href":"https:\/\/ucnoqta.az\/index.php?rest_route=\/wp\/v2\/media\/251278"}],"wp:attachment":[{"href":"https:\/\/ucnoqta.az\/index.php?rest_route=%2Fwp%2Fv2%2Fmedia&parent=158120"}],"wp:term":[{"taxonomy":"category","embeddable":true,"href":"https:\/\/ucnoqta.az\/index.php?rest_route=%2Fwp%2Fv2%2Fcategories&post=158120"},{"taxonomy":"post_tag","embeddable":true,"href":"https:\/\/ucnoqta.az\/index.php?rest_route=%2Fwp%2Fv2%2Ftags&post=158120"}],"curies":[{"name":"wp","href":"https:\/\/api.w.org\/{rel}","templated":true}]}}