{"id":158111,"date":"2022-09-16T10:06:42","date_gmt":"2022-09-16T06:06:42","guid":{"rendered":""},"modified":"-0001-11-30T00:00:00","modified_gmt":"-0001-11-29T20:00:00","slug":"","status":"publish","type":"post","link":"https:\/\/ucnoqta.az\/?p=158111","title":{"rendered":"Nazir m\u00fcavini erm\u0259nil\u0259rin Xocal\u0131da t\u00f6r\u0259tdiyi yan\u011f\u0131nlara m\u00fcnasib\u0259t bildirdi"},"content":{"rendered":"<p><strong>Erm\u0259nil\u0259r bu d\u0259f\u0259 d\u0259 Xocal\u0131 istiqam\u0259tind\u0259, da\u011fl\u0131q \u0259razil\u0259rimizd\u0259 yan\u011f\u0131nlar t&ouml;r\u0259tm\u0259kl\u0259 &ouml;z riyakarl\u0131qlar\u0131n\u0131, t\u0259kc\u0259 insanl\u0131\u011fa deyil, h\u0259m d\u0259 t\u0259bi\u0259t\u0259 qar\u015f\u0131 d&uuml;\u015fm\u0259n m&ouml;vqed\u0259 olduqlar\u0131n\u0131 bir daha g&ouml;st\u0259rmi\u015f oldular.<\/strong><\/p>\n<p>&nbsp;Ekologiya v\u0259 t\u0259bii s\u0259rv\u0259tl\u0259r nazirinin m&uuml;avini V&uuml;qar K\u0259rimov bildirib ki, bu c&uuml;r hadis\u0259l\u0259r t\u0259bi\u0259t\u0259 qar\u015f\u0131 cinay\u0259tdir, ekoloji terror akt\u0131d\u0131r.<\/p>\n<p>&quot;T\u0259\u0259ss&uuml;f ki, d&uuml;\u015fm\u0259n t\u0259r\u0259finin t&ouml;r\u0259tdiyi bu yan\u011f\u0131nlar\u0131 &uuml;r\u0259ka\u011fr\u0131s\u0131z izl\u0259m\u0259k m&uuml;mk&uuml;n deyil. Yan\u011f\u0131nlar Xocal\u0131 istiqam\u0259tind\u0259 olduqca z\u0259ngin bioloji m&uuml;xt\u0259lifliyi, nadir v\u0259 n\u0259sli k\u0259silm\u0259k t\u0259hl&uuml;k\u0259si olan bitki v\u0259 heyvan n&ouml;vl\u0259rinin ya\u015fay\u0131\u015f m\u0259sk\u0259nini da\u011f\u0131d\u0131r, bu yerl\u0259r\u0259 xas olan pal\u0131d, v\u0259l\u0259s, f\u0131st\u0131q, qovaq, toza\u011fac\u0131 kimi cinsl\u0259r\u0259 aid qiym\u0259tli me\u015f\u0259l\u0259rin m\u0259hvin\u0259 s\u0259b\u0259b olur.<\/p>\n<p>&Uuml;mumiyy\u0259tl\u0259, erm\u0259nil\u0259rin t&ouml;r\u0259tdiyi yan\u011f\u0131nlar ekosistemimiz\u0259 b&ouml;y&uuml;k z\u0259r\u0259rl\u0259r vurur ki, bu da onlar\u0131n insanl\u0131\u011fa v\u0259<br \/>\nt\u0259bi\u0259t\u0259 d&uuml;\u015fm\u0259n m&uuml;nasib\u0259tinin bir daha t\u0259sdiqidir&quot;.\/\/\/apa<\/p>\n","protected":false},"excerpt":{"rendered":"<p>Erm\u0259nil\u0259r bu d\u0259f\u0259 d\u0259 Xocal\u0131 istiqam\u0259tind\u0259, da\u011fl\u0131q \u0259razil\u0259rimizd\u0259 yan\u011f\u0131nlar t&ouml;r\u0259tm\u0259kl\u0259 &ouml;z riyakarl\u0131qlar\u0131n\u0131, t\u0259kc\u0259 insanl\u0131\u011fa deyil, h\u0259m d\u0259 t\u0259bi\u0259t\u0259 qar\u015f\u0131 d&uuml;\u015fm\u0259n m&ouml;vqed\u0259 olduqlar\u0131n\u0131 bir daha g&ouml;st\u0259rmi\u015f oldular. &nbsp;Ekologiya v\u0259 t\u0259bii s\u0259rv\u0259tl\u0259r&hellip;<\/p>\n","protected":false},"author":1,"featured_media":251278,"comment_status":"open","ping_status":"open","sticky":false,"template":"","format":"standard","meta":{"_lmt_disableupdate":"","_lmt_disable":"","footnotes":""},"categories":[],"tags":[],"class_list":["post-158111","post","type-post","status-publish","format-standard","has-post-thumbnail","hentry"],"_links":{"self":[{"href":"https:\/\/ucnoqta.az\/index.php?rest_route=\/wp\/v2\/posts\/158111","targetHints":{"allow":["GET"]}}],"collection":[{"href":"https:\/\/ucnoqta.az\/index.php?rest_route=\/wp\/v2\/posts"}],"about":[{"href":"https:\/\/ucnoqta.az\/index.php?rest_route=\/wp\/v2\/types\/post"}],"author":[{"embeddable":true,"href":"https:\/\/ucnoqta.az\/index.php?rest_route=\/wp\/v2\/users\/1"}],"replies":[{"embeddable":true,"href":"https:\/\/ucnoqta.az\/index.php?rest_route=%2Fwp%2Fv2%2Fcomments&post=158111"}],"version-history":[{"count":0,"href":"https:\/\/ucnoqta.az\/index.php?rest_route=\/wp\/v2\/posts\/158111\/revisions"}],"wp:featuredmedia":[{"embeddable":true,"href":"https:\/\/ucnoqta.az\/index.php?rest_route=\/wp\/v2\/media\/251278"}],"wp:attachment":[{"href":"https:\/\/ucnoqta.az\/index.php?rest_route=%2Fwp%2Fv2%2Fmedia&parent=158111"}],"wp:term":[{"taxonomy":"category","embeddable":true,"href":"https:\/\/ucnoqta.az\/index.php?rest_route=%2Fwp%2Fv2%2Fcategories&post=158111"},{"taxonomy":"post_tag","embeddable":true,"href":"https:\/\/ucnoqta.az\/index.php?rest_route=%2Fwp%2Fv2%2Ftags&post=158111"}],"curies":[{"name":"wp","href":"https:\/\/api.w.org\/{rel}","templated":true}]}}