{"id":158104,"date":"2022-09-16T10:30:51","date_gmt":"2022-09-16T06:30:51","guid":{"rendered":""},"modified":"-0001-11-30T00:00:00","modified_gmt":"-0001-11-29T20:00:00","slug":"","status":"publish","type":"post","link":"https:\/\/ucnoqta.az\/?p=158104","title":{"rendered":"Az\u0259rbaycan Prezidenti Pakistan\u0131n Ba\u015f naziri il\u0259 g\u00f6r\u00fc\u015f\u00fcb &#8211; <font color=red><b>FOTO (YEN\u0130L\u018fN\u0130B)<\/b><\/font>"},"content":{"rendered":"<p><strong>Sentyabr\u0131n 16-da S\u0259m\u0259rq\u0259ndd\u0259 Az\u0259rbaycan Respublikas\u0131n\u0131n Prezidenti \u0130lham \u018fliyevin Pakistan \u0130slam Respublikas\u0131n\u0131n Ba\u015f naziri \u015eahbaz \u015e\u0259rif il\u0259 g&ouml;r&uuml;\u015f&uuml; olub.<\/strong><\/p>\n<p>Ucnoqta.az x\u0259b\u0259r verir ki, g&ouml;r&uuml;\u015fd\u0259 Prezident \u0130lham \u018fliyev \u0259laq\u0259l\u0259rimizin inki\u015faf\u0131ndan m\u0259mnunlu\u011funu ifad\u0259 edib, Az\u0259rbaycan\u0131n v\u0259 Pakistan\u0131n daim bir-birinin yan\u0131nda olduqlar\u0131n\u0131 diqq\u0259t\u0259 &ccedil;atd\u0131r\u0131b.<\/p>\n<p>D&ouml;vl\u0259t ba\u015f&ccedil;\u0131s\u0131 44 g&uuml;nl&uuml;k V\u0259t\u0259n m&uuml;harib\u0259sind\u0259 Pakistan\u0131n Az\u0259rbaycana g&ouml;st\u0259rdiyi d\u0259st\u0259yin y&uuml;ks\u0259k qiym\u0259tl\u0259ndirildiyini dedi. Prezident \u0130lham \u018fliyev Pakistan\u0131n Erm\u0259nistan\u0131n Az\u0259rbaycana qar\u015f\u0131 otuzillik i\u015f\u011fal\u0131 d&ouml;vr&uuml;nd\u0259 bu d&ouml;vl\u0259tl\u0259 diplomatik \u0259laq\u0259 qurmayan &uuml;&ccedil; &ouml;lk\u0259d\u0259n biri oldu\u011funu v\u0259 bunun xalq\u0131m\u0131z t\u0259r\u0259find\u0259n y&uuml;ks\u0259k qiym\u0259tl\u0259ndirildiyini vur\u011fulad\u0131. D&ouml;vl\u0259t ba\u015f&ccedil;\u0131s\u0131 &ouml;lk\u0259l\u0259rimizin beyn\u0259lxalq t\u0259\u015fkilatlar, o c&uuml;ml\u0259d\u0259n Qo\u015fulmama H\u0259r\u0259kat\u0131, \u0130slam \u018fm\u0259kda\u015fl\u0131q T\u0259\u015fkilat\u0131 &ccedil;\u0259r&ccedil;iv\u0259sind\u0259 &ccedil;ox s\u0131x \u0259m\u0259kda\u015fl\u0131q etdiyini diqq\u0259t\u0259 &ccedil;atd\u0131rd\u0131. Prezident \u0130lham \u018fliyev Pakistan\u0131n \u0130slam \u018fm\u0259kda\u015fl\u0131q T\u0259\u015fkilat\u0131n\u0131n s\u0259dri kimi Az\u0259rbaycan\u0131n t\u0259\u015f\u0259bb&uuml;sl\u0259rin\u0259 verdiyi d\u0259st\u0259yi y&uuml;ks\u0259k qiym\u0259tl\u0259ndirdiyini qeyd etdi.<\/p>\n<p>D&ouml;vl\u0259t ba\u015f&ccedil;\u0131s\u0131 Az\u0259rbaycan, Pakistan v\u0259 T&uuml;rkiy\u0259nin &uuml;&ccedil;t\u0259r\u0259fli formatda da &ccedil;ox s\u0131x \u0259m\u0259kda\u015fl\u0131q etdiyini vur\u011fulad\u0131.<\/p>\n<p>Ba\u015f nazir \u015eahbaz \u015e\u0259rif bu g&ouml;r&uuml;\u015fd\u0259n m\u0259mnunlu\u011funu ifad\u0259 etdi, Prezident Arif Alvinin salamlar\u0131n\u0131 d&ouml;vl\u0259timizin ba\u015f&ccedil;\u0131s\u0131na &ccedil;atd\u0131rd\u0131.<\/p>\n<p>Prezident \u0130lham \u018fliyev Prezident Arif Alvinin salamlar\u0131na g&ouml;r\u0259 minn\u0259tdarl\u0131\u011f\u0131n\u0131 bildirdi, onun da salamlar\u0131n\u0131 Pakistan Prezidentin\u0259 &ccedil;atd\u0131rma\u011f\u0131 xahi\u015f etdi.<\/p>\n<p>Pakistan\u0131n Ba\u015f naziri Erm\u0259nistan silahl\u0131 q&uuml;vv\u0259l\u0259rinin d&ouml;vl\u0259t s\u0259rh\u0259dind\u0259 t&ouml;r\u0259tdiyi geni\u015fmiqyasl\u0131 h\u0259rbi t\u0259xribatlar\u0131n qar\u015f\u0131s\u0131n\u0131n al\u0131nmas\u0131 zaman\u0131 h\u0259lak olan \u015f\u0259hidl\u0259rimizl\u0259 ba\u011fl\u0131 Prezident \u0130lham \u018fliyev\u0259 v\u0259 Az\u0259rbaycan xalq\u0131na ba\u015fsa\u011fl\u0131\u011f\u0131 verdi. Ba\u015f nazir \u015eahbaz \u015e\u0259rif Pakistanda ba\u015f ver\u0259n v\u0259 &ccedil;oxsayl\u0131 insan t\u0259l\u0259fat\u0131 il\u0259 n\u0259tic\u0259l\u0259n\u0259n da\u015fq\u0131nlar zaman\u0131 Prezident \u0130lham \u018fliyevin g&ouml;st\u0259rdiyi m\u0259n\u0259vi, maddi v\u0259 dostluq d\u0259st\u0259yinin y&uuml;ks\u0259k qiym\u0259tl\u0259ndirildiyini bildirdi. &quot;Pakistan v\u0259 Az\u0259rbaycan bir b\u0259d\u0259nd\u0259 olan iki &uuml;r\u0259kdir. Az\u0259rbaycan il\u0259 Pakistan aras\u0131nda qarda\u015fl\u0131q v\u0259 dostluq \u0259laq\u0259l\u0259ri var. Biz Az\u0259rbaycan\u0131n m&uuml;st\u0259qilliyini, suverenliyini v\u0259 \u0259razi b&uuml;t&ouml;vl&uuml;y&uuml;n&uuml; q\u0259tiyy\u0259tl\u0259 d\u0259st\u0259kl\u0259mi\u015fik v\u0259 bundan sonra da d\u0259st\u0259kl\u0259y\u0259c\u0259yik&quot;, &#8211; dey\u0259 Pakistan\u0131n Ba\u015f naziri qeyd etdi.<\/p>\n<p>Ba\u015f nazir \u015eahbaz \u015e\u0259rif Prezident \u0130lham \u018fliyevi Pakistana r\u0259smi s\u0259f\u0259r\u0259 d\u0259v\u0259t etdi.<\/p>\n<p>Prezident \u0130lham \u018fliyev d\u0259v\u0259ti m\u0259mnuniyy\u0259tl\u0259 q\u0259bul ed\u0259r\u0259k, Pakistan\u0131n Ba\u015f nazirini &ouml;lk\u0259miz\u0259 s\u0259f\u0259r\u0259 d\u0259v\u0259t etdi.<\/p>\n<p>D&ouml;vl\u0259timizin ba\u015f&ccedil;\u0131s\u0131 vur\u011fulad\u0131 ki, Az\u0259rbaycan da C\u0259mmu v\u0259 K\u0259\u015fmir m\u0259s\u0259l\u0259sind\u0259 Pakistan\u0131n haql\u0131 m&ouml;vqeyini d\u0259st\u0259kl\u0259yir v\u0259 bu m\u0259s\u0259l\u0259d\u0259 Pakistan il\u0259 h\u0259mr\u0259ydir. Az\u0259rbaycan \u0130slam \u018fm\u0259kda\u015fl\u0131q T\u0259\u015fkilat\u0131 &ccedil;\u0259r&ccedil;iv\u0259sind\u0259 C\u0259mmu v\u0259 K\u0259\u015fmir m\u0259s\u0259l\u0259si &uuml;zr\u0259 kontakt qrupun &uuml;zv&uuml;d&uuml;r.<\/p>\n<p>S&ouml;hb\u0259t zaman\u0131 &ouml;lk\u0259l\u0259rimiz aras\u0131nda n\u0259qliyyat, logistika, k\u0259nd t\u0259s\u0259rr&uuml;fat\u0131, energetika, investisiyalar\u0131n t\u0259\u015fviqi, iqtisadi-ticari \u0259laq\u0259l\u0259rin geni\u015fl\u0259ndirilm\u0259si m\u0259s\u0259l\u0259l\u0259ri il\u0259 ba\u011fl\u0131 m&uuml;zakir\u0259l\u0259r apar\u0131ld\u0131 v\u0259 aidiyy\u0259ti d&ouml;vl\u0259t qurumlar\u0131na tap\u015f\u0131r\u0131qlar verildi.<\/p>\n<p><strong>08:59<\/strong><\/p>\n<p>Sentyabr\u0131n 16-da S\u0259m\u0259rq\u0259ndd\u0259 Az\u0259rbaycan Respublikas\u0131n\u0131n Prezidenti \u0130lham \u018fliyevin Pakistan \u0130slam Respublikas\u0131n\u0131n Ba\u015f naziri \u015eahbaz \u015e\u0259rif il\u0259 g&ouml;r&uuml;\u015f&uuml; olub.<\/p>\n<p>\nUcnoqta.az x\u0259b\u0259r verir ki, bu bar\u0259d\u0259&nbsp;Prezidentin M\u0259tbuat Xidm\u0259ti&nbsp;m\u0259lumat yay\u0131b.<\/p>\n","protected":false},"excerpt":{"rendered":"<p>Sentyabr\u0131n 16-da S\u0259m\u0259rq\u0259ndd\u0259 Az\u0259rbaycan Respublikas\u0131n\u0131n Prezidenti \u0130lham \u018fliyevin Pakistan \u0130slam Respublikas\u0131n\u0131n Ba\u015f naziri \u015eahbaz \u015e\u0259rif il\u0259 g&ouml;r&uuml;\u015f&uuml; olub. Ucnoqta.az x\u0259b\u0259r verir ki, g&ouml;r&uuml;\u015fd\u0259 Prezident \u0130lham \u018fliyev \u0259laq\u0259l\u0259rimizin inki\u015faf\u0131ndan m\u0259mnunlu\u011funu ifad\u0259&hellip;<\/p>\n","protected":false},"author":1,"featured_media":251278,"comment_status":"open","ping_status":"open","sticky":false,"template":"","format":"standard","meta":{"_lmt_disableupdate":"","_lmt_disable":"","footnotes":""},"categories":[101],"tags":[],"class_list":["post-158104","post","type-post","status-publish","format-standard","has-post-thumbnail","hentry","category-cemiyyet"],"_links":{"self":[{"href":"https:\/\/ucnoqta.az\/index.php?rest_route=\/wp\/v2\/posts\/158104","targetHints":{"allow":["GET"]}}],"collection":[{"href":"https:\/\/ucnoqta.az\/index.php?rest_route=\/wp\/v2\/posts"}],"about":[{"href":"https:\/\/ucnoqta.az\/index.php?rest_route=\/wp\/v2\/types\/post"}],"author":[{"embeddable":true,"href":"https:\/\/ucnoqta.az\/index.php?rest_route=\/wp\/v2\/users\/1"}],"replies":[{"embeddable":true,"href":"https:\/\/ucnoqta.az\/index.php?rest_route=%2Fwp%2Fv2%2Fcomments&post=158104"}],"version-history":[{"count":0,"href":"https:\/\/ucnoqta.az\/index.php?rest_route=\/wp\/v2\/posts\/158104\/revisions"}],"wp:featuredmedia":[{"embeddable":true,"href":"https:\/\/ucnoqta.az\/index.php?rest_route=\/wp\/v2\/media\/251278"}],"wp:attachment":[{"href":"https:\/\/ucnoqta.az\/index.php?rest_route=%2Fwp%2Fv2%2Fmedia&parent=158104"}],"wp:term":[{"taxonomy":"category","embeddable":true,"href":"https:\/\/ucnoqta.az\/index.php?rest_route=%2Fwp%2Fv2%2Fcategories&post=158104"},{"taxonomy":"post_tag","embeddable":true,"href":"https:\/\/ucnoqta.az\/index.php?rest_route=%2Fwp%2Fv2%2Ftags&post=158104"}],"curies":[{"name":"wp","href":"https:\/\/api.w.org\/{rel}","templated":true}]}}