{"id":158093,"date":"2022-09-15T22:40:31","date_gmt":"2022-09-15T18:40:31","guid":{"rendered":""},"modified":"-0001-11-30T00:00:00","modified_gmt":"-0001-11-29T20:00:00","slug":"","status":"publish","type":"post","link":"https:\/\/ucnoqta.az\/?p=158093","title":{"rendered":"&#8220;Qaraba\u011f&#8221; ilk q\u0259l\u0259b\u0259sini darmada\u011f\u0131nla qazand\u0131- <font color=red><b>YEN\u0130L\u018fN\u0130B<\/b><\/font>"},"content":{"rendered":"<p><strong>&quot;Qaraba\u011f&quot; UEFA Avropa Liqas\u0131n\u0131n qrup m\u0259rh\u0259l\u0259sind\u0259 n&ouml;vb\u0259ti oyununu ke&ccedil;irib.&nbsp;<\/strong><\/p>\n<p>&nbsp;Qurban Qurbanovun ba\u015f m\u0259\u015fq&ccedil;i oldu\u011fu komanda G qrupunun II turunda Bak\u0131da Fransa &quot;Nant&quot;\u0131 il\u0259 &uuml;z-&uuml;z\u0259 g\u0259lib.<\/p>\n<p>Tofiq B\u0259hramov ad\u0131na Respublika stadionundak\u0131 azarke\u015fl\u0259r qar\u015f\u0131la\u015fma ba\u015flamam\u0131\u015fdan \u0259vv\u0259l Erm\u0259nistanla s\u0259rh\u0259dd\u0259 h\u0259rbi \u0259m\u0259liyyatlar zaman\u0131 \u015f\u0259hid olan Az\u0259rbaycan h\u0259rb&ccedil;il\u0259rinin xatir\u0259sini s&uuml;kutla yad edibl\u0259r.<\/p>\n<p>G&ouml;r&uuml;\u015f&uuml;n ilk 10&nbsp;d\u0259qiq\u0259si k\u0259\u015ffiyyat xarakteri day\u0131\u015f\u0131b. 14-c&uuml; d\u0259qiq\u0259d\u0259 Fransa t\u0259msil&ccedil;isinin futbol&ccedil;usu&nbsp;Moyzes&nbsp;Simonun f\u0259rql\u0259nm\u0259sin\u0259 qap\u0131&ccedil;\u0131&nbsp;\u015eahruddin&nbsp;M\u0259h\u0259mm\u0259d\u0259liyev mane olub. &quot;K&ouml;hl\u0259n atlar&quot; ilk hiss\u0259nin ortalar\u0131ndan&nbsp;t\u0259\u015f\u0259bb&uuml;s&uuml; \u0259l\u0259 al\u0131b.<\/p>\n<p>Simon 27-ci d\u0259qiq\u0259d\u0259&nbsp;M\u0259h\u0259mm\u0259d\u0259liyevl\u0259&nbsp;t\u0259kb\u0259t\u0259k &ccedil;\u0131xsa da, n&ouml;vb\u0259ti d\u0259f\u0259 dueld\u0259n m\u0259\u011flub ayr\u0131l\u0131b. 30-cu d\u0259qiq\u0259nin tamam\u0131nda Elvin C\u0259f\u0259rquliyevin z\u0259rb\u0259sind\u0259n sonra top qap\u0131n\u0131n &uuml;st&uuml;nd\u0259n ke&ccedil;ib. Daha sonra Kvabena Ovusu qolkiperl\u0259 t\u0259kb\u0259t\u0259k &ccedil;\u0131xsa da, f&uuml;rs\u0259td\u0259n yararlana bilm\u0259yib. &quot;Qaraba\u011f&quot; hiss\u0259nin sonlar\u0131nda h&uuml;cumlar\u0131n\u0131n k\u0259s\u0259rini art\u0131r\u0131b. 43-c&uuml; d\u0259qiq\u0259d\u0259 B\u0259davi H&uuml;seynovun ba\u015fla f\u0259rl\u0259nm\u0259y\u0259 yax\u0131n olsa da, r\u0259qib qap\u0131&ccedil;\u0131&nbsp;Alban Lyafon hesab\u0131n a&ccedil;\u0131lmas\u0131na&nbsp;imkan verm\u0259yib.&nbsp;<\/p>\n<p>\u0130kinci yar\u0131da da Az\u0259rbaycan t\u0259msil&ccedil;isi topa daha &ccedil;ox n\u0259zar\u0259t ed\u0259n t\u0259r\u0259f olub. 51-ci d\u0259qiq\u0259d\u0259 Ovusu n&ouml;vb\u0259ti d\u0259f\u0259&nbsp;Lyafon s\u0259ddini ke&ccedil;\u0259 bilm\u0259yib. Buna baxmayaraq, 25 ya\u015fl\u0131 qanal\u0131 h&uuml;cum&ccedil;u 60-c\u0131 d\u0259qiq\u0259d\u0259 hesab\u0131 a&ccedil;ma\u011fa m&uuml;v\u0259ff\u0259q olub. 5 d\u0259qiq\u0259 sonra Kadi Borgesin &ouml;t&uuml;rm\u0259sind\u0259n sonra Abdullah Zubir hesab aras\u0131ndak\u0131 f\u0259rqi art\u0131r\u0131b. 72-ci d\u0259qiq\u0259d\u0259 Marko Yankovi&ccedil; bax\u0131ml\u0131 qola imza ataraq qonaqlar\u0131 m\u0259yus edib. &quot;Nant&quot; sonrak\u0131 d\u0259qiq\u0259l\u0259rd\u0259 hesab aras\u0131ndak\u0131 f\u0259rqi azaltma\u011fa &ccedil;al\u0131\u015fsa da, ist\u0259yin\u0259 &ccedil;ata bilm\u0259yib.&nbsp;<\/p>\n<p>R\u0259qibini 3:0 hesab\u0131 il\u0259 m\u0259\u011flub ed\u0259n &quot;Qaraba\u011f&quot; qrup m\u0259rh\u0259l\u0259sind\u0259 ilk q\u0259l\u0259b\u0259sini qazan\u0131b.&nbsp;<\/p>\n<p>G qrupunun dig\u0259r mat&ccedil;\u0131nda Almaniya &quot;Frayburq&quot;u Yunan\u0131standa 3:0 hesab\u0131 il\u0259 &uuml;st\u0259l\u0259yib. Bundesliqa klubu 2 turdan sonra 6 xalla liderdir. &quot;Nant&quot; v\u0259 &quot;Qaraba\u011f&quot;\u0131n 3 xal\u0131 var. Sonuncu s\u0131radak\u0131 &quot;Olimpiakos&quot;un is\u0259 xal\u0131 yoxdur.\/\/\/report<\/p>\n<p><strong>22:23<\/strong><\/p>\n<p>Bak\u0131da &quot;Qaraba\u011f&quot; v\u0259 Fransan\u0131n &quot;Nant&quot; komandalar\u0131 aras\u0131nda UEFA Avropa Liqas\u0131n\u0131n qrup m\u0259rh\u0259l\u0259sinin II tur oyununda n&ouml;vb\u0259ti qol vurulub.<\/p>\n<p>\nUcnoqta.az x\u0259b\u0259r verir ki, &quot;k&ouml;hl\u0259n atlar&quot; hesab aras\u0131ndak\u0131 f\u0259rqi &uuml;&ccedil;&nbsp;topa &ccedil;atd\u0131r\u0131b &#8211; 3:0.&nbsp;<\/p>\n<p>Komandan\u0131n hey\u0259tind\u0259 72-ci d\u0259qiq\u0259d\u0259 Marko Yankovi&ccedil;&nbsp;f\u0259rql\u0259nib.<\/p>\n<p><strong>22:15<\/strong><\/p>\n<p>Bak\u0131da &quot;Qaraba\u011f&quot; v\u0259 Fransan\u0131n &quot;Nant&quot; komandalar\u0131 aras\u0131nda UEFA Avropa Liqas\u0131n\u0131n qrup m\u0259rh\u0259l\u0259sinin II tur oyununda n&ouml;vb\u0259ti qol vurulub.&nbsp;<\/p>\n<p>\nUcnoqta.az x\u0259b\u0259r verir, &quot;k&ouml;hl\u0259n atlar&quot; hesab aras\u0131ndak\u0131 f\u0259rqi iki topa &ccedil;atd\u0131r\u0131b &#8211; 2:0.<\/p>\n<p>Komandan\u0131n hey\u0259tind\u0259 65-ci d\u0259qiq\u0259d\u0259 Abdullah Zubir f\u0259rql\u0259nib.<\/p>\n<p><strong>22:08<\/strong><\/p>\n<p>Bak\u0131da &quot;Qaraba\u011f&quot; v\u0259 Fransan\u0131n &quot;Nant&quot; komandalar\u0131 aras\u0131nda UEFA Avropa Liqas\u0131n\u0131n qrup m\u0259rh\u0259l\u0259sinin II tur oyununda hesab a&ccedil;\u0131l\u0131b.&nbsp;<\/p>\n<p>\nUcnoqta.az x\u0259b\u0259r verir ki, &quot;k&ouml;hl\u0259n atlar&quot;\u0131n hey\u0259tind\u0259 Kvabena Ovusu 60-c\u0131 d\u0259qiq\u0259d\u0259 f\u0259rql\u0259nib. 1:0.<\/p>\n<p>&nbsp;<\/p>\n","protected":false},"excerpt":{"rendered":"<p>&quot;Qaraba\u011f&quot; UEFA Avropa Liqas\u0131n\u0131n qrup m\u0259rh\u0259l\u0259sind\u0259 n&ouml;vb\u0259ti oyununu ke&ccedil;irib.&nbsp; &nbsp;Qurban Qurbanovun ba\u015f m\u0259\u015fq&ccedil;i oldu\u011fu komanda G qrupunun II turunda Bak\u0131da Fransa &quot;Nant&quot;\u0131 il\u0259 &uuml;z-&uuml;z\u0259 g\u0259lib. Tofiq B\u0259hramov ad\u0131na Respublika stadionundak\u0131&hellip;<\/p>\n","protected":false},"author":1,"featured_media":251278,"comment_status":"open","ping_status":"open","sticky":false,"template":"","format":"standard","meta":{"_lmt_disableupdate":"","_lmt_disable":"","footnotes":""},"categories":[90],"tags":[],"class_list":["post-158093","post","type-post","status-publish","format-standard","has-post-thumbnail","hentry","category-idman-butun-xeberler"],"_links":{"self":[{"href":"https:\/\/ucnoqta.az\/index.php?rest_route=\/wp\/v2\/posts\/158093","targetHints":{"allow":["GET"]}}],"collection":[{"href":"https:\/\/ucnoqta.az\/index.php?rest_route=\/wp\/v2\/posts"}],"about":[{"href":"https:\/\/ucnoqta.az\/index.php?rest_route=\/wp\/v2\/types\/post"}],"author":[{"embeddable":true,"href":"https:\/\/ucnoqta.az\/index.php?rest_route=\/wp\/v2\/users\/1"}],"replies":[{"embeddable":true,"href":"https:\/\/ucnoqta.az\/index.php?rest_route=%2Fwp%2Fv2%2Fcomments&post=158093"}],"version-history":[{"count":0,"href":"https:\/\/ucnoqta.az\/index.php?rest_route=\/wp\/v2\/posts\/158093\/revisions"}],"wp:featuredmedia":[{"embeddable":true,"href":"https:\/\/ucnoqta.az\/index.php?rest_route=\/wp\/v2\/media\/251278"}],"wp:attachment":[{"href":"https:\/\/ucnoqta.az\/index.php?rest_route=%2Fwp%2Fv2%2Fmedia&parent=158093"}],"wp:term":[{"taxonomy":"category","embeddable":true,"href":"https:\/\/ucnoqta.az\/index.php?rest_route=%2Fwp%2Fv2%2Fcategories&post=158093"},{"taxonomy":"post_tag","embeddable":true,"href":"https:\/\/ucnoqta.az\/index.php?rest_route=%2Fwp%2Fv2%2Ftags&post=158093"}],"curies":[{"name":"wp","href":"https:\/\/api.w.org\/{rel}","templated":true}]}}