{"id":158089,"date":"2022-09-15T21:26:06","date_gmt":"2022-09-15T17:26:06","guid":{"rendered":""},"modified":"-0001-11-30T00:00:00","modified_gmt":"-0001-11-29T20:00:00","slug":"","status":"publish","type":"post","link":"https:\/\/ucnoqta.az\/?p=158089","title":{"rendered":"\u0130\u015f\u011faldan azad olunan \u0259razil\u0259r\u0259 avtobus mar\u015frutlar\u0131 t\u0259xir\u0259 sal\u0131n\u0131b?"},"content":{"rendered":"<p><strong>N\u0259qliyyat, Rabit\u0259 v\u0259 Y&uuml;ks\u0259k Texnologiyalar Nazirliyi yan\u0131nda D&ouml;vl\u0259t Avtomobil N\u0259qliyyat\u0131 Xidm\u0259ti (DANX) i\u015f\u011faldan azad olunan \u0259razil\u0259r\u0259 avtobus mar\u015frutlar\u0131n\u0131n t\u0259xir\u0259 sal\u0131nmas\u0131na dair yay\u0131lan x\u0259b\u0259rl\u0259r\u0259 m&uuml;nasib\u0259t bildirib.<\/strong><\/p>\n<p>Xidm\u0259td\u0259n&nbsp;Oxu.Az-\u0131n sor\u011fusuna cavab olaraq bildirilib ki, qurum t\u0259r\u0259find\u0259n i\u015f\u011faldan azad olunan \u0259razil\u0259r\u0259 &#8211; \u015eu\u015fa, A\u011fdam v\u0259 F&uuml;zuli rayonlar\u0131na m&uuml;nt\u0259z\u0259m avtobus mar\u015frutlar\u0131 il\u0259 15, 16 v\u0259 17 sentyabr tarixl\u0259rin\u0259 n\u0259z\u0259rd\u0259 tutulan s\u0259f\u0259rl\u0259r t\u0259xir\u0259 sal\u0131naraq ba\u015fqa tarixl\u0259r\u0259 ke&ccedil;irilib:<\/p>\n<p>&ldquo;Bu haqda s\u0259rni\u015finl\u0259rl\u0259 telefon \u0259laq\u0259si yarad\u0131laraq m\u0259lumat verilib&rdquo;.<\/p>\n<p>Qeyd ed\u0259k ki, sosial \u015f\u0259b\u0259k\u0259rd\u0259 i\u015f\u011faldan azad olunan \u0259razil\u0259r\u0259 avtobus mar\u015frutlar\u0131n\u0131n t\u0259xir\u0259 sal\u0131nmas\u0131 il\u0259 ba\u011fl\u0131 x\u0259b\u0259rl\u0259r yay\u0131l\u0131b.<\/p>\n<p>&nbsp;<\/p>\n","protected":false},"excerpt":{"rendered":"<p>N\u0259qliyyat, Rabit\u0259 v\u0259 Y&uuml;ks\u0259k Texnologiyalar Nazirliyi yan\u0131nda D&ouml;vl\u0259t Avtomobil N\u0259qliyyat\u0131 Xidm\u0259ti (DANX) i\u015f\u011faldan azad olunan \u0259razil\u0259r\u0259 avtobus mar\u015frutlar\u0131n\u0131n t\u0259xir\u0259 sal\u0131nmas\u0131na dair yay\u0131lan x\u0259b\u0259rl\u0259r\u0259 m&uuml;nasib\u0259t bildirib. Xidm\u0259td\u0259n&nbsp;Oxu.Az-\u0131n sor\u011fusuna cavab olaraq bildirilib&hellip;<\/p>\n","protected":false},"author":1,"featured_media":251278,"comment_status":"open","ping_status":"open","sticky":false,"template":"","format":"standard","meta":{"_lmt_disableupdate":"","_lmt_disable":"","footnotes":""},"categories":[101],"tags":[],"class_list":["post-158089","post","type-post","status-publish","format-standard","has-post-thumbnail","hentry","category-cemiyyet"],"_links":{"self":[{"href":"https:\/\/ucnoqta.az\/index.php?rest_route=\/wp\/v2\/posts\/158089","targetHints":{"allow":["GET"]}}],"collection":[{"href":"https:\/\/ucnoqta.az\/index.php?rest_route=\/wp\/v2\/posts"}],"about":[{"href":"https:\/\/ucnoqta.az\/index.php?rest_route=\/wp\/v2\/types\/post"}],"author":[{"embeddable":true,"href":"https:\/\/ucnoqta.az\/index.php?rest_route=\/wp\/v2\/users\/1"}],"replies":[{"embeddable":true,"href":"https:\/\/ucnoqta.az\/index.php?rest_route=%2Fwp%2Fv2%2Fcomments&post=158089"}],"version-history":[{"count":0,"href":"https:\/\/ucnoqta.az\/index.php?rest_route=\/wp\/v2\/posts\/158089\/revisions"}],"wp:featuredmedia":[{"embeddable":true,"href":"https:\/\/ucnoqta.az\/index.php?rest_route=\/wp\/v2\/media\/251278"}],"wp:attachment":[{"href":"https:\/\/ucnoqta.az\/index.php?rest_route=%2Fwp%2Fv2%2Fmedia&parent=158089"}],"wp:term":[{"taxonomy":"category","embeddable":true,"href":"https:\/\/ucnoqta.az\/index.php?rest_route=%2Fwp%2Fv2%2Fcategories&post=158089"},{"taxonomy":"post_tag","embeddable":true,"href":"https:\/\/ucnoqta.az\/index.php?rest_route=%2Fwp%2Fv2%2Ftags&post=158089"}],"curies":[{"name":"wp","href":"https:\/\/api.w.org\/{rel}","templated":true}]}}