{"id":158086,"date":"2022-09-15T21:39:02","date_gmt":"2022-09-15T17:39:02","guid":{"rendered":""},"modified":"-0001-11-30T00:00:00","modified_gmt":"-0001-11-29T20:00:00","slug":"","status":"publish","type":"post","link":"https:\/\/ucnoqta.az\/?p=158086","title":{"rendered":"\u0130ran Erm\u0259nistana h\u0259rbi m\u00fc\u015favir <font color=red><b>G\u00d6ND\u018fRD\u0130<\/b><\/font>"},"content":{"rendered":"<p><strong>\u0130ran Erm\u0259nistana h\u0259rbi m&uuml;\u015favir g&ouml;nd\u0259rib.<\/strong><\/p>\n<p>General \u0130smail X\u0259lilzad\u0259 \u0130ran\u0131n h\u0259rbi m&uuml;\u015favirl\u0259rinin n&uuml;may\u0259nd\u0259si olaraq, general \u018fhm\u0259di is\u0259 &ldquo;H\u0259mz\u0259 Q\u0259rargah\u0131n\u0131n&rdquo; \u0259m\u0259liyyat v\u0259 k\u0259\u015ffiyyat &uuml;zr\u0259 m\u0259sul \u015f\u0259xsi kimi t\u0259cav&uuml;zkar Erm\u0259nistan ordusunun y&uuml;ks\u0259k r&uuml;tb\u0259li komandirl\u0259ri il\u0259 yax\u0131ndan \u0259m\u0259kda\u015fl\u0131q edirl\u0259r.<\/p>\n<p>Qeyd ed\u0259k ki, general \u018fhm\u0259di SEPAH-\u0131n \u0259n \u0259sas komandirl\u0259rind\u0259n say\u0131l\u0131r v\u0259 bir m&uuml;dd\u0259t Suriya H\u0259rbi Hava Q&uuml;vv\u0259l\u0259rind\u0259 zabitl\u0259rin k\u0259\u015ffiyyat &uuml;zr\u0259 m&uuml;\u015faviri v\u0259zif\u0259sini yerin\u0259 yetirib. B\u0259\u015f\u0259r \u018fs\u0259din qarda\u015f\u0131n\u0131n komandanl\u0131\u011f\u0131 alt\u0131nda olan Suriya H\u0259rbi Hava Q&uuml;vv\u0259l\u0259rinin k\u0259\u015ffiyyat b&ouml;lm\u0259si Suriyan\u0131n \u0259n amans\u0131z v\u0259 qani&ccedil;\u0259n q&uuml;vv\u0259l\u0259rind\u0259n hesab olunur v\u0259 m\u0259hk\u0259m\u0259siz edamlar bu b&ouml;lm\u0259 t\u0259r\u0259find\u0259n h\u0259yata ke&ccedil;irilirdi.<\/p>\n<p>\u0130ndi is\u0259 general \u018fhm\u0259di v\u0259 \u0130smail X\u0259lilzad\u0259nin ba\u015f&ccedil;\u0131l\u0131q etdiyi n&uuml;may\u0259nd\u0259 hey\u0259ti SEPAH-\u0131n k\u0259\u015ffiyyat zabiti il\u0259 birlikd\u0259 t\u0259cav&uuml;zkar Erm\u0259nistan ordusunu Az\u0259rbaycana qar\u015f\u0131 g&uuml;cl\u0259ndrm\u0259k &uuml;&ccedil;&uuml;n \u0130r\u0259vana u&ccedil;ub.\/\/\/unikal<\/p>\n","protected":false},"excerpt":{"rendered":"<p>\u0130ran Erm\u0259nistana h\u0259rbi m&uuml;\u015favir g&ouml;nd\u0259rib. General \u0130smail X\u0259lilzad\u0259 \u0130ran\u0131n h\u0259rbi m&uuml;\u015favirl\u0259rinin n&uuml;may\u0259nd\u0259si olaraq, general \u018fhm\u0259di is\u0259 &ldquo;H\u0259mz\u0259 Q\u0259rargah\u0131n\u0131n&rdquo; \u0259m\u0259liyyat v\u0259 k\u0259\u015ffiyyat &uuml;zr\u0259 m\u0259sul \u015f\u0259xsi kimi t\u0259cav&uuml;zkar Erm\u0259nistan ordusunun y&uuml;ks\u0259k r&uuml;tb\u0259li&hellip;<\/p>\n","protected":false},"author":1,"featured_media":251278,"comment_status":"open","ping_status":"open","sticky":false,"template":"","format":"standard","meta":{"_lmt_disableupdate":"","_lmt_disable":"","footnotes":""},"categories":[89],"tags":[],"class_list":["post-158086","post","type-post","status-publish","format-standard","has-post-thumbnail","hentry","category-dunya-butun-xeberler"],"_links":{"self":[{"href":"https:\/\/ucnoqta.az\/index.php?rest_route=\/wp\/v2\/posts\/158086","targetHints":{"allow":["GET"]}}],"collection":[{"href":"https:\/\/ucnoqta.az\/index.php?rest_route=\/wp\/v2\/posts"}],"about":[{"href":"https:\/\/ucnoqta.az\/index.php?rest_route=\/wp\/v2\/types\/post"}],"author":[{"embeddable":true,"href":"https:\/\/ucnoqta.az\/index.php?rest_route=\/wp\/v2\/users\/1"}],"replies":[{"embeddable":true,"href":"https:\/\/ucnoqta.az\/index.php?rest_route=%2Fwp%2Fv2%2Fcomments&post=158086"}],"version-history":[{"count":0,"href":"https:\/\/ucnoqta.az\/index.php?rest_route=\/wp\/v2\/posts\/158086\/revisions"}],"wp:featuredmedia":[{"embeddable":true,"href":"https:\/\/ucnoqta.az\/index.php?rest_route=\/wp\/v2\/media\/251278"}],"wp:attachment":[{"href":"https:\/\/ucnoqta.az\/index.php?rest_route=%2Fwp%2Fv2%2Fmedia&parent=158086"}],"wp:term":[{"taxonomy":"category","embeddable":true,"href":"https:\/\/ucnoqta.az\/index.php?rest_route=%2Fwp%2Fv2%2Fcategories&post=158086"},{"taxonomy":"post_tag","embeddable":true,"href":"https:\/\/ucnoqta.az\/index.php?rest_route=%2Fwp%2Fv2%2Ftags&post=158086"}],"curies":[{"name":"wp","href":"https:\/\/api.w.org\/{rel}","templated":true}]}}