{"id":145164,"date":"2022-04-01T19:25:09","date_gmt":"2022-04-01T15:25:09","guid":{"rendered":""},"modified":"-0001-11-30T00:00:00","modified_gmt":"-0001-11-29T20:00:00","slug":"","status":"publish","type":"post","link":"https:\/\/ucnoqta.az\/?p=145164","title":{"rendered":"Erm\u0259niy\u0259 qalib g\u0259l\u0259n Az\u0259rbaycan g\u00fcl\u0259\u015f\u00e7isi finala<font color=red><b> Y\u00dcKS\u018fLD\u0130<\/b><\/font>"},"content":{"rendered":"<p><strong>Az\u0259rbaycan\u0131n yunan-Roma g&uuml;l\u0259\u015f&ccedil;isi Eld\u0259niz \u018fzizli Macar\u0131stan\u0131n paytaxt\u0131 Budape\u015ftd\u0259 ke&ccedil;iril\u0259n Avropa &ccedil;empionat\u0131nda yar\u0131mfinal g&ouml;r&uuml;\u015f&uuml;n\u0259 &ccedil;\u0131x\u0131b.<\/strong><\/p>\n<p>55 kq-da m&uuml;bariz\u0259 aparan idman\u015f\u0131 Erm\u0259nistan t\u0259msil&ccedil;isi Rudik Mkrt&ccedil;yanla qar\u015f\u0131la\u015f\u0131b.<\/p>\n<p>R\u0259qibin\u0259 tam &uuml;st&uuml;nl&uuml;kl\u0259 7:3 hesab\u0131 il\u0259 qalib g\u0259l\u0259n \u018fzizli finala v\u0259siq\u0259 qazan\u0131b.<\/p>\n<p>Qeyd ed\u0259k ki, daha \u0259vv\u0259l s\u0259rb\u0259st g&uuml;l\u0259\u015f&ccedil;il\u0259rd\u0259n M\u0259h\u0259mm\u0259dxan M\u0259h\u0259mm\u0259dov (97 kq) q\u0131z\u0131l, \u018fliabbas Rzazad\u0259 (57 kq), Hac\u0131 \u018fliyev (65 kq), \u018f\u015fr\u0259f A\u015f\u0131rov (79 kq), Abubakr Abakarov (86 kq) g&uuml;m&uuml;\u015f, Turan Bayramov (74 kq) v\u0259 Osman Nurm\u0259h\u0259mm\u0259dov (92 kq) b&uuml;r&uuml;nc medal qazan\u0131b. Y\u0131\u011fma &uuml;mumi komanda hesab\u0131nda birinci yeri tutaraq, Avropa &ccedil;empionu olub.<\/p>\n<p>Qad\u0131n g&uuml;l\u0259\u015f&ccedil;il\u0259rd\u0259n Elis Manolova (65 kq) is\u0259 finalda Tatyana R\u0131jko il\u0259 q&uuml;vv\u0259sini s\u0131nayacaq.<\/p>\n<p>Yar\u0131\u015f aprelin 3-d\u0259 ba\u015fa &ccedil;atacaq.<\/p>\n<p>\/\/\/unikal<\/p>\n","protected":false},"excerpt":{"rendered":"<p>Az\u0259rbaycan\u0131n yunan-Roma g&uuml;l\u0259\u015f&ccedil;isi Eld\u0259niz \u018fzizli Macar\u0131stan\u0131n paytaxt\u0131 Budape\u015ftd\u0259 ke&ccedil;iril\u0259n Avropa &ccedil;empionat\u0131nda yar\u0131mfinal g&ouml;r&uuml;\u015f&uuml;n\u0259 &ccedil;\u0131x\u0131b. 55 kq-da m&uuml;bariz\u0259 aparan idman\u015f\u0131 Erm\u0259nistan t\u0259msil&ccedil;isi Rudik Mkrt&ccedil;yanla qar\u015f\u0131la\u015f\u0131b. R\u0259qibin\u0259 tam &uuml;st&uuml;nl&uuml;kl\u0259 7:3 hesab\u0131 il\u0259&hellip;<\/p>\n","protected":false},"author":1,"featured_media":251278,"comment_status":"open","ping_status":"open","sticky":false,"template":"","format":"standard","meta":{"_lmt_disableupdate":"","_lmt_disable":"","footnotes":""},"categories":[90],"tags":[],"class_list":["post-145164","post","type-post","status-publish","format-standard","has-post-thumbnail","hentry","category-idman-butun-xeberler"],"_links":{"self":[{"href":"https:\/\/ucnoqta.az\/index.php?rest_route=\/wp\/v2\/posts\/145164","targetHints":{"allow":["GET"]}}],"collection":[{"href":"https:\/\/ucnoqta.az\/index.php?rest_route=\/wp\/v2\/posts"}],"about":[{"href":"https:\/\/ucnoqta.az\/index.php?rest_route=\/wp\/v2\/types\/post"}],"author":[{"embeddable":true,"href":"https:\/\/ucnoqta.az\/index.php?rest_route=\/wp\/v2\/users\/1"}],"replies":[{"embeddable":true,"href":"https:\/\/ucnoqta.az\/index.php?rest_route=%2Fwp%2Fv2%2Fcomments&post=145164"}],"version-history":[{"count":0,"href":"https:\/\/ucnoqta.az\/index.php?rest_route=\/wp\/v2\/posts\/145164\/revisions"}],"wp:featuredmedia":[{"embeddable":true,"href":"https:\/\/ucnoqta.az\/index.php?rest_route=\/wp\/v2\/media\/251278"}],"wp:attachment":[{"href":"https:\/\/ucnoqta.az\/index.php?rest_route=%2Fwp%2Fv2%2Fmedia&parent=145164"}],"wp:term":[{"taxonomy":"category","embeddable":true,"href":"https:\/\/ucnoqta.az\/index.php?rest_route=%2Fwp%2Fv2%2Fcategories&post=145164"},{"taxonomy":"post_tag","embeddable":true,"href":"https:\/\/ucnoqta.az\/index.php?rest_route=%2Fwp%2Fv2%2Ftags&post=145164"}],"curies":[{"name":"wp","href":"https:\/\/api.w.org\/{rel}","templated":true}]}}