{"id":145161,"date":"2022-04-01T18:55:46","date_gmt":"2022-04-01T14:55:46","guid":{"rendered":""},"modified":"-0001-11-30T00:00:00","modified_gmt":"-0001-11-29T20:00:00","slug":"","status":"publish","type":"post","link":"https:\/\/ucnoqta.az\/?p=145161","title":{"rendered":"Prezident \u0130lham \u018fliyevd\u0259n G\u0259nc\u0259 \u015f\u0259h\u0259ri il\u0259 ba\u011fl\u0131 <font color=red><b>Q\u018fRAR<\/b><\/font>"},"content":{"rendered":"<p><strong>&ldquo;B\u0259l\u0259diyy\u0259l\u0259rin \u0259razil\u0259ri v\u0259 torpaqlar\u0131 haqq\u0131nda&rdquo; Az\u0259rbaycan Respublikas\u0131n\u0131n Qanununa \u0259lav\u0259 edilmi\u015f &ldquo;Az\u0259rbaycan Respublikas\u0131nda b\u0259l\u0259diyy\u0259l\u0259rin siyah\u0131s\u0131&rdquo;na d\u0259yi\u015fiklik edilib.<\/strong><\/p>\n<p>Bu bar\u0259d\u0259 Az\u0259rbaycan Respublikas\u0131 Prezidenti q\u0259rar imzalay\u0131b.<\/p>\n<p>D\u0259yi\u015fikliy\u0259 \u0259sas\u0259n, G\u0259nc\u0259 \u015f\u0259h\u0259ri b\u0259l\u0259diyy\u0259 siyah\u0131s\u0131 a\u015fa\u011f\u0131dak\u0131 redaksiyada t\u0259sdiq edilib:<\/p>\n<p>K\u0259p\u0259z b\u0259l\u0259diyy\u0259si &#8211; Cavadxan, M\u0259hs\u0259ti, N\u0259tavan, Sad\u0131ll\u0131 v\u0259 \u015e\u0131xzamanl\u0131 q\u0259s\u0259b\u0259l\u0259ri, G\u0259nc\u0259 \u015f\u0259h\u0259rinin 1 v\u0259 2 n&ouml;mr\u0259li sah\u0259 inzibati \u0259razi dair\u0259l\u0259rinin \u0259razisini t\u0259\u015fkil ed\u0259n hiss\u0259si;<\/p>\n<p>Nizami b\u0259l\u0259diyy\u0259si &#8211; G\u0259nc\u0259 \u015f\u0259h\u0259rinin 3 v\u0259 4 n&ouml;mr\u0259li sah\u0259 inzibati \u0259razi dair\u0259l\u0259rinin \u0259razisini t\u0259\u015fkil ed\u0259n hiss\u0259si;<\/p>\n<p>Hac\u0131k\u0259nd b\u0259l\u0259diyy\u0259si &#8211; Hac\u0131k\u0259nd v\u0259 G&ouml;yg&ouml;l q\u0259s\u0259b\u0259l\u0259ri.<\/p>\n<p>&nbsp;<\/p>\n","protected":false},"excerpt":{"rendered":"<p>&ldquo;B\u0259l\u0259diyy\u0259l\u0259rin \u0259razil\u0259ri v\u0259 torpaqlar\u0131 haqq\u0131nda&rdquo; Az\u0259rbaycan Respublikas\u0131n\u0131n Qanununa \u0259lav\u0259 edilmi\u015f &ldquo;Az\u0259rbaycan Respublikas\u0131nda b\u0259l\u0259diyy\u0259l\u0259rin siyah\u0131s\u0131&rdquo;na d\u0259yi\u015fiklik edilib. Bu bar\u0259d\u0259 Az\u0259rbaycan Respublikas\u0131 Prezidenti q\u0259rar imzalay\u0131b. D\u0259yi\u015fikliy\u0259 \u0259sas\u0259n, G\u0259nc\u0259 \u015f\u0259h\u0259ri b\u0259l\u0259diyy\u0259 siyah\u0131s\u0131 a\u015fa\u011f\u0131dak\u0131&hellip;<\/p>\n","protected":false},"author":1,"featured_media":251278,"comment_status":"open","ping_status":"open","sticky":false,"template":"","format":"standard","meta":{"_lmt_disableupdate":"","_lmt_disable":"","footnotes":""},"categories":[],"tags":[],"class_list":["post-145161","post","type-post","status-publish","format-standard","has-post-thumbnail","hentry"],"_links":{"self":[{"href":"https:\/\/ucnoqta.az\/index.php?rest_route=\/wp\/v2\/posts\/145161","targetHints":{"allow":["GET"]}}],"collection":[{"href":"https:\/\/ucnoqta.az\/index.php?rest_route=\/wp\/v2\/posts"}],"about":[{"href":"https:\/\/ucnoqta.az\/index.php?rest_route=\/wp\/v2\/types\/post"}],"author":[{"embeddable":true,"href":"https:\/\/ucnoqta.az\/index.php?rest_route=\/wp\/v2\/users\/1"}],"replies":[{"embeddable":true,"href":"https:\/\/ucnoqta.az\/index.php?rest_route=%2Fwp%2Fv2%2Fcomments&post=145161"}],"version-history":[{"count":0,"href":"https:\/\/ucnoqta.az\/index.php?rest_route=\/wp\/v2\/posts\/145161\/revisions"}],"wp:featuredmedia":[{"embeddable":true,"href":"https:\/\/ucnoqta.az\/index.php?rest_route=\/wp\/v2\/media\/251278"}],"wp:attachment":[{"href":"https:\/\/ucnoqta.az\/index.php?rest_route=%2Fwp%2Fv2%2Fmedia&parent=145161"}],"wp:term":[{"taxonomy":"category","embeddable":true,"href":"https:\/\/ucnoqta.az\/index.php?rest_route=%2Fwp%2Fv2%2Fcategories&post=145161"},{"taxonomy":"post_tag","embeddable":true,"href":"https:\/\/ucnoqta.az\/index.php?rest_route=%2Fwp%2Fv2%2Ftags&post=145161"}],"curies":[{"name":"wp","href":"https:\/\/api.w.org\/{rel}","templated":true}]}}