{"id":145159,"date":"2022-04-01T18:51:18","date_gmt":"2022-04-01T14:51:18","guid":{"rendered":""},"modified":"-0001-11-30T00:00:00","modified_gmt":"-0001-11-29T20:00:00","slug":"","status":"publish","type":"post","link":"https:\/\/ucnoqta.az\/?p=145159","title":{"rendered":"D\u00f6vl\u0259t Agentliyi \u015eahbaz Quliyevin etiraz\u0131na m\u00fcnasib\u0259t bildirib"},"content":{"rendered":"<p><strong>&ldquo;Bu g&uuml;n Bak\u0131 \u015f\u0259h\u0259rinin m\u0259rk\u0259zind\u0259 etiraz ed\u0259r\u0259k bir ne&ccedil;\u0259 sosial \u015f\u0259b\u0259k\u0259 s\u0259hif\u0259sin\u0259 m&uuml;sahib\u0259 ver\u0259n T\u0259rt\u0259r rayon Qara\u011fac\u0131 k\u0259ndind\u0259 qeydiyyatda olan Quliyev \u015eahbaz C\u0259lal o\u011fluna 17.06.2021-ci il tarixd\u0259n &uuml;mumi s\u0259b\u0259bd\u0259n II qrup \u0259lillik t\u0259yin edilib. Buna g&ouml;r\u0259 o, ayl\u0131q olaraq 180 manat m\u0259bl\u0259\u011find\u0259 m&uuml;avin\u0259t al\u0131r&rdquo;.<\/strong><\/p>\n<p>Bunu D&ouml;vl\u0259t M\u0259\u015f\u011fulluq Agentliyinin&nbsp;Strateji \u0259laq\u0259l\u0259r departamentinin direktoru Mayis Musayev bildirib. Onun s&ouml;zl\u0259rin\u0259 g&ouml;r\u0259, \u015e. Quliyevin &ccedil;\u0131x\u0131\u015f\u0131nda &ouml;d\u0259ni\u015fd\u0259n imtina edildiyi bar\u0259d\u0259 fikir s\u0259hvdir:<\/p>\n<p>&ldquo;Bel\u0259 ki, m&uuml;avin\u0259tini ayl\u0131q olaraq v\u0259t\u0259nda\u015f &ouml;z bank kart\u0131 vasit\u0259sil\u0259 \u0259ld\u0259 edir. Bununla yana\u015f\u0131, onun h\u0259yat yolda\u015f\u0131 Qarayeva T\u0259ran\u0259 \u015firniyyat sah\u0259si &uuml;zr\u0259, bac\u0131s\u0131 o\u011flu Qarayev R\u0259\u015fad inkubator z\u0259rfi &uuml;zr\u0259 &ouml;z&uuml;n&uuml;m\u0259\u015f\u011fulluq proqram\u0131na c\u0259lb edilib. Yax\u0131n vaxtlarda h\u0259r ikisinin aktivl\u0259rl\u0259 t\u0259min edilm\u0259si n\u0259z\u0259rd\u0259 tutulub. \u015eahbaz Quliyev\u0259 is\u0259 bu ilin 30 mart\u0131nda heyvandarl\u0131q sah\u0259si &uuml;zr\u0259 t\u0259s\u0259rr&uuml;fat\u0131n qurulmas\u0131 t\u0259klif edilib. O &ouml;z t\u0259s\u0259rr&uuml;fat\u0131n\u0131n T\u0259rt\u0259r rayonunda quraca\u011f\u0131n\u0131, g\u0259l\u0259n h\u0259ft\u0259 m\u0259\u015f\u011fulluq filial\u0131na yax\u0131nla\u015faca\u011f\u0131n\u0131 bildirib.<\/p>\n<p>H\u0259m&ccedil;inin, ail\u0259sin\u0259 4 d\u0259f\u0259 s\u0259f\u0259r olunaraq psixo-sosial d\u0259st\u0259k g&ouml;st\u0259rillib.<\/p>\n<p>\u015e.Quliyevin i\u015fl\u0259 t\u0259min edilm\u0259k &uuml;&ccedil;&uuml;n 10 il staj t\u0259l\u0259bi iddias\u0131 is\u0259 h\u0259qiq\u0259ti \u0259ks etdirmir&rdquo; &ndash; o qeyd edib.\/\/\/apa<\/p>\n<p>&nbsp;<\/p>\n","protected":false},"excerpt":{"rendered":"<p>&ldquo;Bu g&uuml;n Bak\u0131 \u015f\u0259h\u0259rinin m\u0259rk\u0259zind\u0259 etiraz ed\u0259r\u0259k bir ne&ccedil;\u0259 sosial \u015f\u0259b\u0259k\u0259 s\u0259hif\u0259sin\u0259 m&uuml;sahib\u0259 ver\u0259n T\u0259rt\u0259r rayon Qara\u011fac\u0131 k\u0259ndind\u0259 qeydiyyatda olan Quliyev \u015eahbaz C\u0259lal o\u011fluna 17.06.2021-ci il tarixd\u0259n &uuml;mumi s\u0259b\u0259bd\u0259n II&hellip;<\/p>\n","protected":false},"author":1,"featured_media":251278,"comment_status":"open","ping_status":"open","sticky":false,"template":"","format":"standard","meta":{"_lmt_disableupdate":"","_lmt_disable":"","footnotes":""},"categories":[101],"tags":[],"class_list":["post-145159","post","type-post","status-publish","format-standard","has-post-thumbnail","hentry","category-cemiyyet"],"_links":{"self":[{"href":"https:\/\/ucnoqta.az\/index.php?rest_route=\/wp\/v2\/posts\/145159","targetHints":{"allow":["GET"]}}],"collection":[{"href":"https:\/\/ucnoqta.az\/index.php?rest_route=\/wp\/v2\/posts"}],"about":[{"href":"https:\/\/ucnoqta.az\/index.php?rest_route=\/wp\/v2\/types\/post"}],"author":[{"embeddable":true,"href":"https:\/\/ucnoqta.az\/index.php?rest_route=\/wp\/v2\/users\/1"}],"replies":[{"embeddable":true,"href":"https:\/\/ucnoqta.az\/index.php?rest_route=%2Fwp%2Fv2%2Fcomments&post=145159"}],"version-history":[{"count":0,"href":"https:\/\/ucnoqta.az\/index.php?rest_route=\/wp\/v2\/posts\/145159\/revisions"}],"wp:featuredmedia":[{"embeddable":true,"href":"https:\/\/ucnoqta.az\/index.php?rest_route=\/wp\/v2\/media\/251278"}],"wp:attachment":[{"href":"https:\/\/ucnoqta.az\/index.php?rest_route=%2Fwp%2Fv2%2Fmedia&parent=145159"}],"wp:term":[{"taxonomy":"category","embeddable":true,"href":"https:\/\/ucnoqta.az\/index.php?rest_route=%2Fwp%2Fv2%2Fcategories&post=145159"},{"taxonomy":"post_tag","embeddable":true,"href":"https:\/\/ucnoqta.az\/index.php?rest_route=%2Fwp%2Fv2%2Ftags&post=145159"}],"curies":[{"name":"wp","href":"https:\/\/api.w.org\/{rel}","templated":true}]}}