{"id":145158,"date":"2022-04-01T18:44:41","date_gmt":"2022-04-01T14:44:41","guid":{"rendered":""},"modified":"-0001-11-30T00:00:00","modified_gmt":"-0001-11-29T20:00:00","slug":"","status":"publish","type":"post","link":"https:\/\/ucnoqta.az\/?p=145158","title":{"rendered":"Az\u0259rbaycanda b\u0259l\u0259diyy\u0259l\u0259rin siyah\u0131s\u0131nda d\u0259yi\u015fiklik edildi"},"content":{"rendered":"<p><strong>Az\u0259rbaycanda b\u0259l\u0259diyy\u0259l\u0259rin siyah\u0131s\u0131nda d\u0259yi\u015fiklik edilib.<\/strong><\/p>\n<p>Bu, Prezident \u0130lham \u018fliyevin &ldquo;B\u0259l\u0259diyy\u0259l\u0259rin \u0259razil\u0259ri v\u0259 torpaqlar\u0131 haqq\u0131nda&rdquo; Az\u0259rbaycan Respublikas\u0131n\u0131n Qanununa \u0259lav\u0259 edilmi\u015f &ldquo;Az\u0259rbaycan Respublikas\u0131nda b\u0259l\u0259diyy\u0259l\u0259rin siyah\u0131s\u0131&rdquo;nda d\u0259yi\u015fiklik edilm\u0259si bar\u0259d\u0259 qanunu imzalamas\u0131 il\u0259 m&uuml;mk&uuml;n olub.<\/p>\n<p>D\u0259yi\u015fikliy\u0259 \u0259sas\u0259n, K\u0259p\u0259z b\u0259l\u0259diyy\u0259sinin \u0259hat\u0259 etdiyi \u0259razi vahidl\u0259rin\u0259 Cavadxan, M\u0259hs\u0259ti, Nat\u0259van, Sad\u0131l\u0131 v\u0259 \u015e\u0131xzamanl\u0131 q\u0259s\u0259b\u0259l\u0259ri, G\u0259nc\u0259 \u015f\u0259h\u0259rinin 3 v\u0259 4 sayl\u0131 sah\u0259 inzibati \u0259razi dair\u0259l\u0259rinin \u0259razisi, Nizami b\u0259l\u0259diyy\u0259sinin \u0259hat\u0259 etdiyi \u0259razi vahidl\u0259rin\u0259 G\u0259nc\u0259 \u015f\u0259h\u0259rinin 1 v\u0259 2 sayl\u0131 sah\u0259 inzibati \u0259razi dair\u0259l\u0259rinin \u0259razisi, Hac\u0131k\u0259nd b\u0259l\u0259diyy\u0259sinin \u0259hat\u0259 etdiyi \u0259razi vahidl\u0259rin\u0259 is\u0259 Hac\u0131k\u0259nd v\u0259 G&ouml;yg&ouml;l q\u0259s\u0259b\u0259l\u0259rinin \u0259razisini t\u0259\u015fkil ed\u0259n hiss\u0259si daxil olacaq.<\/p>\n","protected":false},"excerpt":{"rendered":"<p>Az\u0259rbaycanda b\u0259l\u0259diyy\u0259l\u0259rin siyah\u0131s\u0131nda d\u0259yi\u015fiklik edilib. Bu, Prezident \u0130lham \u018fliyevin &ldquo;B\u0259l\u0259diyy\u0259l\u0259rin \u0259razil\u0259ri v\u0259 torpaqlar\u0131 haqq\u0131nda&rdquo; Az\u0259rbaycan Respublikas\u0131n\u0131n Qanununa \u0259lav\u0259 edilmi\u015f &ldquo;Az\u0259rbaycan Respublikas\u0131nda b\u0259l\u0259diyy\u0259l\u0259rin siyah\u0131s\u0131&rdquo;nda d\u0259yi\u015fiklik edilm\u0259si bar\u0259d\u0259 qanunu imzalamas\u0131 il\u0259 m&uuml;mk&uuml;n&hellip;<\/p>\n","protected":false},"author":1,"featured_media":251278,"comment_status":"open","ping_status":"open","sticky":false,"template":"","format":"standard","meta":{"_lmt_disableupdate":"","_lmt_disable":"","footnotes":""},"categories":[],"tags":[],"class_list":["post-145158","post","type-post","status-publish","format-standard","has-post-thumbnail","hentry"],"_links":{"self":[{"href":"https:\/\/ucnoqta.az\/index.php?rest_route=\/wp\/v2\/posts\/145158","targetHints":{"allow":["GET"]}}],"collection":[{"href":"https:\/\/ucnoqta.az\/index.php?rest_route=\/wp\/v2\/posts"}],"about":[{"href":"https:\/\/ucnoqta.az\/index.php?rest_route=\/wp\/v2\/types\/post"}],"author":[{"embeddable":true,"href":"https:\/\/ucnoqta.az\/index.php?rest_route=\/wp\/v2\/users\/1"}],"replies":[{"embeddable":true,"href":"https:\/\/ucnoqta.az\/index.php?rest_route=%2Fwp%2Fv2%2Fcomments&post=145158"}],"version-history":[{"count":0,"href":"https:\/\/ucnoqta.az\/index.php?rest_route=\/wp\/v2\/posts\/145158\/revisions"}],"wp:featuredmedia":[{"embeddable":true,"href":"https:\/\/ucnoqta.az\/index.php?rest_route=\/wp\/v2\/media\/251278"}],"wp:attachment":[{"href":"https:\/\/ucnoqta.az\/index.php?rest_route=%2Fwp%2Fv2%2Fmedia&parent=145158"}],"wp:term":[{"taxonomy":"category","embeddable":true,"href":"https:\/\/ucnoqta.az\/index.php?rest_route=%2Fwp%2Fv2%2Fcategories&post=145158"},{"taxonomy":"post_tag","embeddable":true,"href":"https:\/\/ucnoqta.az\/index.php?rest_route=%2Fwp%2Fv2%2Ftags&post=145158"}],"curies":[{"name":"wp","href":"https:\/\/api.w.org\/{rel}","templated":true}]}}