{"id":145157,"date":"2022-04-01T18:35:48","date_gmt":"2022-04-01T14:35:48","guid":{"rendered":""},"modified":"-0001-11-30T00:00:00","modified_gmt":"-0001-11-29T20:00:00","slug":"","status":"publish","type":"post","link":"https:\/\/ucnoqta.az\/?p=145157","title":{"rendered":"Prezident \u0130lham \u018fliyev Vahid \u018fhm\u0259dovu t\u0259ltif etdi"},"content":{"rendered":"<p><strong>Vahid Qazm\u0259mm\u0259d o\u011flu \u018fhm\u0259dov &ldquo;Az\u0259rbaycan Respublikas\u0131 Prezidentinin f\u0259xri diplomu&rdquo; il\u0259 t\u0259ltif edilib.<\/strong><\/p>\n<p>Bununla ba\u011fl\u0131 Prezident \u0130lham \u018fliyev s\u0259r\u0259ncam imzalay\u0131b.<\/p>\n<p>O, Az\u0259rbaycan Respublikas\u0131n\u0131n ictimai-siyasi h\u0259yat\u0131nda uzunm&uuml;dd\u0259tli s\u0259m\u0259r\u0259li f\u0259aliyy\u0259tin\u0259 g&ouml;r\u0259 t\u0259ltif olunub.<\/p>\n<p>Qeyd ed\u0259k ki, V.\u018fhm\u0259dov Milli M\u0259clisin deputat\u0131d\u0131r. Sabah onun 75&nbsp;ya\u015f\u0131 tamam olur.<\/p>\n","protected":false},"excerpt":{"rendered":"<p>Vahid Qazm\u0259mm\u0259d o\u011flu \u018fhm\u0259dov &ldquo;Az\u0259rbaycan Respublikas\u0131 Prezidentinin f\u0259xri diplomu&rdquo; il\u0259 t\u0259ltif edilib. Bununla ba\u011fl\u0131 Prezident \u0130lham \u018fliyev s\u0259r\u0259ncam imzalay\u0131b. O, Az\u0259rbaycan Respublikas\u0131n\u0131n ictimai-siyasi h\u0259yat\u0131nda uzunm&uuml;dd\u0259tli s\u0259m\u0259r\u0259li f\u0259aliyy\u0259tin\u0259 g&ouml;r\u0259 t\u0259ltif olunub.&hellip;<\/p>\n","protected":false},"author":1,"featured_media":251278,"comment_status":"open","ping_status":"open","sticky":false,"template":"","format":"standard","meta":{"_lmt_disableupdate":"","_lmt_disable":"","footnotes":""},"categories":[],"tags":[],"class_list":["post-145157","post","type-post","status-publish","format-standard","has-post-thumbnail","hentry"],"_links":{"self":[{"href":"https:\/\/ucnoqta.az\/index.php?rest_route=\/wp\/v2\/posts\/145157","targetHints":{"allow":["GET"]}}],"collection":[{"href":"https:\/\/ucnoqta.az\/index.php?rest_route=\/wp\/v2\/posts"}],"about":[{"href":"https:\/\/ucnoqta.az\/index.php?rest_route=\/wp\/v2\/types\/post"}],"author":[{"embeddable":true,"href":"https:\/\/ucnoqta.az\/index.php?rest_route=\/wp\/v2\/users\/1"}],"replies":[{"embeddable":true,"href":"https:\/\/ucnoqta.az\/index.php?rest_route=%2Fwp%2Fv2%2Fcomments&post=145157"}],"version-history":[{"count":0,"href":"https:\/\/ucnoqta.az\/index.php?rest_route=\/wp\/v2\/posts\/145157\/revisions"}],"wp:featuredmedia":[{"embeddable":true,"href":"https:\/\/ucnoqta.az\/index.php?rest_route=\/wp\/v2\/media\/251278"}],"wp:attachment":[{"href":"https:\/\/ucnoqta.az\/index.php?rest_route=%2Fwp%2Fv2%2Fmedia&parent=145157"}],"wp:term":[{"taxonomy":"category","embeddable":true,"href":"https:\/\/ucnoqta.az\/index.php?rest_route=%2Fwp%2Fv2%2Fcategories&post=145157"},{"taxonomy":"post_tag","embeddable":true,"href":"https:\/\/ucnoqta.az\/index.php?rest_route=%2Fwp%2Fv2%2Ftags&post=145157"}],"curies":[{"name":"wp","href":"https:\/\/api.w.org\/{rel}","templated":true}]}}