{"id":145149,"date":"2022-04-01T16:20:38","date_gmt":"2022-04-01T12:20:38","guid":{"rendered":""},"modified":"-0001-11-30T00:00:00","modified_gmt":"-0001-11-29T20:00:00","slug":"","status":"publish","type":"post","link":"https:\/\/ucnoqta.az\/?p=145149","title":{"rendered":"Deputat \u0259rzaq t\u0259hl\u00fck\u0259sizliyind\u0259n<font color=red><b> DANI\u015eDI<\/b><\/font>"},"content":{"rendered":"<p><strong>Az\u0259rbaycan d&ouml;vl\u0259ti \u0259rzaq t\u0259hl&uuml;k\u0259sizliyinin t\u0259min olunmas\u0131 &uuml;&ccedil;&uuml;n qabaqlay\u0131c\u0131 t\u0259dbirl\u0259r h\u0259yata ke&ccedil;irm\u0259kd\u0259dir.&nbsp;<\/strong><\/p>\n<p>Bunu&nbsp;&quot;Unikal&quot;a a&ccedil;\u0131qlamas\u0131nda Milli M\u0259clisin Aqrar siyas\u0259t komit\u0259sinin s\u0259dri, deputat Tahir Rzayev deyib. Komit\u0259 s\u0259dri bildirib ki, \u0259rzaq t\u0259hl&uuml;k\u0259sizliyi d&uuml;nya &ouml;lk\u0259l\u0259rini narahat ed\u0259n \u0259sas m\u0259s\u0259l\u0259l\u0259rd\u0259n biridir:<\/p>\n<p>&quot;M&uuml;harib\u0259l\u0259r, iqlim d\u0259yi\u015fikliyi v\u0259 t\u0259bii hadis\u0259l\u0259r d&uuml;nya &ouml;lk\u0259l\u0259rini \u0259rzaq problemini daha ciddi aradan qald\u0131rma\u011fa vadar edir. Bu istiqam\u0259td\u0259 bir &ccedil;ox t\u0259dbirl\u0259rin h\u0259yata ke&ccedil;irilm\u0259si z\u0259rur\u0259t\u0259 &ccedil;evrilib. Az\u0259rbaycan da bu m\u0259s\u0259l\u0259l\u0259rd\u0259n k\u0259narda qala bilm\u0259z. S&ouml;zs&uuml;z ki, bu probleml\u0259ri biz d\u0259 ya\u015fay\u0131r\u0131q. Lakin, &ouml;lk\u0259nin t\u0259bii \u015f\u0259raiti, sabitlik, sosial-iqtisadi inki\u015faf sah\u0259sind\u0259 h\u0259yata ke&ccedil;iril\u0259n t\u0259dbirl\u0259r &ouml;lk\u0259 v\u0259t\u0259nda\u015flar\u0131n\u0131 \u0259rzaqla imtahana &ccedil;\u0259km\u0259yib. Bu g&uuml;n m&uuml;\u0259yy\u0259n ehtiyatlar\u0131m\u0131z var. Amma bununla kifay\u0259tl\u0259nm\u0259k olmaz&quot;.<\/p>\n<p>Deputat qeyd edib ki, biz bir &ccedil;ox \u0259rzaq m\u0259hsullar\u0131n\u0131 \u0259sas\u0259n Rusiya v\u0259 Ukraynadan idxal edirik:<\/p>\n<p>&quot;M\u0259lum oldu\u011fu kimi, h\u0259min &ouml;lk\u0259l\u0259r m&uuml;harib\u0259 \u015f\u0259raitind\u0259dir. Bu &ouml;lk\u0259l\u0259rin &ouml;z&uuml;nd\u0259 \u0259rza\u011fa t\u0259l\u0259bat art\u0131b. Dem\u0259k olar ki, idxal m\u0259s\u0259l\u0259l\u0259ri &ccedil;\u0259tinl\u0259\u015fib. Bu, son zamanlar &ouml;z&uuml;n&uuml; ayd\u0131n \u015f\u0259kild\u0259 g&ouml;st\u0259rir. Un v\u0259 un m\u0259mulatlar\u0131n\u0131n qiym\u0259tinin artmas\u0131, &nbsp;bitki ya\u011flar\u0131n\u0131n qiym\u0259tind\u0259 ba\u015f ver\u0259n d\u0259yi\u015fiklikl\u0259r g&ouml;st\u0259rir ki, m&uuml;h&uuml;m qabaqlay\u0131c\u0131 t\u0259dbirl\u0259r g&ouml;rm\u0259liyik. \u0130ki milyon tona yax\u0131n bu\u011fdan\u0131 &ouml;z&uuml;m&uuml;z istehsal edirik, amma t\u0259l\u0259bat 3,4 milyon tondan &ccedil;oxdur. Qalan 1 milyon 400 min ton tax\u0131l\u0131 k\u0259nardan idxal edirik. Ona g&ouml;r\u0259 m&uuml;tl\u0259q &ouml;lk\u0259d\u0259 tax\u0131la olan t\u0259l\u0259bat &ouml;d\u0259nilm\u0259lidir. M\u0259hsuldarl\u0131q, sah\u0259l\u0259rin geni\u015fl\u0259ndirilm\u0259si, m&uuml;asir texnologiyalar\u0131n t\u0259tbiqi hesab\u0131na bunu t\u0259min etm\u0259k olar. Dig\u0259r m\u0259s\u0259l\u0259l\u0259rd\u0259 d\u0259 qabaqlay\u0131c\u0131 t\u0259dbirl\u0259r g&ouml;r&uuml;lm\u0259lidir. Art\u0131q bu istiqam\u0259td\u0259 add\u0131mlar at\u0131l\u0131r. Nazirl\u0259r Kabinetinin q\u0259rar\u0131 var ki, &ouml;lk\u0259d\u0259n xaric\u0259 ixrac olunan \u0259rzaq m\u0259hsullar\u0131 d\u0259qiql\u0259\u015fdirilsin, m&uuml;vafiq orqanlar bu bar\u0259d\u0259 m\u0259lumatland\u0131r\u0131ls\u0131n. H\u0259m&ccedil;inin, \u0259rzaq m\u0259hsullar\u0131n\u0131n k&uuml;tl\u0259vi halda &ouml;lk\u0259d\u0259n &ccedil;\u0131xar\u0131lmas\u0131 m\u0259hdudla\u015fd\u0131r\u0131l\u0131r. Bu onu dem\u0259y\u0259 \u0259sas verir ki, v\u0259t\u0259nda\u015flar\u0131m\u0131z\u0131n \u0259rza\u011fa olan t\u0259l\u0259bat\u0131n\u0131n &ouml;d\u0259nilm\u0259si il\u0259 \u0259laq\u0259dar h&ouml;kum\u0259tin t\u0259klifl\u0259ri diqq\u0259t m\u0259rk\u0259zind\u0259dir&quot;.<\/p>\n","protected":false},"excerpt":{"rendered":"<p>Az\u0259rbaycan d&ouml;vl\u0259ti \u0259rzaq t\u0259hl&uuml;k\u0259sizliyinin t\u0259min olunmas\u0131 &uuml;&ccedil;&uuml;n qabaqlay\u0131c\u0131 t\u0259dbirl\u0259r h\u0259yata ke&ccedil;irm\u0259kd\u0259dir.&nbsp; Bunu&nbsp;&quot;Unikal&quot;a a&ccedil;\u0131qlamas\u0131nda Milli M\u0259clisin Aqrar siyas\u0259t komit\u0259sinin s\u0259dri, deputat Tahir Rzayev deyib. Komit\u0259 s\u0259dri bildirib ki, \u0259rzaq t\u0259hl&uuml;k\u0259sizliyi d&uuml;nya&hellip;<\/p>\n","protected":false},"author":1,"featured_media":251278,"comment_status":"open","ping_status":"open","sticky":false,"template":"","format":"standard","meta":{"_lmt_disableupdate":"","_lmt_disable":"","footnotes":""},"categories":[101],"tags":[],"class_list":["post-145149","post","type-post","status-publish","format-standard","has-post-thumbnail","hentry","category-cemiyyet"],"_links":{"self":[{"href":"https:\/\/ucnoqta.az\/index.php?rest_route=\/wp\/v2\/posts\/145149","targetHints":{"allow":["GET"]}}],"collection":[{"href":"https:\/\/ucnoqta.az\/index.php?rest_route=\/wp\/v2\/posts"}],"about":[{"href":"https:\/\/ucnoqta.az\/index.php?rest_route=\/wp\/v2\/types\/post"}],"author":[{"embeddable":true,"href":"https:\/\/ucnoqta.az\/index.php?rest_route=\/wp\/v2\/users\/1"}],"replies":[{"embeddable":true,"href":"https:\/\/ucnoqta.az\/index.php?rest_route=%2Fwp%2Fv2%2Fcomments&post=145149"}],"version-history":[{"count":0,"href":"https:\/\/ucnoqta.az\/index.php?rest_route=\/wp\/v2\/posts\/145149\/revisions"}],"wp:featuredmedia":[{"embeddable":true,"href":"https:\/\/ucnoqta.az\/index.php?rest_route=\/wp\/v2\/media\/251278"}],"wp:attachment":[{"href":"https:\/\/ucnoqta.az\/index.php?rest_route=%2Fwp%2Fv2%2Fmedia&parent=145149"}],"wp:term":[{"taxonomy":"category","embeddable":true,"href":"https:\/\/ucnoqta.az\/index.php?rest_route=%2Fwp%2Fv2%2Fcategories&post=145149"},{"taxonomy":"post_tag","embeddable":true,"href":"https:\/\/ucnoqta.az\/index.php?rest_route=%2Fwp%2Fv2%2Ftags&post=145149"}],"curies":[{"name":"wp","href":"https:\/\/api.w.org\/{rel}","templated":true}]}}