{"id":145148,"date":"2022-04-01T16:05:55","date_gmt":"2022-04-01T12:05:55","guid":{"rendered":""},"modified":"-0001-11-30T00:00:00","modified_gmt":"-0001-11-29T20:00:00","slug":"","status":"publish","type":"post","link":"https:\/\/ucnoqta.az\/?p=145148","title":{"rendered":"Flora K\u0259rimovan\u0131n Af\u0259t F\u0259rmanq\u0131z\u0131 bar\u0259d\u0259 \u015fikay\u0259ti icraata g\u00f6t\u00fcr\u00fcl\u00fcb"},"content":{"rendered":"<p><strong>Xalq artisti Flora K\u0259rimovan\u0131n m&uuml;\u011f\u0259nni Af\u0259t F\u0259rmanq\u0131z\u0131 bar\u0259sind\u0259 x&uuml;susi ittiham qaydas\u0131nda verdiyi \u015fikay\u0259tl\u0259 ba\u011fl\u0131 m\u0259hk\u0259m\u0259 iclas\u0131 ke&ccedil;irilib.<\/strong><\/p>\n<p>&nbsp;Bin\u0259q\u0259di Rayon M\u0259hk\u0259m\u0259sind\u0259 hakim Mahir\u0259 Kaz\u0131movan\u0131n s\u0259drliyi il\u0259 ke&ccedil;iril\u0259n prosesd\u0259 x&uuml;susi ittiham&ccedil;\u0131n\u0131n v\u0259kili Xav\u0259r \u0130smay\u0131lova \u015fikay\u0259t d\u0259lill\u0259rini m\u0259hk\u0259m\u0259nin diqq\u0259tin\u0259 &ccedil;atd\u0131r\u0131b.<\/p>\n<p>Flora K\u0259rimova m&uuml;dafi\u0259&ccedil;isinin &ccedil;\u0131x\u0131\u015f\u0131n\u0131 m&uuml;dafi\u0259 ed\u0259r\u0259k qar\u015f\u0131 t\u0259r\u0259fd\u0259n t\u0259hqir v\u0259 b&ouml;hranlara m\u0259ruz qald\u0131\u011f\u0131n\u0131 deyib.<\/p>\n<p>Af\u0259t F\u0259rmanq\u0131z\u0131 is\u0259 s\u0259hh\u0259ti il\u0259 ba\u011fl\u0131 m&uuml;alic\u0259d\u0259 oldu\u011fu &uuml;&ccedil;&uuml;n m\u0259hk\u0259m\u0259d\u0259 i\u015ftirak etm\u0259yib.<\/p>\n<p>Xalq artisti Af\u0259t F\u0259rmanq\u0131z\u0131n\u0131n bar\u0259sind\u0259 dedikl\u0259rini \u015f\u0259xsiyy\u0259tin\u0259 h&ouml;rm\u0259tsizlik hesab etdiyini bildir\u0259r\u0259k \u015fikay\u0259tinin icraata q\u0259bul olunmas\u0131n\u0131 xahi\u015f edib.<\/p>\n<p>Af\u0259t F\u0259rmanq\u0131z\u0131n\u0131n v\u0259kili is\u0259 x&uuml;susi ittiham&ccedil;\u0131n\u0131n dedikl\u0259rini inkar edib. O, t\u0259hqir hesab olunan ifad\u0259l\u0259rd\u0259 Flora K\u0259rimovan\u0131n ad\u0131n\u0131n ke&ccedil;m\u0259diyini diqq\u0259t\u0259 &ccedil;atd\u0131r\u0131b.<\/p>\n<p>M\u0259hk\u0259m\u0259nin q\u0259rar\u0131na \u0259sas\u0259n, x&uuml;susi ittiham qaydas\u0131nda verilmi\u015f \u015fikay\u0259t icraata g&ouml;t&uuml;r&uuml;l&uuml;b.<\/p>\n<p>Qeyd ed\u0259k ki, Xalq artisti Flora K\u0259rimova m&uuml;\u011f\u0259nni Af\u0259t F\u0259rmanq\u0131z\u0131n\u0131 onu t\u0259hqir etdiyi &uuml;&ccedil;&uuml;n Cinay\u0259t M\u0259c\u0259ll\u0259sinin 147-ci (b&ouml;htan) v\u0259 148-ci (t\u0259hqir) madd\u0259l\u0259ri il\u0259 ittiham olunmas\u0131n\u0131 t\u0259l\u0259b edib.\/\/\/apa<\/p>\n","protected":false},"excerpt":{"rendered":"<p>Xalq artisti Flora K\u0259rimovan\u0131n m&uuml;\u011f\u0259nni Af\u0259t F\u0259rmanq\u0131z\u0131 bar\u0259sind\u0259 x&uuml;susi ittiham qaydas\u0131nda verdiyi \u015fikay\u0259tl\u0259 ba\u011fl\u0131 m\u0259hk\u0259m\u0259 iclas\u0131 ke&ccedil;irilib. &nbsp;Bin\u0259q\u0259di Rayon M\u0259hk\u0259m\u0259sind\u0259 hakim Mahir\u0259 Kaz\u0131movan\u0131n s\u0259drliyi il\u0259 ke&ccedil;iril\u0259n prosesd\u0259 x&uuml;susi ittiham&ccedil;\u0131n\u0131n v\u0259kili&hellip;<\/p>\n","protected":false},"author":1,"featured_media":251278,"comment_status":"open","ping_status":"open","sticky":false,"template":"","format":"standard","meta":{"_lmt_disableupdate":"","_lmt_disable":"","footnotes":""},"categories":[],"tags":[],"class_list":["post-145148","post","type-post","status-publish","format-standard","has-post-thumbnail","hentry"],"_links":{"self":[{"href":"https:\/\/ucnoqta.az\/index.php?rest_route=\/wp\/v2\/posts\/145148","targetHints":{"allow":["GET"]}}],"collection":[{"href":"https:\/\/ucnoqta.az\/index.php?rest_route=\/wp\/v2\/posts"}],"about":[{"href":"https:\/\/ucnoqta.az\/index.php?rest_route=\/wp\/v2\/types\/post"}],"author":[{"embeddable":true,"href":"https:\/\/ucnoqta.az\/index.php?rest_route=\/wp\/v2\/users\/1"}],"replies":[{"embeddable":true,"href":"https:\/\/ucnoqta.az\/index.php?rest_route=%2Fwp%2Fv2%2Fcomments&post=145148"}],"version-history":[{"count":0,"href":"https:\/\/ucnoqta.az\/index.php?rest_route=\/wp\/v2\/posts\/145148\/revisions"}],"wp:featuredmedia":[{"embeddable":true,"href":"https:\/\/ucnoqta.az\/index.php?rest_route=\/wp\/v2\/media\/251278"}],"wp:attachment":[{"href":"https:\/\/ucnoqta.az\/index.php?rest_route=%2Fwp%2Fv2%2Fmedia&parent=145148"}],"wp:term":[{"taxonomy":"category","embeddable":true,"href":"https:\/\/ucnoqta.az\/index.php?rest_route=%2Fwp%2Fv2%2Fcategories&post=145148"},{"taxonomy":"post_tag","embeddable":true,"href":"https:\/\/ucnoqta.az\/index.php?rest_route=%2Fwp%2Fv2%2Ftags&post=145148"}],"curies":[{"name":"wp","href":"https:\/\/api.w.org\/{rel}","templated":true}]}}