{"id":145145,"date":"2022-04-01T15:50:54","date_gmt":"2022-04-01T11:50:54","guid":{"rendered":""},"modified":"-0001-11-30T00:00:00","modified_gmt":"-0001-11-29T20:00:00","slug":"","status":"publish","type":"post","link":"https:\/\/ucnoqta.az\/?p=145145","title":{"rendered":"Milli Q\u0259hr\u0259man \u015e\u00fck\u00fcr H\u0259midovun an\u0131m m\u0259rasimi ke\u00e7irilib &#8211; <font color=red><b>FOTO<\/b><\/font>"},"content":{"rendered":"<p><strong>Aprelin 1-d\u0259 \u0130kinci \u015e\u0259hidl\u0259r xiyaban\u0131nda Az\u0259rbaycan\u0131n Milli Q\u0259hr\u0259man\u0131, V\u0259t\u0259n m&uuml;harib\u0259sinin \u015f\u0259hidi polkovnik \u015e&uuml;k&uuml;r H\u0259midovun do\u011fum g&uuml;n&uuml; m&uuml;nasib\u0259til\u0259 an\u0131m t\u0259dbiri ke&ccedil;irilib.<\/strong><\/p>\n<p>Bu bar\u0259d\u0259 Ucnoqta.az-a M&uuml;dafi\u0259 Nazirliyind\u0259n m\u0259lumat verilib.<\/p>\n<p>M&uuml;dafi\u0259 Nazirliyinin bir qrup zabiti, Qubadl\u0131 rayon \u0130cra Hakimiyy\u0259tinin v\u0259 Qubadl\u0131 rayon M\u0259d\u0259niyy\u0259t Evinin \u0259m\u0259kda\u015flar\u0131, V\u0259t\u0259n m&uuml;harib\u0259sinin i\u015ftirak&ccedil;\u0131lar\u0131, ictimaiyy\u0259t n&uuml;may\u0259nd\u0259l\u0259ri, Milli Q\u0259hr\u0259man\u0131n ail\u0259 &uuml;zvl\u0259ri v\u0259 d&ouml;y&uuml;\u015f yolda\u015flar\u0131 onun m\u0259zar\u0131n\u0131 ziyar\u0259t edib, &ouml;n&uuml;n\u0259 \u0259klil v\u0259 g&uuml;l d\u0259st\u0259l\u0259ri qoyublar.<\/p>\n<p>An\u0131m m\u0259rasimind\u0259 \u0259vv\u0259lc\u0259 xalq\u0131m\u0131z\u0131n &uuml;mummilli lideri Heyd\u0259r \u018fliyevin, Az\u0259rbaycan\u0131n suverenliyi, \u0259razi b&uuml;t&ouml;vl&uuml;y&uuml; v\u0259 torpaqlar\u0131m\u0131z\u0131n azadl\u0131\u011f\u0131 u\u011frunda can\u0131ndan ke&ccedil;\u0259n V\u0259t\u0259n &ouml;vladlar\u0131n\u0131n xatir\u0259si bir d\u0259qiq\u0259lik s&uuml;kutla yad edilib. H\u0259rbi orkestrin ifas\u0131nda Az\u0259rbaycan D&ouml;vl\u0259t himni s\u0259sl\u0259ndirilib.<\/p>\n<p>&Ccedil;\u0131x\u0131\u015f ed\u0259nl\u0259r q\u0259hr\u0259man\u0131m\u0131z\u0131n \u015f\u0259r\u0259fli h\u0259yat yolundan, v\u0259t\u0259np\u0259rv\u0259r zabit kimi V\u0259t\u0259n\u0259 q&uuml;sursuz xidm\u0259tind\u0259n, x&uuml;susil\u0259 d\u0259 Aprel d&ouml;y&uuml;\u015fl\u0259ri v\u0259 V\u0259t\u0259n m&uuml;harib\u0259si zaman\u0131 g&ouml;st\u0259rdiyi \u015f&uuml;ca\u0259t v\u0259 igidliyind\u0259n dan\u0131\u015f\u0131blar.<\/p>\n<p>\u015e&uuml;k&uuml;r H\u0259midovun q\u0259hr\u0259manl\u0131\u011f\u0131n\u0131n Silahl\u0131 Q&uuml;vv\u0259l\u0259rin Ali Ba\u015f Komandan\u0131 c\u0259nab \u0130lham \u018fliyev t\u0259r\u0259find\u0259n y&uuml;ks\u0259k qiym\u0259tl\u0259ndirildiyi, m&uuml;xt\u0259lif orden v\u0259 medallara t\u0259ltif olundu\u011fu x&uuml;susi vur\u011fulan\u0131b.<\/p>\n<p>Milli Q\u0259hr\u0259man\u0131n atas\u0131 N\u0259riman H\u0259midov g&ouml;st\u0259ril\u0259n diqq\u0259t v\u0259 qay\u011f\u0131ya, el\u0259c\u0259 d\u0259 \u015f\u0259hidl\u0259rin xatir\u0259l\u0259rinin daim uca tutuldu\u011funa g&ouml;r\u0259 Az\u0259rbaycanda Prezidentin\u0259 v\u0259 M&uuml;dafi\u0259 Nazirliyinin r\u0259hb\u0259rliyin\u0259 d\u0259rin minn\u0259tdarl\u0131\u011f\u0131n\u0131 bildirib.<\/p>\n<p>An\u0131m t\u0259dbiri Sumqay\u0131t \u015f\u0259h\u0259rind\u0259 \u015f\u0259hid zabitin \u015f\u0259r\u0259fin\u0259 in\u015fa edil\u0259n xatir\u0259 abid\u0259sinin v\u0259 Qubadl\u0131 rayonu Az\u0259rbaycan\u0131n Milli Q\u0259hr\u0259man\u0131 \u015e&uuml;k&uuml;r H\u0259midov ad\u0131na Xanl\u0131q k\u0259nd 3 n&ouml;mr\u0259li tam orta m\u0259kt\u0259bin ziyar\u0259t olunmas\u0131 il\u0259 davam edib.<\/p>\n<p>&nbsp;<\/p>\n","protected":false},"excerpt":{"rendered":"<p>Aprelin 1-d\u0259 \u0130kinci \u015e\u0259hidl\u0259r xiyaban\u0131nda Az\u0259rbaycan\u0131n Milli Q\u0259hr\u0259man\u0131, V\u0259t\u0259n m&uuml;harib\u0259sinin \u015f\u0259hidi polkovnik \u015e&uuml;k&uuml;r H\u0259midovun do\u011fum g&uuml;n&uuml; m&uuml;nasib\u0259til\u0259 an\u0131m t\u0259dbiri ke&ccedil;irilib. Bu bar\u0259d\u0259 Ucnoqta.az-a M&uuml;dafi\u0259 Nazirliyind\u0259n m\u0259lumat verilib. M&uuml;dafi\u0259 Nazirliyinin bir&hellip;<\/p>\n","protected":false},"author":1,"featured_media":251278,"comment_status":"open","ping_status":"open","sticky":false,"template":"","format":"standard","meta":{"_lmt_disableupdate":"","_lmt_disable":"","footnotes":""},"categories":[101],"tags":[],"class_list":["post-145145","post","type-post","status-publish","format-standard","has-post-thumbnail","hentry","category-cemiyyet"],"_links":{"self":[{"href":"https:\/\/ucnoqta.az\/index.php?rest_route=\/wp\/v2\/posts\/145145","targetHints":{"allow":["GET"]}}],"collection":[{"href":"https:\/\/ucnoqta.az\/index.php?rest_route=\/wp\/v2\/posts"}],"about":[{"href":"https:\/\/ucnoqta.az\/index.php?rest_route=\/wp\/v2\/types\/post"}],"author":[{"embeddable":true,"href":"https:\/\/ucnoqta.az\/index.php?rest_route=\/wp\/v2\/users\/1"}],"replies":[{"embeddable":true,"href":"https:\/\/ucnoqta.az\/index.php?rest_route=%2Fwp%2Fv2%2Fcomments&post=145145"}],"version-history":[{"count":0,"href":"https:\/\/ucnoqta.az\/index.php?rest_route=\/wp\/v2\/posts\/145145\/revisions"}],"wp:featuredmedia":[{"embeddable":true,"href":"https:\/\/ucnoqta.az\/index.php?rest_route=\/wp\/v2\/media\/251278"}],"wp:attachment":[{"href":"https:\/\/ucnoqta.az\/index.php?rest_route=%2Fwp%2Fv2%2Fmedia&parent=145145"}],"wp:term":[{"taxonomy":"category","embeddable":true,"href":"https:\/\/ucnoqta.az\/index.php?rest_route=%2Fwp%2Fv2%2Fcategories&post=145145"},{"taxonomy":"post_tag","embeddable":true,"href":"https:\/\/ucnoqta.az\/index.php?rest_route=%2Fwp%2Fv2%2Ftags&post=145145"}],"curies":[{"name":"wp","href":"https:\/\/api.w.org\/{rel}","templated":true}]}}