{"id":145143,"date":"2022-04-01T15:38:57","date_gmt":"2022-04-01T11:38:57","guid":{"rendered":""},"modified":"-0001-11-30T00:00:00","modified_gmt":"-0001-11-29T20:00:00","slug":"","status":"publish","type":"post","link":"https:\/\/ucnoqta.az\/?p=145143","title":{"rendered":"\u201cZelenski v\u0259 Putin \u0130stanbulda g\u00f6r\u00fc\u015fm\u0259y\u0259 m\u00fcsb\u0259t yana\u015f\u0131r\u201d &#8211; <font color=red><b>\u018frdo\u011fan<\/b><\/font>"},"content":{"rendered":"<p><strong>&ldquo;Kr\u0131m v\u0259 Donbas m\u0259s\u0259l\u0259sind\u0259 bir add\u0131m\u0131n at\u0131lmas\u0131 &uuml;&ccedil;&uuml;n bunu \u0259n y&uuml;ks\u0259k s\u0259viyy\u0259d\u0259 liderl\u0259rl\u0259 m&uuml;zakir\u0259 edirik. Bu m\u0259s\u0259l\u0259 il\u0259 ba\u011fl\u0131 dan\u0131\u015f\u0131qlara ev sahibliyi ed\u0259c\u0259yimizi d\u0259 t\u0259r\u0259fl\u0259r\u0259 bildirdik&rdquo;.<\/strong><\/p>\n<p>Bunu T&uuml;rkiy\u0259 Prezidenti R\u0259c\u0259b Tayyib \u018frdo\u011fan s&ouml;yl\u0259yib.<\/p>\n<p>&ldquo;Volodimir Zelenskinin m&uuml;sb\u0259t yana\u015fmas\u0131 var, Vladimir Putin d\u0259 buna m&uuml;sb\u0259t yana\u015f\u0131rd\u0131. &Uuml;mid edir\u0259m ki, bug&uuml;nk&uuml; telefon dan\u0131\u015f\u0131\u011f\u0131 il\u0259 \u0130stanbulda liderl\u0259r zirv\u0259sini ger&ccedil;\u0259kl\u0259\u015fdirm\u0259k m\u0259s\u0259l\u0259sind\u0259 n\u0259tic\u0259 \u0259ld\u0259 ed\u0259 bil\u0259c\u0259yik&rdquo;, &#8211; o bildirib.<\/p>\n<p>Qeyd ed\u0259k ki, bu g&uuml;n T&uuml;rkiy\u0259 Prezidenti R\u0259c\u0259b Tayyib \u018frdo\u011fan v\u0259 Rusiya Prezidenti Vladimir Putin aras\u0131nda telefon dan\u0131\u015f\u0131\u011f\u0131 olacaq.<\/p>\n","protected":false},"excerpt":{"rendered":"<p>&ldquo;Kr\u0131m v\u0259 Donbas m\u0259s\u0259l\u0259sind\u0259 bir add\u0131m\u0131n at\u0131lmas\u0131 &uuml;&ccedil;&uuml;n bunu \u0259n y&uuml;ks\u0259k s\u0259viyy\u0259d\u0259 liderl\u0259rl\u0259 m&uuml;zakir\u0259 edirik. Bu m\u0259s\u0259l\u0259 il\u0259 ba\u011fl\u0131 dan\u0131\u015f\u0131qlara ev sahibliyi ed\u0259c\u0259yimizi d\u0259 t\u0259r\u0259fl\u0259r\u0259 bildirdik&rdquo;. Bunu T&uuml;rkiy\u0259 Prezidenti R\u0259c\u0259b&hellip;<\/p>\n","protected":false},"author":1,"featured_media":251278,"comment_status":"open","ping_status":"open","sticky":false,"template":"","format":"standard","meta":{"_lmt_disableupdate":"","_lmt_disable":"","footnotes":""},"categories":[89],"tags":[],"class_list":["post-145143","post","type-post","status-publish","format-standard","has-post-thumbnail","hentry","category-dunya-butun-xeberler"],"_links":{"self":[{"href":"https:\/\/ucnoqta.az\/index.php?rest_route=\/wp\/v2\/posts\/145143","targetHints":{"allow":["GET"]}}],"collection":[{"href":"https:\/\/ucnoqta.az\/index.php?rest_route=\/wp\/v2\/posts"}],"about":[{"href":"https:\/\/ucnoqta.az\/index.php?rest_route=\/wp\/v2\/types\/post"}],"author":[{"embeddable":true,"href":"https:\/\/ucnoqta.az\/index.php?rest_route=\/wp\/v2\/users\/1"}],"replies":[{"embeddable":true,"href":"https:\/\/ucnoqta.az\/index.php?rest_route=%2Fwp%2Fv2%2Fcomments&post=145143"}],"version-history":[{"count":0,"href":"https:\/\/ucnoqta.az\/index.php?rest_route=\/wp\/v2\/posts\/145143\/revisions"}],"wp:featuredmedia":[{"embeddable":true,"href":"https:\/\/ucnoqta.az\/index.php?rest_route=\/wp\/v2\/media\/251278"}],"wp:attachment":[{"href":"https:\/\/ucnoqta.az\/index.php?rest_route=%2Fwp%2Fv2%2Fmedia&parent=145143"}],"wp:term":[{"taxonomy":"category","embeddable":true,"href":"https:\/\/ucnoqta.az\/index.php?rest_route=%2Fwp%2Fv2%2Fcategories&post=145143"},{"taxonomy":"post_tag","embeddable":true,"href":"https:\/\/ucnoqta.az\/index.php?rest_route=%2Fwp%2Fv2%2Ftags&post=145143"}],"curies":[{"name":"wp","href":"https:\/\/api.w.org\/{rel}","templated":true}]}}