{"id":145134,"date":"2022-04-01T16:16:49","date_gmt":"2022-04-01T12:16:49","guid":{"rendered":""},"modified":"-0001-11-30T00:00:00","modified_gmt":"-0001-11-29T20:00:00","slug":"","status":"publish","type":"post","link":"https:\/\/ucnoqta.az\/?p=145134","title":{"rendered":"Hac\u0131 \u015eahin x\u00fctb\u0259 zaman\u0131 ba\u015f ver\u0259n t\u0259xribatdan<font color=red><b> DANI\u015eDI &#8211; YEN\u0130L\u018fN\u0130B<\/b><\/font>"},"content":{"rendered":"<p><strong>Qafqaz M&uuml;s\u0259lmanlar\u0131 \u0130dar\u0259sinin (QM\u0130) s\u0259lahiyy\u0259tli n&uuml;may\u0259nd\u0259si, &ldquo;M\u0259\u015f\u0259di Dada\u015f&rdquo; m\u0259scidind\u0259 imam-camaat\u0131 Hac\u0131 \u015eahin H\u0259s\u0259nli c&uuml;m\u0259 x&uuml;tb\u0259si zaman\u0131 ba\u015f ver\u0259n hadis\u0259d\u0259n dan\u0131\u015f\u0131b.&nbsp;<\/strong><\/p>\n<p>&ldquo;Qafqazinfo&rdquo;ya a&ccedil;\u0131qlama ver\u0259n Hac\u0131 \u015eahin qeyd edib ki, x&uuml;tb\u0259 zaman\u0131 bir n\u0259f\u0259r aya\u011fa qalxaraq anla\u015f\u0131lmaz, bir-biri il\u0259 \u0259laq\u0259si olmayan s&ouml;zl\u0259r dem\u0259y\u0259 ba\u015flay\u0131b:<\/p>\n<p>&ldquo;H\u0259min \u015f\u0259xs m\u0259scidin xidm\u0259t&ccedil;il\u0259ri v\u0259 m&uuml;hafiz\u0259&ccedil;il\u0259ri t\u0259r\u0259find\u0259n k\u0259narla\u015fd\u0131r\u0131ld\u0131. Sonra onunla m\u0259scidin yax\u0131nl\u0131\u011f\u0131nda olan, t\u0259hl&uuml;k\u0259sizliyi t\u0259min ed\u0259n h&uuml;quq-m&uuml;hafiz\u0259 orqanlar\u0131 \u0259m\u0259kda\u015flar\u0131 dan\u0131\u015fd\u0131lar. Daha sonra h\u0259min \u015f\u0259xsin ruhi x\u0259st\u0259 oldu\u011fu v\u0259 bundan \u0259vv\u0259l d\u0259 bir ne&ccedil;\u0259 m\u0259scid\u0259 ged\u0259r\u0259k &ouml;z&uuml;n&uuml;n Mehdi oldu\u011funu v\u0259 ona v\u0259hy g\u0259ldiyini bildirdiyi b\u0259lli oldu&rdquo;.<\/p>\n<p><strong>14:33<\/strong><\/p>\n<p>Qafqaz M&uuml;s\u0259lmanlar\u0131 \u0130dar\u0259sinin N\u0259simi rayonu &uuml;zr\u0259 n&uuml;may\u0259nd\u0259si olan \u015eahin H\u0259s\u0259nli (Hac\u0131 \u015eahin) &ccedil;\u0131x\u0131\u015f\u0131 zaman\u0131 t\u0259xribatla &uuml;zl\u0259\u015fib.&nbsp;<\/p>\n<p>\nOxu.Az&nbsp;x\u0259b\u0259r verir ki, hadis\u0259 din xadiminin \u0259n\u0259n\u0259vi c&uuml;m\u0259 x&uuml;tb\u0259si zaman\u0131 ba\u015f verib.&nbsp;<\/p>\n<p>Bel\u0259 ki, x&uuml;tb\u0259d\u0259 i\u015ftirak ed\u0259n \u015f\u0259xsl\u0259rd\u0259n biri&nbsp;&ccedil;\u0131x\u0131\u015f\u0131 zaman\u0131&nbsp;Hac\u0131 \u015eahini t\u0259hqir&nbsp;edib.<\/p>\n<p>X&uuml;tb\u0259d\u0259 olan \u015f\u0259xsl\u0259r t\u0259xribat&ccedil;\u0131n\u0131 hadis\u0259 yerind\u0259n uzaqla\u015fd\u0131r\u0131blar.<\/p>\n<p>Hadis\u0259 il\u0259 ba\u011fl\u0131 x&uuml;tb\u0259 zaman\u0131 dan\u0131\u015fan Hac\u0131 \u015eahin deyib:<\/p>\n<p>&ldquo;Bel\u0259 \u015feyl\u0259r olur. Narahatl\u0131\u011fa he&ccedil; bir \u0259sas yoxdur. \u0130nsanlar\u0131n fikirl\u0259rini ifad\u0259 etm\u0259si m&uuml;mk&uuml;nd&uuml;r. Amma bu \u015f\u0259kild\u0259 yox. \u0130st\u0259nil\u0259n suala h\u0259mi\u015f\u0259 cavab verm\u0259y\u0259 haz\u0131r\u0131q. Sad\u0259c\u0259 normal \u015f\u0259kild\u0259 bu suallar biz\u0259 &uuml;nvanlanmal\u0131d\u0131r. M\u0259n bu suallar\u0131 h\u0259mi\u015f\u0259 cavabland\u0131rma\u011fa haz\u0131ram. Bu \u015f\u0259kild\u0259 n\u0259y\u0259s\u0259 fikir bildirm\u0259k x&uuml;tb\u0259 zaman\u0131 yanl\u0131\u015fd\u0131r&rdquo;.&nbsp;<\/p>\n<p>&nbsp;<\/p>\n","protected":false},"excerpt":{"rendered":"<p>Qafqaz M&uuml;s\u0259lmanlar\u0131 \u0130dar\u0259sinin (QM\u0130) s\u0259lahiyy\u0259tli n&uuml;may\u0259nd\u0259si, &ldquo;M\u0259\u015f\u0259di Dada\u015f&rdquo; m\u0259scidind\u0259 imam-camaat\u0131 Hac\u0131 \u015eahin H\u0259s\u0259nli c&uuml;m\u0259 x&uuml;tb\u0259si zaman\u0131 ba\u015f ver\u0259n hadis\u0259d\u0259n dan\u0131\u015f\u0131b.&nbsp; &ldquo;Qafqazinfo&rdquo;ya a&ccedil;\u0131qlama ver\u0259n Hac\u0131 \u015eahin qeyd edib ki, x&uuml;tb\u0259 zaman\u0131&hellip;<\/p>\n","protected":false},"author":1,"featured_media":251278,"comment_status":"open","ping_status":"open","sticky":false,"template":"","format":"standard","meta":{"_lmt_disableupdate":"","_lmt_disable":"","footnotes":""},"categories":[],"tags":[],"class_list":["post-145134","post","type-post","status-publish","format-standard","has-post-thumbnail","hentry"],"_links":{"self":[{"href":"https:\/\/ucnoqta.az\/index.php?rest_route=\/wp\/v2\/posts\/145134","targetHints":{"allow":["GET"]}}],"collection":[{"href":"https:\/\/ucnoqta.az\/index.php?rest_route=\/wp\/v2\/posts"}],"about":[{"href":"https:\/\/ucnoqta.az\/index.php?rest_route=\/wp\/v2\/types\/post"}],"author":[{"embeddable":true,"href":"https:\/\/ucnoqta.az\/index.php?rest_route=\/wp\/v2\/users\/1"}],"replies":[{"embeddable":true,"href":"https:\/\/ucnoqta.az\/index.php?rest_route=%2Fwp%2Fv2%2Fcomments&post=145134"}],"version-history":[{"count":0,"href":"https:\/\/ucnoqta.az\/index.php?rest_route=\/wp\/v2\/posts\/145134\/revisions"}],"wp:featuredmedia":[{"embeddable":true,"href":"https:\/\/ucnoqta.az\/index.php?rest_route=\/wp\/v2\/media\/251278"}],"wp:attachment":[{"href":"https:\/\/ucnoqta.az\/index.php?rest_route=%2Fwp%2Fv2%2Fmedia&parent=145134"}],"wp:term":[{"taxonomy":"category","embeddable":true,"href":"https:\/\/ucnoqta.az\/index.php?rest_route=%2Fwp%2Fv2%2Fcategories&post=145134"},{"taxonomy":"post_tag","embeddable":true,"href":"https:\/\/ucnoqta.az\/index.php?rest_route=%2Fwp%2Fv2%2Ftags&post=145134"}],"curies":[{"name":"wp","href":"https:\/\/api.w.org\/{rel}","templated":true}]}}