{"id":145132,"date":"2022-04-01T14:14:55","date_gmt":"2022-04-01T10:14:55","guid":{"rendered":""},"modified":"-0001-11-30T00:00:00","modified_gmt":"-0001-11-29T20:00:00","slug":"","status":"publish","type":"post","link":"https:\/\/ucnoqta.az\/?p=145132","title":{"rendered":"Afrika s\u0259hralar\u0131ndan Bak\u0131ya g\u0259l\u0259n toz-duman n\u0259 q\u0259d\u0259r davam ed\u0259c\u0259k? &#8211;<font color=red><b> A\u00c7IQLAMA<\/b><\/font>"},"content":{"rendered":"<p><strong>&ldquo;Peyk g&ouml;r&uuml;nt&uuml;l\u0259rin\u0259 \u0259sas\u0259n, bu g&uuml;n &ouml;lk\u0259 \u0259razisin\u0259 c\u0259nub-q\u0259rb istiqam\u0259tli hava ax\u0131nlar\u0131 il\u0259 Afrika s\u0259hralar\u0131ndan toz k&uuml;tl\u0259l\u0259ri daxil olub&rdquo;.<\/strong><\/p>\n<p>Bunu Ekologiya v\u0259 T\u0259bii S\u0259rv\u0259tl\u0259r Nazirliyinin Milli Hidrometeorologiya Xidm\u0259tinin \u0259m\u0259kda\u015f\u0131 G&uuml;lnar\u0259 Abbasova bildirib.<\/p>\n<p>Onun s&ouml;zl\u0259rin\u0259 g&ouml;r\u0259, haz\u0131rda Bak\u0131 \u015f\u0259h\u0259rind\u0259 tozun miqdar\u0131n\u0131n normadan 10 faiz &ccedil;ox oldu\u011fu m&uuml;\u0259yy\u0259n edilib:<\/p>\n<p>&ldquo;Lakin aprelin 2-3-d\u0259 tozun konsentrasiyas\u0131 daha da artacaq. Toz duman\u0131n\u0131n q\u0131sa m&uuml;dd\u0259td\u0259 davam ed\u0259c\u0259yi v\u0259 orta &ccedil;irkl\u0259nm\u0259 s\u0259viyy\u0259sinin m&uuml;\u015fahid\u0259 olunaca\u011f\u0131 g&ouml;zl\u0259nilir&rdquo;.<\/p>\n<p>Xidm\u0259t r\u0259smisinin s&ouml;zl\u0259rin\u0259 g&ouml;r\u0259, toz duman\u0131 il\u0259 ba\u011fl\u0131 transs\u0259rh\u0259d xarakterli &ccedil;irkl\u0259nm\u0259 qon\u015fu &ouml;lk\u0259l\u0259rd\u0259 d\u0259 m&uuml;\u015fahid\u0259 edilir. \u018fsas\u0259n d\u0259 T&uuml;rkiy\u0259 \u0259razisind\u0259 31 mart tarixind\u0259n ba\u015flayaraq tozla \u0259laq\u0259dar y&uuml;ks\u0259k &ccedil;irkl\u0259nm\u0259 s\u0259viyy\u0259si izl\u0259nilir:<\/p>\n<p>&ldquo;Sinoptik v\u0259ziyy\u0259tl\u0259 \u0259laq\u0259dar &ouml;lk\u0259mizd\u0259 y&uuml;ks\u0259k &ccedil;irkl\u0259nm\u0259 s\u0259viyy\u0259si proqnozla\u015fd\u0131r\u0131lm\u0131r&rdquo;.\/\/\/oxu.az<\/p>\n","protected":false},"excerpt":{"rendered":"<p>&ldquo;Peyk g&ouml;r&uuml;nt&uuml;l\u0259rin\u0259 \u0259sas\u0259n, bu g&uuml;n &ouml;lk\u0259 \u0259razisin\u0259 c\u0259nub-q\u0259rb istiqam\u0259tli hava ax\u0131nlar\u0131 il\u0259 Afrika s\u0259hralar\u0131ndan toz k&uuml;tl\u0259l\u0259ri daxil olub&rdquo;. Bunu Ekologiya v\u0259 T\u0259bii S\u0259rv\u0259tl\u0259r Nazirliyinin Milli Hidrometeorologiya Xidm\u0259tinin \u0259m\u0259kda\u015f\u0131 G&uuml;lnar\u0259 Abbasova&hellip;<\/p>\n","protected":false},"author":1,"featured_media":251278,"comment_status":"open","ping_status":"open","sticky":false,"template":"","format":"standard","meta":{"_lmt_disableupdate":"","_lmt_disable":"","footnotes":""},"categories":[101],"tags":[],"class_list":["post-145132","post","type-post","status-publish","format-standard","has-post-thumbnail","hentry","category-cemiyyet"],"_links":{"self":[{"href":"https:\/\/ucnoqta.az\/index.php?rest_route=\/wp\/v2\/posts\/145132","targetHints":{"allow":["GET"]}}],"collection":[{"href":"https:\/\/ucnoqta.az\/index.php?rest_route=\/wp\/v2\/posts"}],"about":[{"href":"https:\/\/ucnoqta.az\/index.php?rest_route=\/wp\/v2\/types\/post"}],"author":[{"embeddable":true,"href":"https:\/\/ucnoqta.az\/index.php?rest_route=\/wp\/v2\/users\/1"}],"replies":[{"embeddable":true,"href":"https:\/\/ucnoqta.az\/index.php?rest_route=%2Fwp%2Fv2%2Fcomments&post=145132"}],"version-history":[{"count":0,"href":"https:\/\/ucnoqta.az\/index.php?rest_route=\/wp\/v2\/posts\/145132\/revisions"}],"wp:featuredmedia":[{"embeddable":true,"href":"https:\/\/ucnoqta.az\/index.php?rest_route=\/wp\/v2\/media\/251278"}],"wp:attachment":[{"href":"https:\/\/ucnoqta.az\/index.php?rest_route=%2Fwp%2Fv2%2Fmedia&parent=145132"}],"wp:term":[{"taxonomy":"category","embeddable":true,"href":"https:\/\/ucnoqta.az\/index.php?rest_route=%2Fwp%2Fv2%2Fcategories&post=145132"},{"taxonomy":"post_tag","embeddable":true,"href":"https:\/\/ucnoqta.az\/index.php?rest_route=%2Fwp%2Fv2%2Ftags&post=145132"}],"curies":[{"name":"wp","href":"https:\/\/api.w.org\/{rel}","templated":true}]}}