{"id":145130,"date":"2022-04-01T14:48:43","date_gmt":"2022-04-01T10:48:43","guid":{"rendered":""},"modified":"-0001-11-30T00:00:00","modified_gmt":"-0001-11-29T20:00:00","slug":"","status":"publish","type":"post","link":"https:\/\/ucnoqta.az\/?p=145130","title":{"rendered":"Ukrayna v\u0259 Rusiya aras\u0131nda dan\u0131\u015f\u0131qlar\u0131n n\u00f6vb\u0259ti m\u0259rh\u0259l\u0259si ba\u015flay\u0131b &#8211; <font color=red><b>YEN\u0130L\u018fN\u0130B<\/b><\/font>"},"content":{"rendered":"<p><strong>Ukrayna v\u0259 Rusiya n&uuml;may\u0259nd\u0259 hey\u0259tl\u0259ri aras\u0131nda dan\u0131\u015f\u0131qlar\u0131n n&ouml;vb\u0259ti m\u0259rh\u0259l\u0259si ba\u015flay\u0131b.<\/strong><\/p>\n<p>Bunu Ukrayna Prezident Ofisinin r\u0259hb\u0259rinin m&uuml;\u015faviri Mixaylo Podolyak bildirib.<\/p>\n<p>&ldquo;Dan\u0131\u015f\u0131qlar onlayn formatda i\u015f&ccedil;i qruplar\u0131n\u0131n qo\u015fulmas\u0131 il\u0259 davam edir&rdquo;, &#8211; Prezident Ofisinin r\u0259smisi qeyd edib.<\/p>\n<p><strong>13:20<\/strong><\/p>\n<p>Ukrayna v\u0259 Rusiyan\u0131n n&uuml;may\u0259nd\u0259 hey\u0259tl\u0259ri aras\u0131nda dan\u0131\u015f\u0131qlar bu g&uuml;n davam etdiril\u0259c\u0259k.<\/p>\n<p>\nBu bar\u0259d\u0259 TASS m\u0259lumat yay\u0131b.<\/p>\n<p>Bildirilib ki, t\u0259r\u0259fl\u0259r videokonfrans formatda m&uuml;zakir\u0259l\u0259r aparacaqlar.<\/p>\n<p>Xat\u0131rladaq ki, iki &ouml;lk\u0259 aras\u0131nda dan\u0131\u015f\u0131qlar\u0131n ilk &uuml;&ccedil; raundu fevral\u0131n 28-d\u0259, mart\u0131n 3-d\u0259 v\u0259 7-d\u0259 Belarus \u0259razisind\u0259 \u0259yani \u015f\u0259kild\u0259 ke&ccedil;irilib. \u0130lk g&ouml;r&uuml;\u015f Qomel vilay\u0259tind\u0259, sonrak\u0131 iki g&ouml;r&uuml;\u015f is\u0259 Pol\u015fa il\u0259 s\u0259rh\u0259dd\u0259 yerl\u0259\u015f\u0259n Beloveja me\u015f\u0259si \u0259razisind\u0259 ba\u015f tutub. Sonrak\u0131 g&uuml;nl\u0259rd\u0259 t\u0259r\u0259fl\u0259r g&ouml;r&uuml;\u015fl\u0259ri videokonfrans format\u0131nda davam etdiribl\u0259r.<\/p>\n<p>\u0130ki &ouml;lk\u0259nin n&uuml;may\u0259nd\u0259 hey\u0259tl\u0259rinin sonuncu g&ouml;r&uuml;\u015f&uuml; mart\u0131n 29-da T&uuml;rkiy\u0259nin \u0130stanbul \u015f\u0259h\u0259rind\u0259&nbsp;ba\u015f tutub.\/\/\/report<\/p>\n","protected":false},"excerpt":{"rendered":"<p>Ukrayna v\u0259 Rusiya n&uuml;may\u0259nd\u0259 hey\u0259tl\u0259ri aras\u0131nda dan\u0131\u015f\u0131qlar\u0131n n&ouml;vb\u0259ti m\u0259rh\u0259l\u0259si ba\u015flay\u0131b. Bunu Ukrayna Prezident Ofisinin r\u0259hb\u0259rinin m&uuml;\u015faviri Mixaylo Podolyak bildirib. &ldquo;Dan\u0131\u015f\u0131qlar onlayn formatda i\u015f&ccedil;i qruplar\u0131n\u0131n qo\u015fulmas\u0131 il\u0259 davam edir&rdquo;, &#8211; Prezident&hellip;<\/p>\n","protected":false},"author":1,"featured_media":251278,"comment_status":"open","ping_status":"open","sticky":false,"template":"","format":"standard","meta":{"_lmt_disableupdate":"","_lmt_disable":"","footnotes":""},"categories":[89],"tags":[],"class_list":["post-145130","post","type-post","status-publish","format-standard","has-post-thumbnail","hentry","category-dunya-butun-xeberler"],"_links":{"self":[{"href":"https:\/\/ucnoqta.az\/index.php?rest_route=\/wp\/v2\/posts\/145130","targetHints":{"allow":["GET"]}}],"collection":[{"href":"https:\/\/ucnoqta.az\/index.php?rest_route=\/wp\/v2\/posts"}],"about":[{"href":"https:\/\/ucnoqta.az\/index.php?rest_route=\/wp\/v2\/types\/post"}],"author":[{"embeddable":true,"href":"https:\/\/ucnoqta.az\/index.php?rest_route=\/wp\/v2\/users\/1"}],"replies":[{"embeddable":true,"href":"https:\/\/ucnoqta.az\/index.php?rest_route=%2Fwp%2Fv2%2Fcomments&post=145130"}],"version-history":[{"count":0,"href":"https:\/\/ucnoqta.az\/index.php?rest_route=\/wp\/v2\/posts\/145130\/revisions"}],"wp:featuredmedia":[{"embeddable":true,"href":"https:\/\/ucnoqta.az\/index.php?rest_route=\/wp\/v2\/media\/251278"}],"wp:attachment":[{"href":"https:\/\/ucnoqta.az\/index.php?rest_route=%2Fwp%2Fv2%2Fmedia&parent=145130"}],"wp:term":[{"taxonomy":"category","embeddable":true,"href":"https:\/\/ucnoqta.az\/index.php?rest_route=%2Fwp%2Fv2%2Fcategories&post=145130"},{"taxonomy":"post_tag","embeddable":true,"href":"https:\/\/ucnoqta.az\/index.php?rest_route=%2Fwp%2Fv2%2Ftags&post=145130"}],"curies":[{"name":"wp","href":"https:\/\/api.w.org\/{rel}","templated":true}]}}